{"id":207,"date":"2021-03-08T15:00:32","date_gmt":"2021-03-08T14:00:32","guid":{"rendered":"https:\/\/kulturweit.blog\/picknickmitbaeren\/?p=207"},"modified":"2021-03-08T19:20:04","modified_gmt":"2021-03-08T18:20:04","slug":"die-karpaten-im-schnee-nebel-und-sonnenschein","status":"publish","type":"post","link":"https:\/\/kulturweit.blog\/picknickmitbaeren\/2021\/03\/08\/die-karpaten-im-schnee-nebel-und-sonnenschein\/","title":{"rendered":"Die Karpaten im Schnee, Nebel und Sonnenschein"},"content":{"rendered":"<p>Der Februar in Siebenb\u00fcrgen stand f\u00fcr mich unter dem Motto <em>Wandern.\u00a0<\/em><\/p>\n<p>Zusammen mit einem Freund von mir, der selbsternannter Wanderf\u00fchrer ist, bin ich gleich zu Beginn des Monats zum K\u00f6nigssteig, etwa 30 Minuten von Brasov gefahren.<\/p>\n<p>An diesem Tag hat es geschneit wie verr\u00fcckt und die Temperaturen sind nochmal auf fast schon zweistellige Minusgrade gesunken. Lebt man so zentral in den Karpaten, kommt man eigentlich nicht darum herum, regelm\u00e4\u00dfige Ausfl\u00fcge in die Berge zu machen und die unber\u00fchrte Natur zu genie\u00dfen, selbst wenn das Wetter ungem\u00fctlich ist.<\/p>\n<p><a href=\"https:\/\/kulturweit.blog\/picknickmitbaeren\/files\/2021\/03\/20210215_093729.jpg\"><img loading=\"lazy\" decoding=\"async\" class=\"alignnone size-medium wp-image-209\" src=\"https:\/\/kulturweit.blog\/picknickmitbaeren\/files\/2021\/03\/20210215_093729-300x225.jpg\" alt=\"\" width=\"300\" height=\"225\" srcset=\"https:\/\/kulturweit.blog\/picknickmitbaeren\/files\/2021\/03\/20210215_093729-300x225.jpg 300w, https:\/\/kulturweit.blog\/picknickmitbaeren\/files\/2021\/03\/20210215_093729-768x576.jpg 768w, https:\/\/kulturweit.blog\/picknickmitbaeren\/files\/2021\/03\/20210215_093729-624x468.jpg 624w, https:\/\/kulturweit.blog\/picknickmitbaeren\/files\/2021\/03\/20210215_093729.jpg 1024w\" sizes=\"(max-width: 300px) 100vw, 300px\" \/><\/a><\/p>\n<p><a href=\"https:\/\/kulturweit.blog\/picknickmitbaeren\/files\/2021\/03\/20210215_093726.jpg\"><img loading=\"lazy\" decoding=\"async\" class=\"alignnone size-medium wp-image-210\" src=\"https:\/\/kulturweit.blog\/picknickmitbaeren\/files\/2021\/03\/20210215_093726-300x225.jpg\" alt=\"\" width=\"300\" height=\"225\" srcset=\"https:\/\/kulturweit.blog\/picknickmitbaeren\/files\/2021\/03\/20210215_093726-300x225.jpg 300w, https:\/\/kulturweit.blog\/picknickmitbaeren\/files\/2021\/03\/20210215_093726-768x576.jpg 768w, https:\/\/kulturweit.blog\/picknickmitbaeren\/files\/2021\/03\/20210215_093726-624x468.jpg 624w, https:\/\/kulturweit.blog\/picknickmitbaeren\/files\/2021\/03\/20210215_093726.jpg 1024w\" sizes=\"(max-width: 300px) 100vw, 300px\" \/><\/a><\/p>\n<p>Der Schnee war so hoch, dass wir immer wieder bis zu den Knien eingesunken sind. Die kalten Temperaturen wurden hier auf dem Berg durch einen extrem frischen Wind verst\u00e4rkt und am Anfang schneite es ununterbrochen. Kurz gesagt, es war die perfekte Winterwanderung!<\/p>\n<p><a href=\"https:\/\/kulturweit.blog\/picknickmitbaeren\/files\/2021\/03\/20210215_100806.jpg\"><img loading=\"lazy\" decoding=\"async\" class=\"alignnone size-medium wp-image-211\" src=\"https:\/\/kulturweit.blog\/picknickmitbaeren\/files\/2021\/03\/20210215_100806-300x400.jpg\" alt=\"\" width=\"300\" height=\"400\" srcset=\"https:\/\/kulturweit.blog\/picknickmitbaeren\/files\/2021\/03\/20210215_100806-300x400.jpg 300w, https:\/\/kulturweit.blog\/picknickmitbaeren\/files\/2021\/03\/20210215_100806-624x832.jpg 624w, https:\/\/kulturweit.blog\/picknickmitbaeren\/files\/2021\/03\/20210215_100806.jpg 768w\" sizes=\"(max-width: 300px) 100vw, 300px\" \/><\/a><\/p>\n<p>Der Aufstieg zum K\u00f6nigsteig war nicht ganz einfach, vorallem, weil durch die niedrigen Temperaturen auch die Luft vergleichsweise d\u00fcnn erschien. Ab einer bestimmten H\u00f6he lichteten sich die Wolken und die ersten Sonnenstrahlen fielen auf den frisch gefallenen Schnee.<\/p>\n<p>Unser Ziel war eine H\u00fctte mitten im <em><span lang=\"ro\">Parcul na\u021bional Piatra Craiului, <\/span><\/em><span lang=\"ro\">wo wir eine Pause mit selbstgemachten Erdnussb\u00e4llchen und hei\u00dfem Tee machten. Auch von hier war der Blick auf das wei\u00dfe Panorama wieder \u00fcberw\u00e4ltigend.<br \/>\n<\/span><\/p>\n<p><span lang=\"ro\"><a href=\"https:\/\/kulturweit.blog\/picknickmitbaeren\/files\/2021\/03\/20210215_104037.jpg\"><img loading=\"lazy\" decoding=\"async\" class=\"alignnone size-medium wp-image-212\" src=\"https:\/\/kulturweit.blog\/picknickmitbaeren\/files\/2021\/03\/20210215_104037-300x225.jpg\" alt=\"\" width=\"300\" height=\"225\" srcset=\"https:\/\/kulturweit.blog\/picknickmitbaeren\/files\/2021\/03\/20210215_104037-300x225.jpg 300w, https:\/\/kulturweit.blog\/picknickmitbaeren\/files\/2021\/03\/20210215_104037-768x576.jpg 768w, https:\/\/kulturweit.blog\/picknickmitbaeren\/files\/2021\/03\/20210215_104037-624x468.jpg 624w, https:\/\/kulturweit.blog\/picknickmitbaeren\/files\/2021\/03\/20210215_104037.jpg 1024w\" sizes=\"(max-width: 300px) 100vw, 300px\" \/><\/a><\/span><em><span lang=\"ro\"><br \/>\n<\/span><\/em><\/p>\n<p>Der Abstieg ging wesentlich schneller, als der Aufstieg, auch weil wir ab einem gewissen Punkt ungebremst den Hang runter rannten und \u00fcber spiegelglatte Eisfl\u00e4chen schlitterten . Nat\u00fcrlich durften bei all dem Schnee auch kreative Zeichnungen nicht fehlen. Nach den Gesichtsdrucken auf der Parkbank in Ruse, folgt hier nun ein Schneeengel mit Bergblick.<\/p>\n<p><a href=\"https:\/\/kulturweit.blog\/picknickmitbaeren\/files\/2021\/03\/20210215_111642.jpg\"><img loading=\"lazy\" decoding=\"async\" class=\"alignnone size-medium wp-image-213\" src=\"https:\/\/kulturweit.blog\/picknickmitbaeren\/files\/2021\/03\/20210215_111642-300x400.jpg\" alt=\"\" width=\"300\" height=\"400\" srcset=\"https:\/\/kulturweit.blog\/picknickmitbaeren\/files\/2021\/03\/20210215_111642-300x400.jpg 300w, https:\/\/kulturweit.blog\/picknickmitbaeren\/files\/2021\/03\/20210215_111642-624x832.jpg 624w, https:\/\/kulturweit.blog\/picknickmitbaeren\/files\/2021\/03\/20210215_111642.jpg 768w\" sizes=\"(max-width: 300px) 100vw, 300px\" \/><\/a><\/p>\n<p>Daneben standen im Verlauf der folgenden Wochen auch noch einige Aufstiege zur Zinne an, die die Begegnungen mit einem Fuchs, flauschigen Raupen und etlichen Singv\u00f6geln bereit hielten und als Training f\u00fcr das letzte Februarwochenende dienten.<\/p>\n<p>Mit drei weiteren Freiwilligen traf ich mich daf\u00fcr in Cluj, um von hier aus im Apuseni-Nationalpark wandern zu gehen. Nach einer langen Zugfahrt voller spannender Gespr\u00e4che mit Mitreisenden, erreichte ich am Freitag sehr sp\u00e4t Cluj-Napoca. Da blieb dann gerade noch Zeit, um mich \u00fcber das Wiedersehen mit Nicole und Fynn zu freuen, bevor wir versuchten, etwas Schlaf f\u00fcr den folgenden Tag zu tanken.<\/p>\n<p>Samstags ging es in aller Fr\u00fche per Auto, durch dichten Nebel in Richtung Nationalpark. Die Serpentinen der Stra\u00dfe f\u00fchrten uns zwischen all den B\u00e4umen, vorbei an einem gigantischen Stausee, Schluchten, halblegalen Anglern und unber\u00fchrten Dorfgemeinden.<\/p>\n<div id=\"attachment_218\" style=\"width: 310px\" class=\"wp-caption alignnone\"><a href=\"https:\/\/kulturweit.blog\/picknickmitbaeren\/files\/2021\/03\/photo5346048327541699166.jpg\"><img loading=\"lazy\" decoding=\"async\" aria-describedby=\"caption-attachment-218\" class=\"wp-image-218 size-medium\" src=\"https:\/\/kulturweit.blog\/picknickmitbaeren\/files\/2021\/03\/photo5346048327541699166-300x533.jpg\" alt=\"\" width=\"300\" height=\"533\" srcset=\"https:\/\/kulturweit.blog\/picknickmitbaeren\/files\/2021\/03\/photo5346048327541699166-300x533.jpg 300w, https:\/\/kulturweit.blog\/picknickmitbaeren\/files\/2021\/03\/photo5346048327541699166-576x1024.jpg 576w, https:\/\/kulturweit.blog\/picknickmitbaeren\/files\/2021\/03\/photo5346048327541699166-624x1109.jpg 624w, https:\/\/kulturweit.blog\/picknickmitbaeren\/files\/2021\/03\/photo5346048327541699166.jpg 720w\" sizes=\"(max-width: 300px) 100vw, 300px\" \/><\/a><p id=\"caption-attachment-218\" class=\"wp-caption-text\">Das Alter der B\u00e4ume l\u00e4sst sich nur schwer erraten, aber durch die Gr\u00f6\u00dfe der riesigen Nadelb\u00e4ume bekommt man eine leise Vorahnung.<\/p><\/div>\n<p>Der Nationalpark wurde in den 90er Jahren gegr\u00fcndet und Anfang der 2000er zum Naturschutzgebiet erkl\u00e4rt. Wir durchquerten den Park auf der Ostseite von Norden nach S\u00fcden, um nach Sc\u0103ri\u0219oara zu gelangen. Bestimmt ginge die Fahrt auch schneller zu bew\u00e4ltigen, doch mit einigen Panoramastops und falschen Abstechern auf unbefestigten Wegen, kamen wir erst knappe f\u00fcnf Stunden sp\u00e4ter an unserem Ausgangspunkt an. Die zerschlissene Kalksteinlandschaft der Karpaten, voller Fl\u00fcsse und B\u00e4che, die sich entlang steiler Klippen schl\u00e4ngeln lie\u00dfen uns immer wieder innehalten und sie bewundern.<\/p>\n<div id=\"attachment_219\" style=\"width: 310px\" class=\"wp-caption alignnone\"><a href=\"https:\/\/kulturweit.blog\/picknickmitbaeren\/files\/2021\/03\/photo5346048327541699157.jpg\"><img loading=\"lazy\" decoding=\"async\" aria-describedby=\"caption-attachment-219\" class=\"wp-image-219 size-medium\" src=\"https:\/\/kulturweit.blog\/picknickmitbaeren\/files\/2021\/03\/photo5346048327541699157-300x400.jpg\" alt=\"\" width=\"300\" height=\"400\" srcset=\"https:\/\/kulturweit.blog\/picknickmitbaeren\/files\/2021\/03\/photo5346048327541699157-300x400.jpg 300w, https:\/\/kulturweit.blog\/picknickmitbaeren\/files\/2021\/03\/photo5346048327541699157-624x832.jpg 624w, https:\/\/kulturweit.blog\/picknickmitbaeren\/files\/2021\/03\/photo5346048327541699157.jpg 768w\" sizes=\"(max-width: 300px) 100vw, 300px\" \/><\/a><p id=\"caption-attachment-219\" class=\"wp-caption-text\">Je weiter und h\u00f6her wir im Park kamen, umso mehr Schnee und Eis h\u00e4ufte sich an der Stra\u00dfe und in den W\u00e4ldern an.<\/p><\/div>\n<div id=\"attachment_220\" style=\"width: 310px\" class=\"wp-caption alignnone\"><a href=\"https:\/\/kulturweit.blog\/picknickmitbaeren\/files\/2021\/03\/photo5346048327541699156.jpg\"><img loading=\"lazy\" decoding=\"async\" aria-describedby=\"caption-attachment-220\" class=\"wp-image-220 size-medium\" src=\"https:\/\/kulturweit.blog\/picknickmitbaeren\/files\/2021\/03\/photo5346048327541699156-300x400.jpg\" alt=\"\" width=\"300\" height=\"400\" srcset=\"https:\/\/kulturweit.blog\/picknickmitbaeren\/files\/2021\/03\/photo5346048327541699156-300x400.jpg 300w, https:\/\/kulturweit.blog\/picknickmitbaeren\/files\/2021\/03\/photo5346048327541699156-624x832.jpg 624w, https:\/\/kulturweit.blog\/picknickmitbaeren\/files\/2021\/03\/photo5346048327541699156.jpg 768w\" sizes=\"(max-width: 300px) 100vw, 300px\" \/><\/a><p id=\"caption-attachment-220\" class=\"wp-caption-text\">Irgendwann hatte sich der Nebel auch restlos verzogen und die Sonne pr\u00e4sentierte den Park in seiner vollen Pracht.<\/p><\/div>\n<p>Dann begann unsere eigentliche Wanderung, gl\u00fccklicherweise im Sonnenschein. Gefrorene Quellen hatten bizarre Eisformen an den Felsen hinterlassen, die wir entdeckten, als wir entlang einer beeindruckenden Steinschlucht zur Fledermaush\u00f6hle liefen.<\/p>\n<p><a href=\"https:\/\/kulturweit.blog\/picknickmitbaeren\/files\/2021\/03\/photo5346048327541699158.jpg\"><img loading=\"lazy\" decoding=\"async\" class=\"alignnone size-medium wp-image-226\" src=\"https:\/\/kulturweit.blog\/picknickmitbaeren\/files\/2021\/03\/photo5346048327541699158-300x400.jpg\" alt=\"\" width=\"300\" height=\"400\" srcset=\"https:\/\/kulturweit.blog\/picknickmitbaeren\/files\/2021\/03\/photo5346048327541699158-300x400.jpg 300w, https:\/\/kulturweit.blog\/picknickmitbaeren\/files\/2021\/03\/photo5346048327541699158-624x832.jpg 624w, https:\/\/kulturweit.blog\/picknickmitbaeren\/files\/2021\/03\/photo5346048327541699158.jpg 768w\" sizes=\"(max-width: 300px) 100vw, 300px\" \/><\/a><\/p>\n<div id=\"attachment_222\" style=\"width: 310px\" class=\"wp-caption alignnone\"><a href=\"https:\/\/kulturweit.blog\/picknickmitbaeren\/files\/2021\/03\/photo5346048327541699159.jpg\"><img loading=\"lazy\" decoding=\"async\" aria-describedby=\"caption-attachment-222\" class=\"wp-image-222 size-medium\" src=\"https:\/\/kulturweit.blog\/picknickmitbaeren\/files\/2021\/03\/photo5346048327541699159-300x400.jpg\" alt=\"\" width=\"300\" height=\"400\" srcset=\"https:\/\/kulturweit.blog\/picknickmitbaeren\/files\/2021\/03\/photo5346048327541699159-300x400.jpg 300w, https:\/\/kulturweit.blog\/picknickmitbaeren\/files\/2021\/03\/photo5346048327541699159-624x832.jpg 624w, https:\/\/kulturweit.blog\/picknickmitbaeren\/files\/2021\/03\/photo5346048327541699159.jpg 768w\" sizes=\"(max-width: 300px) 100vw, 300px\" \/><\/a><p id=\"caption-attachment-222\" class=\"wp-caption-text\">Das Eis erinnerte mich mit seiner glatten und vollkommenen Struktur an eine sehr gro\u00dfe Milchglaskonstruktion. Auch wenn das Wasser wohl wesentlich sch\u00f6ner ist.<\/p><\/div>\n<p><a href=\"https:\/\/kulturweit.blog\/picknickmitbaeren\/files\/2021\/03\/photo5346048327541699160.jpg\"><img loading=\"lazy\" decoding=\"async\" class=\"alignnone size-medium wp-image-221\" src=\"https:\/\/kulturweit.blog\/picknickmitbaeren\/files\/2021\/03\/photo5346048327541699160-300x400.jpg\" alt=\"\" width=\"300\" height=\"400\" srcset=\"https:\/\/kulturweit.blog\/picknickmitbaeren\/files\/2021\/03\/photo5346048327541699160-300x400.jpg 300w, https:\/\/kulturweit.blog\/picknickmitbaeren\/files\/2021\/03\/photo5346048327541699160-624x832.jpg 624w, https:\/\/kulturweit.blog\/picknickmitbaeren\/files\/2021\/03\/photo5346048327541699160.jpg 768w\" sizes=\"(max-width: 300px) 100vw, 300px\" \/><\/a><\/p>\n<div id=\"attachment_223\" style=\"width: 310px\" class=\"wp-caption alignnone\"><a href=\"https:\/\/kulturweit.blog\/picknickmitbaeren\/files\/2021\/03\/photo5346048327541699161.jpg\"><img loading=\"lazy\" decoding=\"async\" aria-describedby=\"caption-attachment-223\" class=\"wp-image-223 size-medium\" src=\"https:\/\/kulturweit.blog\/picknickmitbaeren\/files\/2021\/03\/photo5346048327541699161-300x400.jpg\" alt=\"\" width=\"300\" height=\"400\" srcset=\"https:\/\/kulturweit.blog\/picknickmitbaeren\/files\/2021\/03\/photo5346048327541699161-300x400.jpg 300w, https:\/\/kulturweit.blog\/picknickmitbaeren\/files\/2021\/03\/photo5346048327541699161-768x1024.jpg 768w, https:\/\/kulturweit.blog\/picknickmitbaeren\/files\/2021\/03\/photo5346048327541699161-624x832.jpg 624w, https:\/\/kulturweit.blog\/picknickmitbaeren\/files\/2021\/03\/photo5346048327541699161.jpg 960w\" sizes=\"(max-width: 300px) 100vw, 300px\" \/><\/a><p id=\"caption-attachment-223\" class=\"wp-caption-text\">An der Decke kann man die Ans\u00e4tze der gro\u00dfen Stalaktiten erkennen. Hier wurden wir ausdr\u00fccklich gewarnt, keinen unn\u00f6tigen L\u00e4rm zu verursachen, um die Steine nicht in Schwingung zu versetzen.<\/p><\/div>\n<p>Wir wurden gemeinsam mit einer rum\u00e4nischen Gro\u00dffamilie durch die hohen Steinhallen gef\u00fchrt. H\u00f6hlen wie diese, die man zahlreich im Apuseni findet, dienen verschiedenen seltenen Fledermausarten als Unterschlupf. Es gab sogar einen Teil mit unterirdischem See, dessen schwarzes Wasser auf uns keinen besonders warmen und einladenden EIndruck machte und nicht erkennen lie\u00df, was sich unter der Oberfl\u00e4che befindet.<\/p>\n<p>F\u00fcr den restlichen Nachmittag im Park genossen wir einfach nur noch die Natur und faszinierenden Bergk\u00e4mme. Trotz der Abgeschiedenheit trafen wir immer wieder auf kleine D\u00f6rfer, deren Bewohner und nat\u00fcrlich Hunde. Das Leben kommt mir hier noch sehr traditionell vor, mit vielen eigenen Nutztieren und sehr sporadischen H\u00e4usern. Irgendwie idyllisch, zwischen all den Bergen.<\/p>\n<p><a href=\"https:\/\/kulturweit.blog\/picknickmitbaeren\/files\/2021\/03\/photo5346048327541699163.jpg\"><img loading=\"lazy\" decoding=\"async\" class=\"alignnone size-medium wp-image-225\" src=\"https:\/\/kulturweit.blog\/picknickmitbaeren\/files\/2021\/03\/photo5346048327541699163-300x225.jpg\" alt=\"\" width=\"300\" height=\"225\" srcset=\"https:\/\/kulturweit.blog\/picknickmitbaeren\/files\/2021\/03\/photo5346048327541699163-300x225.jpg 300w, https:\/\/kulturweit.blog\/picknickmitbaeren\/files\/2021\/03\/photo5346048327541699163-1024x768.jpg 1024w, https:\/\/kulturweit.blog\/picknickmitbaeren\/files\/2021\/03\/photo5346048327541699163-768x576.jpg 768w, https:\/\/kulturweit.blog\/picknickmitbaeren\/files\/2021\/03\/photo5346048327541699163-624x468.jpg 624w, https:\/\/kulturweit.blog\/picknickmitbaeren\/files\/2021\/03\/photo5346048327541699163.jpg 1280w\" sizes=\"(max-width: 300px) 100vw, 300px\" \/><\/a><\/p>\n<p><a href=\"https:\/\/kulturweit.blog\/picknickmitbaeren\/files\/2021\/03\/photo5346048327541699162.jpg\"><img loading=\"lazy\" decoding=\"async\" class=\"alignnone size-medium wp-image-227\" src=\"https:\/\/kulturweit.blog\/picknickmitbaeren\/files\/2021\/03\/photo5346048327541699162-300x400.jpg\" alt=\"\" width=\"300\" height=\"400\" srcset=\"https:\/\/kulturweit.blog\/picknickmitbaeren\/files\/2021\/03\/photo5346048327541699162-300x400.jpg 300w, https:\/\/kulturweit.blog\/picknickmitbaeren\/files\/2021\/03\/photo5346048327541699162-624x832.jpg 624w, https:\/\/kulturweit.blog\/picknickmitbaeren\/files\/2021\/03\/photo5346048327541699162.jpg 768w\" sizes=\"(max-width: 300px) 100vw, 300px\" \/><\/a><\/p>\n<p>Auf der R\u00fcckfahrt nach Cluj sahen wir sogar noch einen wundersch\u00f6nen Sonnenuntergang zwischen den T\u00e4lern des Parks und schafften es letztlich das Auto unbeschadet wieder am Vermietungsb\u00fcro abzugeben.<\/p>\n<p>Es war echt sch\u00f6n, so anders in die Naturlandschaft Rum\u00e4niens einzutauchen und der Ausflug f\u00fchlte sich an, wie ein kleines Abenteuer.<\/p>\n<p>Am n\u00e4chsten Tag blieben uns noch ein paar Stunden, bevor wir zur\u00fcck in unsere St\u00e4dte fahren mussten. Diese Zeit nutzten wir, um ins Muzeon zu gehen, einem recht zentralen Museum, das sich mit der Geschichte der Juden aus Cluj besch\u00e4ftigt. Ich war schon lange nicht mehr so gefesselt von einem Museum. Wir wurden mit Audioguides durch die Ausstellung gef\u00fchrt, in denen die historischen Personen aus ihrer Perspektive berichtet haben und\u00a0 anhand verschiedener Ausstellungsst\u00fccke, die Auspr\u00e4gungen des Judentums erkl\u00e4rten.<\/p>\n<div id=\"attachment_229\" style=\"width: 310px\" class=\"wp-caption alignnone\"><a href=\"https:\/\/kulturweit.blog\/picknickmitbaeren\/files\/2021\/03\/photo5346048327541699227.jpg\"><img loading=\"lazy\" decoding=\"async\" aria-describedby=\"caption-attachment-229\" class=\"wp-image-229 size-medium\" src=\"https:\/\/kulturweit.blog\/picknickmitbaeren\/files\/2021\/03\/photo5346048327541699227-300x400.jpg\" alt=\"\" width=\"300\" height=\"400\" srcset=\"https:\/\/kulturweit.blog\/picknickmitbaeren\/files\/2021\/03\/photo5346048327541699227-300x400.jpg 300w, https:\/\/kulturweit.blog\/picknickmitbaeren\/files\/2021\/03\/photo5346048327541699227-768x1024.jpg 768w, https:\/\/kulturweit.blog\/picknickmitbaeren\/files\/2021\/03\/photo5346048327541699227-624x832.jpg 624w, https:\/\/kulturweit.blog\/picknickmitbaeren\/files\/2021\/03\/photo5346048327541699227.jpg 960w\" sizes=\"(max-width: 300px) 100vw, 300px\" \/><\/a><p id=\"caption-attachment-229\" class=\"wp-caption-text\">Auf k\u00fcnstlerische Weise wurden mit einfachen Zeichen und Symbolen so starke Aussagen verbunden, dass die Geschichten unter die Haut gingen.<\/p><\/div>\n<p><a href=\"https:\/\/kulturweit.blog\/picknickmitbaeren\/files\/2021\/03\/photo5346048327541699228.jpg\"><img loading=\"lazy\" decoding=\"async\" class=\"alignnone size-medium wp-image-231\" src=\"https:\/\/kulturweit.blog\/picknickmitbaeren\/files\/2021\/03\/photo5346048327541699228-300x400.jpg\" alt=\"\" width=\"300\" height=\"400\" srcset=\"https:\/\/kulturweit.blog\/picknickmitbaeren\/files\/2021\/03\/photo5346048327541699228-300x400.jpg 300w, https:\/\/kulturweit.blog\/picknickmitbaeren\/files\/2021\/03\/photo5346048327541699228-768x1024.jpg 768w, https:\/\/kulturweit.blog\/picknickmitbaeren\/files\/2021\/03\/photo5346048327541699228-624x832.jpg 624w, https:\/\/kulturweit.blog\/picknickmitbaeren\/files\/2021\/03\/photo5346048327541699228.jpg 960w\" sizes=\"(max-width: 300px) 100vw, 300px\" \/><\/a><\/p>\n<p>Anhand von Nachstellungen einer Synagoge, dem gedeckten Tisch am Sabbath oder VR-Brillen, die Bilder der Vergangenheit zum Greifen nah zeigten, wurde die Geschichte wieder Realit\u00e4t. Das Museum ist definitiv einen Besuch wert, wenn man nach Cluj kommt! <a href=\"https:\/\/muzeon.ro\/ro\/\">https:\/\/muzeon.ro\/ro\/<\/a><\/p>\n<p>Dann mussten wir uns leider schon trennen, weil Nicole und Fynn zum Bahnhof mussten, weshalb Lena, die in Cluj eingesetzt ist, mir nachmittags noch ein bisschen alleine ihre Stadt zeigte.<\/p>\n<p>Cluj ist so eine moderne und sch\u00f6ne Stadt! Extrem studentisch und die meisten H\u00e4user im Zentrum sind wieder ganz elegant im Jugendstil gebaut.<\/p>\n<p><a href=\"https:\/\/kulturweit.blog\/picknickmitbaeren\/files\/2021\/03\/photo5346048327541699226.jpg\"><img loading=\"lazy\" decoding=\"async\" class=\"alignnone size-medium wp-image-230\" src=\"https:\/\/kulturweit.blog\/picknickmitbaeren\/files\/2021\/03\/photo5346048327541699226-300x400.jpg\" alt=\"\" width=\"300\" height=\"400\" srcset=\"https:\/\/kulturweit.blog\/picknickmitbaeren\/files\/2021\/03\/photo5346048327541699226-300x400.jpg 300w, https:\/\/kulturweit.blog\/picknickmitbaeren\/files\/2021\/03\/photo5346048327541699226-624x832.jpg 624w, https:\/\/kulturweit.blog\/picknickmitbaeren\/files\/2021\/03\/photo5346048327541699226.jpg 768w\" sizes=\"(max-width: 300px) 100vw, 300px\" \/><\/a><\/p>\n<p><a href=\"https:\/\/kulturweit.blog\/picknickmitbaeren\/files\/2021\/03\/photo5346048327541699229.jpg\"><img loading=\"lazy\" decoding=\"async\" class=\"alignnone size-medium wp-image-232\" src=\"https:\/\/kulturweit.blog\/picknickmitbaeren\/files\/2021\/03\/photo5346048327541699229-300x400.jpg\" alt=\"\" width=\"300\" height=\"400\" srcset=\"https:\/\/kulturweit.blog\/picknickmitbaeren\/files\/2021\/03\/photo5346048327541699229-300x400.jpg 300w, https:\/\/kulturweit.blog\/picknickmitbaeren\/files\/2021\/03\/photo5346048327541699229-768x1024.jpg 768w, https:\/\/kulturweit.blog\/picknickmitbaeren\/files\/2021\/03\/photo5346048327541699229-624x832.jpg 624w, https:\/\/kulturweit.blog\/picknickmitbaeren\/files\/2021\/03\/photo5346048327541699229.jpg 960w\" sizes=\"(max-width: 300px) 100vw, 300px\" \/><\/a><\/p>\n<p>Vom kleinen Hausberg aus hat man auch einen wundervollen Blick auf die Stadt, wo sich bei gutem Wetter viele Gruppen zum Spazieren und Picknicken verabreden. Sehr cool war, dass ich von zwei Freundinnen aus Brasov am Abend wieder mit zur\u00fcck genommen werden konnte, wodurch die lange Zugfahrt bis nach Hause ausfiel. Somit endete der Februar, ganz im Namen des Wanderns, abends wieder in Brasov.<\/p>\n","protected":false},"excerpt":{"rendered":"<p>Der Februar in Siebenb\u00fcrgen stand f\u00fcr mich unter dem Motto Wandern.\u00a0 Zusammen mit einem Freund von mir, der selbsternannter Wanderf\u00fchrer ist, bin ich gleich zu Beginn des Monats zum K\u00f6nigssteig, etwa 30 Minuten von Brasov gefahren. An diesem Tag hat es geschneit wie verr\u00fcckt und die Temperaturen sind nochmal auf fast schon zweistellige Minusgrade gesunken. [&hellip;]<\/p>\n","protected":false},"author":2885,"featured_media":0,"comment_status":"open","ping_status":"open","sticky":false,"template":"","format":"standard","meta":{"footnotes":""},"categories":[21],"tags":[],"class_list":["post-207","post","type-post","status-publish","format-standard","hentry","category-allgemein"],"amp_enabled":true,"_links":{"self":[{"href":"https:\/\/kulturweit.blog\/picknickmitbaeren\/wp-json\/wp\/v2\/posts\/207"}],"collection":[{"href":"https:\/\/kulturweit.blog\/picknickmitbaeren\/wp-json\/wp\/v2\/posts"}],"about":[{"href":"https:\/\/kulturweit.blog\/picknickmitbaeren\/wp-json\/wp\/v2\/types\/post"}],"author":[{"embeddable":true,"href":"https:\/\/kulturweit.blog\/picknickmitbaeren\/wp-json\/wp\/v2\/users\/2885"}],"replies":[{"embeddable":true,"href":"https:\/\/kulturweit.blog\/picknickmitbaeren\/wp-json\/wp\/v2\/comments?post=207"}],"version-history":[{"count":3,"href":"https:\/\/kulturweit.blog\/picknickmitbaeren\/wp-json\/wp\/v2\/posts\/207\/revisions"}],"predecessor-version":[{"id":238,"href":"https:\/\/kulturweit.blog\/picknickmitbaeren\/wp-json\/wp\/v2\/posts\/207\/revisions\/238"}],"wp:attachment":[{"href":"https:\/\/kulturweit.blog\/picknickmitbaeren\/wp-json\/wp\/v2\/media?parent=207"}],"wp:term":[{"taxonomy":"category","embeddable":true,"href":"https:\/\/kulturweit.blog\/picknickmitbaeren\/wp-json\/wp\/v2\/categories?post=207"},{"taxonomy":"post_tag","embeddable":true,"href":"https:\/\/kulturweit.blog\/picknickmitbaeren\/wp-json\/wp\/v2\/tags?post=207"}],"curies":[{"name":"wp","href":"https:\/\/api.w.org\/{rel}","templated":true}]}}