{"id":179,"date":"2021-02-26T20:50:09","date_gmt":"2021-02-26T19:50:09","guid":{"rendered":"https:\/\/kulturweit.blog\/picknickmitbaeren\/?p=179"},"modified":"2021-02-26T20:50:09","modified_gmt":"2021-02-26T19:50:09","slug":"sophia-in-sofia","status":"publish","type":"post","link":"https:\/\/kulturweit.blog\/picknickmitbaeren\/2021\/02\/26\/sophia-in-sofia\/","title":{"rendered":"Sophia in Sofia"},"content":{"rendered":"<p>Meine Pl\u00e4ne \u00e4nderten sich nochmal recht spontan, als ich mich entschloss, im Anschluss an Shumen weiter in die Hauptstadt Bulgariens zu fahren.<\/p>\n<p>Also hatten Karla und ich am Mittwoch Morgen noch einen ruhigen Vormittag, den wir mit Yoga und Porridge gestalteten. Dann ging es auch schon ziemlich schnell zum Bahnhof, von wo aus mein Zug nach Sofia abfuhr. Ganz bulgarisch sind wir \u00fcber die Schienen zum Gleis gekommen, wobei die Zeit leider nicht mehr f\u00fcr einen Kaffee aus dem Automaten gereicht hat.<\/p>\n<p>Inzwischen habe ich durch die Zugfahrten in Bulgarien einiges dazu gelernt und f\u00fchle mich, als k\u00f6nnte ich ein ganz passables Handbuch mit Tipps und Tricks verfassen. Hier mal die Top 3:<\/p>\n<ol>\n<li>Man muss sich in einem Abteil nur so gro\u00dffl\u00e4chig ausbreiten, dass es so wirkt, als w\u00e4ren noch mindestens f\u00fcnf andere Personen bei einem, die sich gerade die Beine vertreten sind. Eigentlich eine ziemlich alte Methode, aber dennoch sehr wirksam! Das hat auf meiner Fahrt so lange gut funktioniert, bis eine \u00e4ltere Dame mich durchschaute und zielgerichtet bei mir Platz nahm.<\/li>\n<li>Die bulgarischen Z\u00fcge stellen im Winter einen g\u00fcnstigen Ersatz f\u00fcr Saunabesuche dar. Deshalb sollte man sich dringend ein Abteil suchen, bei dem die Fenster zu \u00f6ffnen sind&#8230;\n<p><div id=\"attachment_181\" style=\"width: 310px\" class=\"wp-caption alignnone\"><a href=\"https:\/\/kulturweit.blog\/picknickmitbaeren\/files\/2021\/02\/20210203_134805.jpg\"><img loading=\"lazy\" decoding=\"async\" aria-describedby=\"caption-attachment-181\" class=\"wp-image-181 size-medium\" src=\"https:\/\/kulturweit.blog\/picknickmitbaeren\/files\/2021\/02\/20210203_134805-300x400.jpg\" alt=\"\" width=\"300\" height=\"400\" srcset=\"https:\/\/kulturweit.blog\/picknickmitbaeren\/files\/2021\/02\/20210203_134805-300x400.jpg 300w, https:\/\/kulturweit.blog\/picknickmitbaeren\/files\/2021\/02\/20210203_134805-624x832.jpg 624w, https:\/\/kulturweit.blog\/picknickmitbaeren\/files\/2021\/02\/20210203_134805.jpg 768w\" sizes=\"(max-width: 300px) 100vw, 300px\" \/><\/a><p id=\"caption-attachment-181\" class=\"wp-caption-text\">Sollte das Fenster nicht von selbst auf bleiben, nimmt man am besten seinen Rucksack und bindet ihn daran fest. EIn Trick, den ich von Karla gelernt habe.<\/p><\/div><\/li>\n<li>Wirklich praktisch ist, dass man sich sein Ticket auch erst im Zug kaufen kann. Daf\u00fcr braucht man aber in jedem Fall Bargeld und eine gute Orientierung, da weder Zeiten noch genaue Orte f\u00fcr die Umstiege angegeben werden.<\/li>\n<\/ol>\n<p>Die Fahrt bis nach Sofia (<span lang=\"bg\">\u0421\u043e\u0444\u0438\u044f im kyrillischen) dauerte knapp sechs Stunden. Zu Beginn hielten sich noch dichte Nebelfelder, die mich auch schon bei den letzten Fahrten begleitet hatten, bis pl\u00f6tzlich hinter einem Tunnel die Wolken aufrissen. Hier ver\u00e4nderte sich die Landschaft auch schlagartig. Im Gegensatz zu den flachen, geschwungenen Feldern aus der Gegend zwischen Ruse und Varna, erhoben sich nun lauter Steilklippen. Deren gezackten Einkerbungen warfen in der tiefstehenden Sonne lange Schatten.<br \/>\n<\/span><\/p>\n<p><span lang=\"bg\"> <a href=\"https:\/\/kulturweit.blog\/picknickmitbaeren\/files\/2021\/02\/20210203_161804.jpg\"><img loading=\"lazy\" decoding=\"async\" class=\"alignnone size-medium wp-image-183\" src=\"https:\/\/kulturweit.blog\/picknickmitbaeren\/files\/2021\/02\/20210203_161804-300x225.jpg\" alt=\"\" width=\"300\" height=\"225\" srcset=\"https:\/\/kulturweit.blog\/picknickmitbaeren\/files\/2021\/02\/20210203_161804-300x225.jpg 300w, https:\/\/kulturweit.blog\/picknickmitbaeren\/files\/2021\/02\/20210203_161804-768x576.jpg 768w, https:\/\/kulturweit.blog\/picknickmitbaeren\/files\/2021\/02\/20210203_161804-624x468.jpg 624w, https:\/\/kulturweit.blog\/picknickmitbaeren\/files\/2021\/02\/20210203_161804.jpg 1024w\" sizes=\"(max-width: 300px) 100vw, 300px\" \/><\/a><br \/>\n<\/span><\/p>\n<p>Besonders sch\u00f6n war der Ausblick, als der Zug sich entlang des Flusses Iskars durch die Schluchten schl\u00e4ngelte. Reiher und andere Wasserv\u00f6gel tummelten sich hier im seichten Wasser und die Ortschaften, durch die wir fuhren, wurden immer \u00fcberschaubarer und seltener.<\/p>\n<p>Karla hat mal sehr treffend gesagt, dass das Rattern der bulgarischen Z\u00fcge ihrem Herzschlag entspr\u00e4che. So eine Verbundenheit zum Schienenverkehr in Bulgarien kann man aber auch verdammt schnell aufbauen, wenn man unber\u00fchrte Landschaften, sehr traditionelle D\u00f6rfer und unz\u00e4hlige Bahnh\u00f6fe an sich verbei ziehen sieht. Unfassbar cool finde ich immernoch die Fenster, die einem erlauben, seinen Kopf in den Fahrtwind zu strecken, frische Luft zu schnappen und die Gedanken durchpusten zu lassen.<\/p>\n<p>Bei meiner v\u00f6lligen Begeisterung \u00fcber die Landschaft vor Sofia hatte die alte Dame in meinem Abteil nur ein ganz schwaches L\u00e4cheln \u00fcbrig. Wer wei\u00df, wie oft sie die Strecke schon gefahren ist, aber ich kann mir eigentlich nicht vorstellen, dass das Staunen dar\u00fcber irgendwann aufh\u00f6rt.<\/p>\n<p><a href=\"https:\/\/kulturweit.blog\/picknickmitbaeren\/files\/2021\/02\/20210203_161218.jpg\"><img loading=\"lazy\" decoding=\"async\" class=\"alignnone size-medium wp-image-182\" src=\"https:\/\/kulturweit.blog\/picknickmitbaeren\/files\/2021\/02\/20210203_161218-300x225.jpg\" alt=\"\" width=\"300\" height=\"225\" srcset=\"https:\/\/kulturweit.blog\/picknickmitbaeren\/files\/2021\/02\/20210203_161218-300x225.jpg 300w, https:\/\/kulturweit.blog\/picknickmitbaeren\/files\/2021\/02\/20210203_161218-768x576.jpg 768w, https:\/\/kulturweit.blog\/picknickmitbaeren\/files\/2021\/02\/20210203_161218-624x468.jpg 624w, https:\/\/kulturweit.blog\/picknickmitbaeren\/files\/2021\/02\/20210203_161218.jpg 1024w\" sizes=\"(max-width: 300px) 100vw, 300px\" \/><\/a><a href=\"https:\/\/kulturweit.blog\/picknickmitbaeren\/files\/2021\/02\/20210203_165915.jpg\"><img loading=\"lazy\" decoding=\"async\" class=\"alignnone size-medium wp-image-184\" src=\"https:\/\/kulturweit.blog\/picknickmitbaeren\/files\/2021\/02\/20210203_165915-300x225.jpg\" alt=\"\" width=\"300\" height=\"225\" srcset=\"https:\/\/kulturweit.blog\/picknickmitbaeren\/files\/2021\/02\/20210203_165915-300x225.jpg 300w, https:\/\/kulturweit.blog\/picknickmitbaeren\/files\/2021\/02\/20210203_165915-768x576.jpg 768w, https:\/\/kulturweit.blog\/picknickmitbaeren\/files\/2021\/02\/20210203_165915-624x468.jpg 624w, https:\/\/kulturweit.blog\/picknickmitbaeren\/files\/2021\/02\/20210203_165915.jpg 1024w\" sizes=\"(max-width: 300px) 100vw, 300px\" \/><\/a><\/p>\n<div id=\"attachment_187\" style=\"width: 310px\" class=\"wp-caption alignnone\"><a href=\"https:\/\/kulturweit.blog\/picknickmitbaeren\/files\/2021\/02\/20210203_180023.jpg\"><img loading=\"lazy\" decoding=\"async\" aria-describedby=\"caption-attachment-187\" class=\"wp-image-187 size-medium\" src=\"https:\/\/kulturweit.blog\/picknickmitbaeren\/files\/2021\/02\/20210203_180023-300x225.jpg\" alt=\"\" width=\"300\" height=\"225\" srcset=\"https:\/\/kulturweit.blog\/picknickmitbaeren\/files\/2021\/02\/20210203_180023-300x225.jpg 300w, https:\/\/kulturweit.blog\/picknickmitbaeren\/files\/2021\/02\/20210203_180023-768x576.jpg 768w, https:\/\/kulturweit.blog\/picknickmitbaeren\/files\/2021\/02\/20210203_180023-624x468.jpg 624w, https:\/\/kulturweit.blog\/picknickmitbaeren\/files\/2021\/02\/20210203_180023.jpg 1024w\" sizes=\"(max-width: 300px) 100vw, 300px\" \/><\/a><p id=\"caption-attachment-187\" class=\"wp-caption-text\">Der Sonnenuntergang, kurz vor der Ankunft in Sofia.<\/p><\/div>\n<p>Als der Zug in Sofia einfuhr war ich erstmal ein wenig misstrauisch, da nirgends Schilder aushingen, die angaben, an welchem Bahnhof man sich befindet. Nachdem Karla und ich einmal falsch ausgestiegen sind, wollte ich den gleichen Fehler nicht nochmal machen. Da sich der Zug aber zusehends leerte, folgte ich den anderen auf den Bahnsteig.<\/p>\n<p>Meine Verwirrung \u00fcber die Ausschilderung des Bahnhofes war wohl gerechtfertigt, da Elias, der mich abholte und ich ziemlich lange brauchten, bis wir uns gefunden hatten. Dann aber konnten wir los und auf dem Weg durch die Stadt, habe ich direkt die erste Stadtf\u00fchrung bekommen.<\/p>\n<p>In den letzten Tagen war ich schon ziemlich reiz\u00fcberflutet gewesen, von dem Bulgarien, das ich kennenlernen durfte. Hier in der Hauptstadt wurde das umso mehr verst\u00e4rkt. In den Parks tummelten sich Gruppen von jungen Leuten, \u00fcberall spielte Musik. Lichtinstallationen an H\u00e4userw\u00e4nden, machen die Stra\u00dfenbeleuchtung mit Kaffeeautomaten unn\u00f6tig. Die Mannigfaltigkeit meiner geliebten Snackstores ist sehr zu meiner Freude exponentiell gesteigert und die H\u00e4user im Zentrum der Hauptstadt sind wundervoll bunt gestaltet und reihen sich abwechselnd an historische Monumente und coole Graffitis.<\/p>\n<p>In den n\u00e4chsten Tagen lernte ich all die sch\u00f6nen Flecken Sofias kennen und lieben. Ob das nun ausschlie\u00dflich an meiner Namensvetternschaft mit der Stadt oder am tats\u00e4chlichen Charme liegt, kann ich nur subjektiv beurteilen.<\/p>\n<p><a href=\"https:\/\/kulturweit.blog\/picknickmitbaeren\/files\/2021\/02\/20210204_105033.jpg\"><img loading=\"lazy\" decoding=\"async\" class=\"alignnone size-medium wp-image-190\" src=\"https:\/\/kulturweit.blog\/picknickmitbaeren\/files\/2021\/02\/20210204_105033-300x225.jpg\" alt=\"\" width=\"300\" height=\"225\" srcset=\"https:\/\/kulturweit.blog\/picknickmitbaeren\/files\/2021\/02\/20210204_105033-300x225.jpg 300w, https:\/\/kulturweit.blog\/picknickmitbaeren\/files\/2021\/02\/20210204_105033-768x576.jpg 768w, https:\/\/kulturweit.blog\/picknickmitbaeren\/files\/2021\/02\/20210204_105033-624x468.jpg 624w, https:\/\/kulturweit.blog\/picknickmitbaeren\/files\/2021\/02\/20210204_105033.jpg 1024w\" sizes=\"(max-width: 300px) 100vw, 300px\" \/><\/a><\/p>\n<p>Das wortw\u00f6rtlich bl\u00fchende Leben in den Stra\u00dfen hat mich einfach in seinen Bann genommen!<\/p>\n<div id=\"attachment_191\" style=\"width: 310px\" class=\"wp-caption alignnone\"><a href=\"https:\/\/kulturweit.blog\/picknickmitbaeren\/files\/2021\/02\/20210204_111351.jpg\"><img loading=\"lazy\" decoding=\"async\" aria-describedby=\"caption-attachment-191\" class=\"wp-image-191 size-medium\" src=\"https:\/\/kulturweit.blog\/picknickmitbaeren\/files\/2021\/02\/20210204_111351-300x400.jpg\" alt=\"\" width=\"300\" height=\"400\" srcset=\"https:\/\/kulturweit.blog\/picknickmitbaeren\/files\/2021\/02\/20210204_111351-300x400.jpg 300w, https:\/\/kulturweit.blog\/picknickmitbaeren\/files\/2021\/02\/20210204_111351-624x832.jpg 624w, https:\/\/kulturweit.blog\/picknickmitbaeren\/files\/2021\/02\/20210204_111351.jpg 768w\" sizes=\"(max-width: 300px) 100vw, 300px\" \/><\/a><p id=\"caption-attachment-191\" class=\"wp-caption-text\">Es gibt so viele, verwinkelte, kleine Blumenl\u00e4den, die sogar schon die ersten Bienen angezogen haben! Und das Anfang Februar!<\/p><\/div>\n<p><a href=\"https:\/\/kulturweit.blog\/picknickmitbaeren\/files\/2021\/02\/20210204_110458.jpg\"><img loading=\"lazy\" decoding=\"async\" class=\"alignnone size-medium wp-image-192\" src=\"https:\/\/kulturweit.blog\/picknickmitbaeren\/files\/2021\/02\/20210204_110458-300x400.jpg\" alt=\"\" width=\"300\" height=\"400\" srcset=\"https:\/\/kulturweit.blog\/picknickmitbaeren\/files\/2021\/02\/20210204_110458-300x400.jpg 300w, https:\/\/kulturweit.blog\/picknickmitbaeren\/files\/2021\/02\/20210204_110458-624x832.jpg 624w, https:\/\/kulturweit.blog\/picknickmitbaeren\/files\/2021\/02\/20210204_110458.jpg 768w\" sizes=\"(max-width: 300px) 100vw, 300px\" \/><\/a> <a href=\"https:\/\/kulturweit.blog\/picknickmitbaeren\/files\/2021\/02\/20210204_110658.jpg\"><img loading=\"lazy\" decoding=\"async\" class=\"alignnone size-medium wp-image-193\" src=\"https:\/\/kulturweit.blog\/picknickmitbaeren\/files\/2021\/02\/20210204_110658-300x225.jpg\" alt=\"\" width=\"300\" height=\"225\" srcset=\"https:\/\/kulturweit.blog\/picknickmitbaeren\/files\/2021\/02\/20210204_110658-300x225.jpg 300w, https:\/\/kulturweit.blog\/picknickmitbaeren\/files\/2021\/02\/20210204_110658-768x576.jpg 768w, https:\/\/kulturweit.blog\/picknickmitbaeren\/files\/2021\/02\/20210204_110658-624x468.jpg 624w, https:\/\/kulturweit.blog\/picknickmitbaeren\/files\/2021\/02\/20210204_110658.jpg 1024w\" sizes=\"(max-width: 300px) 100vw, 300px\" \/><\/a><\/p>\n<p>Am Horizont kann man von fast jedem Punkt der Stadt den Vitosha-Berg sehen. Ich konnte es kaum glauben, das die verschneiten Gipfel so klar zu erkennen sind und sich das Panorama so sch\u00f6n in das Stadtbild einf\u00fcgt. Allerdings f\u00fchrt die Lage der Gro\u00dfstadt auch dazu, dass alle Abgase wie in einem Kessel eingeschlossen, nicht gut zirkulieren k\u00f6nnen und die Smogbelastung dementsprechend hoch ist. Die Sterne kann man nachts trotzdem sehen, was ich schon mal als gutes Zeichen gedeutet habe.<\/p>\n<p>Wahrscheinlich war ich nur zu kurz da, um die Nachteile einer Stadt dieser gr\u00f6\u00dfe zu erleben, aber ich habe das Gro\u00dfstadtflair sehr genossen.<\/p>\n<p>An einem Vormittag war das Wetter schon so fr\u00fchlingshaft, dass wir eine Tour durch die gro\u00dfen Parks machten. Der <em>gro\u00dfe Boris\u00a0<\/em>kam mir an dieser Stelle fast schon vor, wie ein Volksfestplatz, mit so viel Leben und spielenden Kindern. Studenten haben Volleyball gespielt und ein Vater mit Sohn und deren Modellflugzeug, glaube ich Jagd auf uns gemacht. Ein leichter Sonnenstich am Ende des Tages konnte die gute Stimmung dann aber auch nicht abmindern.<\/p>\n<p>Mein Lieblingspark ist allerdings keiner von den gro\u00dfen bekannten, sondern vielmehr der Platz vor der Kirche <em>Sveti Sedmochislemits,<\/em> in dem man sehr sch\u00f6n die Sonne und das bunte Treiben genie\u00dfen kann.<\/p>\n<div id=\"attachment_198\" style=\"width: 310px\" class=\"wp-caption alignnone\"><a href=\"https:\/\/kulturweit.blog\/picknickmitbaeren\/files\/2021\/02\/photo5316620332615971399.jpg\"><img loading=\"lazy\" decoding=\"async\" aria-describedby=\"caption-attachment-198\" class=\"wp-image-198 size-medium\" src=\"https:\/\/kulturweit.blog\/picknickmitbaeren\/files\/2021\/02\/photo5316620332615971399-300x400.jpg\" alt=\"\" width=\"300\" height=\"400\" srcset=\"https:\/\/kulturweit.blog\/picknickmitbaeren\/files\/2021\/02\/photo5316620332615971399-300x400.jpg 300w, https:\/\/kulturweit.blog\/picknickmitbaeren\/files\/2021\/02\/photo5316620332615971399-624x832.jpg 624w, https:\/\/kulturweit.blog\/picknickmitbaeren\/files\/2021\/02\/photo5316620332615971399.jpg 768w\" sizes=\"(max-width: 300px) 100vw, 300px\" \/><\/a><p id=\"caption-attachment-198\" class=\"wp-caption-text\">Die Kirche etwas abseits vom direkten Zentrum sieht finde ich schon von Au\u00dfern sehr \u00e4sthetisch und durch die runden Formen sehr glatt aus. Im Inneren sind wieder Unmengen Verzierungen und Ausschm\u00fcckungen zu finden.<\/p><\/div>\n<div id=\"attachment_199\" style=\"width: 280px\" class=\"wp-caption alignnone\"><a href=\"https:\/\/kulturweit.blog\/picknickmitbaeren\/files\/2021\/02\/photo5316620332615971398.jpg\"><img loading=\"lazy\" decoding=\"async\" aria-describedby=\"caption-attachment-199\" class=\"wp-image-199 size-medium\" src=\"https:\/\/kulturweit.blog\/picknickmitbaeren\/files\/2021\/02\/photo5316620332615971398-270x600.jpg\" alt=\"\" width=\"270\" height=\"600\" srcset=\"https:\/\/kulturweit.blog\/picknickmitbaeren\/files\/2021\/02\/photo5316620332615971398-270x600.jpg 270w, https:\/\/kulturweit.blog\/picknickmitbaeren\/files\/2021\/02\/photo5316620332615971398-461x1024.jpg 461w, https:\/\/kulturweit.blog\/picknickmitbaeren\/files\/2021\/02\/photo5316620332615971398.jpg 576w\" sizes=\"(max-width: 270px) 100vw, 270px\" \/><\/a><p id=\"caption-attachment-199\" class=\"wp-caption-text\">Viele bunte Bilder und Ornamente schm\u00fccken hier wieder die W\u00e4nde aus. Auch wenn die meisten der orthodoxen Kirchen auf den ersten Blick \u00e4hnliche Geschichten in ihren Bildern erz\u00e4hlen, so sieht doch jede Kirche anders aus. Es ist jedes Mal wieder spannend, an den W\u00e4nden nach Besonderheiten zu suchen.<\/p><\/div>\n<p>Auch sch\u00f6n fand ich, dass ich mich so schnell in Sofia zuhause gef\u00fchlt habe und mich ziemlich schnell zurecht finden konnte.<\/p>\n<div id=\"attachment_200\" style=\"width: 310px\" class=\"wp-caption alignnone\"><a href=\"https:\/\/kulturweit.blog\/picknickmitbaeren\/files\/2021\/02\/photo5316620332615971397.jpg\"><img loading=\"lazy\" decoding=\"async\" aria-describedby=\"caption-attachment-200\" class=\"wp-image-200 size-medium\" src=\"https:\/\/kulturweit.blog\/picknickmitbaeren\/files\/2021\/02\/photo5316620332615971397-300x135.jpg\" alt=\"\" width=\"300\" height=\"135\" srcset=\"https:\/\/kulturweit.blog\/picknickmitbaeren\/files\/2021\/02\/photo5316620332615971397-300x135.jpg 300w, https:\/\/kulturweit.blog\/picknickmitbaeren\/files\/2021\/02\/photo5316620332615971397-1024x461.jpg 1024w, https:\/\/kulturweit.blog\/picknickmitbaeren\/files\/2021\/02\/photo5316620332615971397-768x346.jpg 768w, https:\/\/kulturweit.blog\/picknickmitbaeren\/files\/2021\/02\/photo5316620332615971397-624x281.jpg 624w, https:\/\/kulturweit.blog\/picknickmitbaeren\/files\/2021\/02\/photo5316620332615971397.jpg 1280w\" sizes=\"(max-width: 300px) 100vw, 300px\" \/><\/a><p id=\"caption-attachment-200\" class=\"wp-caption-text\">Die Alexander-Newski-Kathedrale im Zentrum der Stadt, sticht bei Tag mit den gr\u00fcnen D\u00e4chern besonders hervor. Nachts sieht sie unter dem Sternenhimmel, von lauter Flutlichtern angestrahlt, auch sehr beeindruckend aus.<\/p><\/div>\n<p><a href=\"https:\/\/kulturweit.blog\/picknickmitbaeren\/files\/2021\/02\/photo5316620332615971396.jpg\"><img loading=\"lazy\" decoding=\"async\" class=\"alignnone size-medium wp-image-201\" src=\"https:\/\/kulturweit.blog\/picknickmitbaeren\/files\/2021\/02\/photo5316620332615971396-300x400.jpg\" alt=\"\" width=\"300\" height=\"400\" srcset=\"https:\/\/kulturweit.blog\/picknickmitbaeren\/files\/2021\/02\/photo5316620332615971396-300x400.jpg 300w, https:\/\/kulturweit.blog\/picknickmitbaeren\/files\/2021\/02\/photo5316620332615971396-768x1024.jpg 768w, https:\/\/kulturweit.blog\/picknickmitbaeren\/files\/2021\/02\/photo5316620332615971396-624x832.jpg 624w, https:\/\/kulturweit.blog\/picknickmitbaeren\/files\/2021\/02\/photo5316620332615971396.jpg 960w\" sizes=\"(max-width: 300px) 100vw, 300px\" \/><\/a><\/p>\n<p>Abschlie\u00dfend kann ich sagen, dass Sofia neben einer ziemlich coolen Boulderhalle, wundersch\u00f6ne Orte hat, die sicherlich mehr als einen Besuch wert sind und mich ganz bestimmt nochmal zur\u00fcck holen werden!<\/p>\n<p><a href=\"https:\/\/kulturweit.blog\/picknickmitbaeren\/files\/2021\/02\/photo5316620332615971393.jpg\"><img loading=\"lazy\" decoding=\"async\" class=\"alignnone size-medium wp-image-204\" src=\"https:\/\/kulturweit.blog\/picknickmitbaeren\/files\/2021\/02\/photo5316620332615971393-300x225.jpg\" alt=\"\" width=\"300\" height=\"225\" srcset=\"https:\/\/kulturweit.blog\/picknickmitbaeren\/files\/2021\/02\/photo5316620332615971393-300x225.jpg 300w, https:\/\/kulturweit.blog\/picknickmitbaeren\/files\/2021\/02\/photo5316620332615971393-1024x768.jpg 1024w, https:\/\/kulturweit.blog\/picknickmitbaeren\/files\/2021\/02\/photo5316620332615971393-768x576.jpg 768w, https:\/\/kulturweit.blog\/picknickmitbaeren\/files\/2021\/02\/photo5316620332615971393-624x468.jpg 624w, https:\/\/kulturweit.blog\/picknickmitbaeren\/files\/2021\/02\/photo5316620332615971393.jpg 1280w\" sizes=\"(max-width: 300px) 100vw, 300px\" \/><\/a><\/p>\n<p>Meine R\u00fcckfahrt zog sich \u00fcber den ganzen Sonntag hin und ich klapperte nochmal (fast) alle Stationen meiner Reise ab, als ich zun\u00e4chst \u00fcber Ruse, nach Bukarest, bis nach Brasov fuhr, wo das kleine Abenteuer zwei Wochen zuvor begonnen hatte.<\/p>\n<p><span lang=\"bg\">\u0421\u0431\u043e\u0433\u043e\u043c \u0411\u044a\u043b\u0433\u0430\u0440\u0438\u044f!<\/span><\/p>\n","protected":false},"excerpt":{"rendered":"<p>Meine Pl\u00e4ne \u00e4nderten sich nochmal recht spontan, als ich mich entschloss, im Anschluss an Shumen weiter in die Hauptstadt Bulgariens zu fahren. Also hatten Karla und ich am Mittwoch Morgen noch einen ruhigen Vormittag, den wir mit Yoga und Porridge gestalteten. Dann ging es auch schon ziemlich schnell zum Bahnhof, von wo aus mein Zug [&hellip;]<\/p>\n","protected":false},"author":2885,"featured_media":0,"comment_status":"open","ping_status":"open","sticky":false,"template":"","format":"standard","meta":{"footnotes":""},"categories":[21],"tags":[],"class_list":["post-179","post","type-post","status-publish","format-standard","hentry","category-allgemein"],"amp_enabled":true,"_links":{"self":[{"href":"https:\/\/kulturweit.blog\/picknickmitbaeren\/wp-json\/wp\/v2\/posts\/179"}],"collection":[{"href":"https:\/\/kulturweit.blog\/picknickmitbaeren\/wp-json\/wp\/v2\/posts"}],"about":[{"href":"https:\/\/kulturweit.blog\/picknickmitbaeren\/wp-json\/wp\/v2\/types\/post"}],"author":[{"embeddable":true,"href":"https:\/\/kulturweit.blog\/picknickmitbaeren\/wp-json\/wp\/v2\/users\/2885"}],"replies":[{"embeddable":true,"href":"https:\/\/kulturweit.blog\/picknickmitbaeren\/wp-json\/wp\/v2\/comments?post=179"}],"version-history":[{"count":3,"href":"https:\/\/kulturweit.blog\/picknickmitbaeren\/wp-json\/wp\/v2\/posts\/179\/revisions"}],"predecessor-version":[{"id":205,"href":"https:\/\/kulturweit.blog\/picknickmitbaeren\/wp-json\/wp\/v2\/posts\/179\/revisions\/205"}],"wp:attachment":[{"href":"https:\/\/kulturweit.blog\/picknickmitbaeren\/wp-json\/wp\/v2\/media?parent=179"}],"wp:term":[{"taxonomy":"category","embeddable":true,"href":"https:\/\/kulturweit.blog\/picknickmitbaeren\/wp-json\/wp\/v2\/categories?post=179"},{"taxonomy":"post_tag","embeddable":true,"href":"https:\/\/kulturweit.blog\/picknickmitbaeren\/wp-json\/wp\/v2\/tags?post=179"}],"curies":[{"name":"wp","href":"https:\/\/api.w.org\/{rel}","templated":true}]}}