{"id":148,"date":"2021-02-21T13:41:40","date_gmt":"2021-02-21T12:41:40","guid":{"rendered":"https:\/\/kulturweit.blog\/picknickmitbaeren\/?p=148"},"modified":"2021-02-21T13:41:40","modified_gmt":"2021-02-21T12:41:40","slug":"wenn-das-echo-von-den-felsen-wiederhallt","status":"publish","type":"post","link":"https:\/\/kulturweit.blog\/picknickmitbaeren\/2021\/02\/21\/wenn-das-echo-von-den-felsen-wiederhallt\/","title":{"rendered":"Wenn das Echo von den Felsen wiederhallt"},"content":{"rendered":"<p>Nun war ich schon zwei Tage im sch\u00f6nen Shumen, ohne die Stadt bis dahin bei Tageslicht gesehen zu haben! Das musste sich also schleunigst \u00e4ndern.<\/p>\n<p>Nach einer schnellen Runde Boza-Porridge und Karlas Sprachkurs, wurden mir die sch\u00f6nsten Ecken Shumens gezeigt. Fynn hatte uns am Morgen schon wieder verlassen und sich zur\u00fcck nach Rum\u00e4nien verabschiedet, wodurch wir nun erstmal wieder zu zweit waren.<\/p>\n<p>Als obligatorischen Einstieg in Karlas neue Heimat gab es ganz traditionell Baniza, als zweites Fr\u00fchst\u00fcck, auf unserem Weg durch die Altstadt. Sie \u00e4hneln im Prinzip den rum\u00e4nischen Bl\u00e4tterteig-Placinta, die von K\u00e4se \u00fcber Pilze und K\u00fcrbis, mit allem gef\u00fcllt sein k\u00f6nnen.<\/p>\n<p>Shumen liegt sehr sch\u00f6n umringt von Bergen, was mich ein wenig an Brasov erinnert hat. Gemeinsam mit den Pflastersteinen und bunten H\u00e4uschen im Zentrum, habe ich mich direkt heimisch gef\u00fchlt.<\/p>\n<div id=\"attachment_151\" style=\"width: 310px\" class=\"wp-caption alignnone\"><a href=\"https:\/\/kulturweit.blog\/picknickmitbaeren\/files\/2021\/02\/20210201_121453.jpg\"><img loading=\"lazy\" decoding=\"async\" aria-describedby=\"caption-attachment-151\" class=\"wp-image-151 size-medium\" src=\"https:\/\/kulturweit.blog\/picknickmitbaeren\/files\/2021\/02\/20210201_121453-300x225.jpg\" alt=\"\" width=\"300\" height=\"225\" srcset=\"https:\/\/kulturweit.blog\/picknickmitbaeren\/files\/2021\/02\/20210201_121453-300x225.jpg 300w, https:\/\/kulturweit.blog\/picknickmitbaeren\/files\/2021\/02\/20210201_121453-768x576.jpg 768w, https:\/\/kulturweit.blog\/picknickmitbaeren\/files\/2021\/02\/20210201_121453-624x468.jpg 624w, https:\/\/kulturweit.blog\/picknickmitbaeren\/files\/2021\/02\/20210201_121453.jpg 1024w\" sizes=\"(max-width: 300px) 100vw, 300px\" \/><\/a><p id=\"caption-attachment-151\" class=\"wp-caption-text\">Hier kann man im Hintergrund das inoffizielle Wahrzeichen Shumens erkennen, das durch seine Form und Gr\u00f6\u00dfe von den Einheimischen einen ganz treffenden Spitznamen erhalten hat. EIn bisschen unheimlich sieht das verlassene Geb\u00e4ude nur aus, wenn unz\u00e4hlige V\u00f6gel, aufgescheucht um die Spitze schwirren.<\/p><\/div>\n<div id=\"attachment_152\" style=\"width: 310px\" class=\"wp-caption alignnone\"><a href=\"https:\/\/kulturweit.blog\/picknickmitbaeren\/files\/2021\/02\/photo5289601814343299327.jpg\"><img loading=\"lazy\" decoding=\"async\" aria-describedby=\"caption-attachment-152\" class=\"wp-image-152 size-medium\" src=\"https:\/\/kulturweit.blog\/picknickmitbaeren\/files\/2021\/02\/photo5289601814343299327-300x225.jpg\" alt=\"\" width=\"300\" height=\"225\" srcset=\"https:\/\/kulturweit.blog\/picknickmitbaeren\/files\/2021\/02\/photo5289601814343299327-300x225.jpg 300w, https:\/\/kulturweit.blog\/picknickmitbaeren\/files\/2021\/02\/photo5289601814343299327-1024x768.jpg 1024w, https:\/\/kulturweit.blog\/picknickmitbaeren\/files\/2021\/02\/photo5289601814343299327-768x576.jpg 768w, https:\/\/kulturweit.blog\/picknickmitbaeren\/files\/2021\/02\/photo5289601814343299327-624x468.jpg 624w, https:\/\/kulturweit.blog\/picknickmitbaeren\/files\/2021\/02\/photo5289601814343299327.jpg 1280w\" sizes=\"(max-width: 300px) 100vw, 300px\" \/><\/a><p id=\"caption-attachment-152\" class=\"wp-caption-text\">Der Turm ist von \u00fcberall sichtbar. Hier nochmal im Panorama der Stadt, von Karlas Wohnblock, aus einer anderen Perspektive.<\/p><\/div>\n<p>Am anderen Ende der Stadt erreichten wir, von M\u00f6wengeschrei und unserem Baniza-Dauerohrwurm begleitet, die Tombul Moschee.<\/p>\n<p>Die Moschee ist gilt als gr\u00f6\u00dfte Bulgariens und zweitgr\u00f6\u00dfte der Balkanhalbinsel. Erbaut wurde sie Mitte des 18. Jahrhunderts, noch w\u00e4hrend der Zeit der osmanischen Herrschaft. Sofort ins Auge gefallen ist mir das Minarett, also der Gebetsturm, der mit seiner bestimmt an die 40m H\u00f6he, alle umliegenden Geb\u00e4ude bei weitem \u00fcberragt. Als wir die Gebetshalle betreten haben, hat uns eine tiefe Stille umh\u00fcllte.<\/p>\n<div id=\"attachment_160\" style=\"width: 310px\" class=\"wp-caption alignnone\"><a href=\"https:\/\/kulturweit.blog\/picknickmitbaeren\/files\/2021\/02\/photo5289601814343299330.jpg\"><img loading=\"lazy\" decoding=\"async\" aria-describedby=\"caption-attachment-160\" class=\"wp-image-160 size-medium\" src=\"https:\/\/kulturweit.blog\/picknickmitbaeren\/files\/2021\/02\/photo5289601814343299330-300x400.jpg\" alt=\"\" width=\"300\" height=\"400\" srcset=\"https:\/\/kulturweit.blog\/picknickmitbaeren\/files\/2021\/02\/photo5289601814343299330-300x400.jpg 300w, https:\/\/kulturweit.blog\/picknickmitbaeren\/files\/2021\/02\/photo5289601814343299330-768x1024.jpg 768w, https:\/\/kulturweit.blog\/picknickmitbaeren\/files\/2021\/02\/photo5289601814343299330-624x832.jpg 624w, https:\/\/kulturweit.blog\/picknickmitbaeren\/files\/2021\/02\/photo5289601814343299330.jpg 960w\" sizes=\"(max-width: 300px) 100vw, 300px\" \/><\/a><p id=\"caption-attachment-160\" class=\"wp-caption-text\">Die Decke hat es sowohl Karla, als auch mir, besonders angetan! Es ist fast schon meditativ, sie einfach nur\u00a0 zu betrachten und den Raum auf sich wirken zu lassen.<\/p><\/div>\n<p><a href=\"https:\/\/kulturweit.blog\/picknickmitbaeren\/files\/2021\/02\/20210201_114257.jpg\"><img loading=\"lazy\" decoding=\"async\" class=\"alignnone size-medium wp-image-161\" src=\"https:\/\/kulturweit.blog\/picknickmitbaeren\/files\/2021\/02\/20210201_114257-300x400.jpg\" alt=\"\" width=\"300\" height=\"400\" srcset=\"https:\/\/kulturweit.blog\/picknickmitbaeren\/files\/2021\/02\/20210201_114257-300x400.jpg 300w, https:\/\/kulturweit.blog\/picknickmitbaeren\/files\/2021\/02\/20210201_114257-624x832.jpg 624w, https:\/\/kulturweit.blog\/picknickmitbaeren\/files\/2021\/02\/20210201_114257.jpg 768w\" sizes=\"(max-width: 300px) 100vw, 300px\" \/><\/a><\/p>\n<p>Das Farbschema gr\u00fcn-gelb-rot, war besonders auff\u00e4llig und ich fand sehr spannend zu beobachten, dass anders als in den vielen orthodoxen Kirchen, die ich in den letzten Monaten gesehen habe, hier keinerlei Bilder an den W\u00e4nden Geschichten erz\u00e4hlen. Vielmehr spielen Farben, Muster und kleine Ornamente eine Rolle. Neben der Mihrab, der Gebetsnische, gibt es einige wenige arabische Inschriften, die f\u00fcr uns allerdings ein R\u00e4tsel blieben.<\/p>\n<p>Abgesehen vom Innenraum der Moschee, kann man drau\u00dfen auch weiter gehen und im Innenhof die alte Bibliothek und den Brunnen sehen.<\/p>\n<div id=\"attachment_158\" style=\"width: 310px\" class=\"wp-caption alignnone\"><a href=\"https:\/\/kulturweit.blog\/picknickmitbaeren\/files\/2021\/02\/photo5289601814343299328.jpg\"><img loading=\"lazy\" decoding=\"async\" aria-describedby=\"caption-attachment-158\" class=\"wp-image-158 size-medium\" src=\"https:\/\/kulturweit.blog\/picknickmitbaeren\/files\/2021\/02\/photo5289601814343299328-300x400.jpg\" alt=\"\" width=\"300\" height=\"400\" srcset=\"https:\/\/kulturweit.blog\/picknickmitbaeren\/files\/2021\/02\/photo5289601814343299328-300x400.jpg 300w, https:\/\/kulturweit.blog\/picknickmitbaeren\/files\/2021\/02\/photo5289601814343299328-768x1024.jpg 768w, https:\/\/kulturweit.blog\/picknickmitbaeren\/files\/2021\/02\/photo5289601814343299328-624x832.jpg 624w, https:\/\/kulturweit.blog\/picknickmitbaeren\/files\/2021\/02\/photo5289601814343299328.jpg 960w\" sizes=\"(max-width: 300px) 100vw, 300px\" \/><\/a><p id=\"caption-attachment-158\" class=\"wp-caption-text\">Ebenfalls beim Brunnen spiegelt sich das Farbschema von drinnen wieder.<\/p><\/div>\n<div id=\"attachment_162\" style=\"width: 310px\" class=\"wp-caption alignnone\"><a href=\"https:\/\/kulturweit.blog\/picknickmitbaeren\/files\/2021\/02\/20210201_120100.jpg\"><img loading=\"lazy\" decoding=\"async\" aria-describedby=\"caption-attachment-162\" class=\"wp-image-162 size-medium\" src=\"https:\/\/kulturweit.blog\/picknickmitbaeren\/files\/2021\/02\/20210201_120100-300x225.jpg\" alt=\"\" width=\"300\" height=\"225\" srcset=\"https:\/\/kulturweit.blog\/picknickmitbaeren\/files\/2021\/02\/20210201_120100-300x225.jpg 300w, https:\/\/kulturweit.blog\/picknickmitbaeren\/files\/2021\/02\/20210201_120100-768x576.jpg 768w, https:\/\/kulturweit.blog\/picknickmitbaeren\/files\/2021\/02\/20210201_120100-624x468.jpg 624w, https:\/\/kulturweit.blog\/picknickmitbaeren\/files\/2021\/02\/20210201_120100.jpg 1024w\" sizes=\"(max-width: 300px) 100vw, 300px\" \/><\/a><p id=\"caption-attachment-162\" class=\"wp-caption-text\">Im Obergeschoss wurden jahrzehntelang wichtige B\u00fccher und Schriften aufbewahrt. Inzwischen wurden diese aber an andere Bibliotheken im ganzen Land aufgeteilt.<\/p><\/div>\n<div id=\"attachment_163\" style=\"width: 310px\" class=\"wp-caption alignnone\"><a href=\"https:\/\/kulturweit.blog\/picknickmitbaeren\/files\/2021\/02\/20210201_120111.jpg\"><img loading=\"lazy\" decoding=\"async\" aria-describedby=\"caption-attachment-163\" class=\"wp-image-163 size-medium\" src=\"https:\/\/kulturweit.blog\/picknickmitbaeren\/files\/2021\/02\/20210201_120111-300x400.jpg\" alt=\"\" width=\"300\" height=\"400\" srcset=\"https:\/\/kulturweit.blog\/picknickmitbaeren\/files\/2021\/02\/20210201_120111-300x400.jpg 300w, https:\/\/kulturweit.blog\/picknickmitbaeren\/files\/2021\/02\/20210201_120111-624x832.jpg 624w, https:\/\/kulturweit.blog\/picknickmitbaeren\/files\/2021\/02\/20210201_120111.jpg 768w\" sizes=\"(max-width: 300px) 100vw, 300px\" \/><\/a><p id=\"caption-attachment-163\" class=\"wp-caption-text\">Der Gebetsturm der Moschee, aus der Perspektive vom Brunnen.<\/p><\/div>\n<p>Von hier aus sind wir quer durch die Stadt in die gro\u00dfe Markthalle Shumens gegangen, um uns mit frischem Obst und Gem\u00fcse einzudecken. Schnell als Ausl\u00e4nder enttarnt, versuchte eine Verk\u00e4uferin mit uns die Zahlen auf Bulgarisch zu wiederholen, damit wir ihr das passende R\u00fcckgeld f\u00fcr die Rotebeete geben konnten. Der beste Sprachkurs bleibt wohl doch au\u00dferhalb von (online-)Klassenzimmern&#8230;<\/p>\n<p>Nachmittags planten wir einen Spaziergang zum Monument Shumens ein. Die 1300 Stufen bis nach oben, symbolisiere die 1300 j\u00e4hrige Geschichte Bulgariens und haben es echt in sich. Doch erstmal an der Spitze angekommen, wird man damit belohnt, die vergangenen Herrscher der letzten Jahrhunderte im kubistischen Stil vorgestellt zu bekommen. Mit teils grimmiger Miene und \u00fcberdimensionaler Gr\u00f6\u00dfe sind die Zaren und ihre Nachfolger beeindruckend, das Monument im Ganzen fast ein bisschen bedr\u00fcckend.<\/p>\n<p>Ich habe mich zwischen den, auf einen zugeneigten Betonw\u00e4nden ziemlich klein gef\u00fchlt, was durch die Aussicht auf die freie Fl\u00e4che rund um Shumen nochmal verst\u00e4rkt wurde.<\/p>\n<div id=\"attachment_154\" style=\"width: 310px\" class=\"wp-caption alignnone\"><a href=\"https:\/\/kulturweit.blog\/picknickmitbaeren\/files\/2021\/02\/photo5289601814343299325.jpg\"><img loading=\"lazy\" decoding=\"async\" aria-describedby=\"caption-attachment-154\" class=\"wp-image-154 size-medium\" src=\"https:\/\/kulturweit.blog\/picknickmitbaeren\/files\/2021\/02\/photo5289601814343299325-300x400.jpg\" alt=\"\" width=\"300\" height=\"400\" srcset=\"https:\/\/kulturweit.blog\/picknickmitbaeren\/files\/2021\/02\/photo5289601814343299325-300x400.jpg 300w, https:\/\/kulturweit.blog\/picknickmitbaeren\/files\/2021\/02\/photo5289601814343299325-624x832.jpg 624w, https:\/\/kulturweit.blog\/picknickmitbaeren\/files\/2021\/02\/photo5289601814343299325.jpg 768w\" sizes=\"(max-width: 300px) 100vw, 300px\" \/><\/a><p id=\"caption-attachment-154\" class=\"wp-caption-text\">1981 wurde das Monument, zum 1300 j\u00e4hrigen Jubil\u00e4um des ersten bulgarischen Reiches, erbaut.<\/p><\/div>\n<p><a href=\"https:\/\/kulturweit.blog\/picknickmitbaeren\/files\/2021\/02\/photo5289601814343299324.jpg\"><img loading=\"lazy\" decoding=\"async\" class=\"alignnone size-medium wp-image-155\" src=\"https:\/\/kulturweit.blog\/picknickmitbaeren\/files\/2021\/02\/photo5289601814343299324-300x225.jpg\" alt=\"\" width=\"300\" height=\"225\" srcset=\"https:\/\/kulturweit.blog\/picknickmitbaeren\/files\/2021\/02\/photo5289601814343299324-300x225.jpg 300w, https:\/\/kulturweit.blog\/picknickmitbaeren\/files\/2021\/02\/photo5289601814343299324-768x576.jpg 768w, https:\/\/kulturweit.blog\/picknickmitbaeren\/files\/2021\/02\/photo5289601814343299324-624x468.jpg 624w, https:\/\/kulturweit.blog\/picknickmitbaeren\/files\/2021\/02\/photo5289601814343299324.jpg 1024w\" sizes=\"(max-width: 300px) 100vw, 300px\" \/><\/a><\/p>\n<div id=\"attachment_153\" style=\"width: 310px\" class=\"wp-caption alignnone\"><a href=\"https:\/\/kulturweit.blog\/picknickmitbaeren\/files\/2021\/02\/photo5289601814343299326.jpg\"><img loading=\"lazy\" decoding=\"async\" aria-describedby=\"caption-attachment-153\" class=\"wp-image-153 size-medium\" src=\"https:\/\/kulturweit.blog\/picknickmitbaeren\/files\/2021\/02\/photo5289601814343299326-300x400.jpg\" alt=\"\" width=\"300\" height=\"400\" srcset=\"https:\/\/kulturweit.blog\/picknickmitbaeren\/files\/2021\/02\/photo5289601814343299326-300x400.jpg 300w, https:\/\/kulturweit.blog\/picknickmitbaeren\/files\/2021\/02\/photo5289601814343299326-624x832.jpg 624w, https:\/\/kulturweit.blog\/picknickmitbaeren\/files\/2021\/02\/photo5289601814343299326.jpg 768w\" sizes=\"(max-width: 300px) 100vw, 300px\" \/><\/a><p id=\"caption-attachment-153\" class=\"wp-caption-text\">Bei l\u00e4ngerer Betrachtung der W\u00e4nde hat es auf mich fast schon ein Bisschen so gewirkt, als w\u00fcrde die geneigte Mauer langsam auf einen zukommen.<\/p><\/div>\n<p>Um uns nach dem Auf- und Abstieg wieder ein bisschen aufzuw\u00e4rmen, machten wir zur\u00fcck im Ort einen Abstecher in der Second-Hand-Kette <em>Mania, <\/em>eigentlich ohne besondere Vorstellungen. Doch in jedem Second Hand Laden versteckt sich das ein oder andere Schmuckst\u00fcck und so kamen wir, um einige Kleidungsst\u00fccke reicher, wieder heraus. Der riesige, neue Pulli, eine Jacke und Bluse f\u00fcllten dann aber auch gerade so, den noch verf\u00fcgbaren Platz meines Rucksacks aus.<\/p>\n<p>Unseren Abend lie\u00dfen wir daraufhin noch mit Yoga und der Vorbereitung unseres Lunchpaketes f\u00fcr den kommenden Tag enden.<\/p>\n<p>Am Dienstag hie\u00df es n\u00e4mlich gleich darauf, fr\u00fch aufstehen und einen Sprint zum Bahnhof hinlegen, um den Zug in Richtung Ruse zu erreichen. Unser Ziel:<\/p>\n<p><em>Die Felsenkirchen von Ivanovo <\/em>zu besichtigen, die etwa 15 Minuten von der Grenzstadt an der Donau entfernt liegen. Also fuhren wir von Shumen die ca. vier Stunden bis nach Ivanovo, wobei Ivanovo zu viel gesagt ist, da wir eine Station zu fr\u00fch ausstiegen und erst \u00fcber Umwege zu unserem Ausgangspunkt gelangen. Die Fahrt nutzen wir f\u00fcr viele gute Gespr\u00e4che, einen phantastischen Einblick in die Landschaft Bulgariens, sehr viele Snacks unseres professionell vorbereiteten Picknicks und Zeit zum Tagebuchschreiben und Gedanken sortieren.<\/p>\n<div id=\"attachment_165\" style=\"width: 310px\" class=\"wp-caption alignnone\"><a href=\"https:\/\/kulturweit.blog\/picknickmitbaeren\/files\/2021\/02\/20210202_092646.jpg\"><img loading=\"lazy\" decoding=\"async\" aria-describedby=\"caption-attachment-165\" class=\"wp-image-165 size-medium\" src=\"https:\/\/kulturweit.blog\/picknickmitbaeren\/files\/2021\/02\/20210202_092646-300x400.jpg\" alt=\"\" width=\"300\" height=\"400\" srcset=\"https:\/\/kulturweit.blog\/picknickmitbaeren\/files\/2021\/02\/20210202_092646-300x400.jpg 300w, https:\/\/kulturweit.blog\/picknickmitbaeren\/files\/2021\/02\/20210202_092646-624x832.jpg 624w, https:\/\/kulturweit.blog\/picknickmitbaeren\/files\/2021\/02\/20210202_092646.jpg 768w\" sizes=\"(max-width: 300px) 100vw, 300px\" \/><\/a><p id=\"caption-attachment-165\" class=\"wp-caption-text\">Hier hat unser Abenteuer definitiv begonnen, wie Karlas Brotdose uns erinnert hat. Die Kicherebsenpatties mit Hummus k\u00f6nnten zwar als einseitige Ern\u00e4hrung angezweifelt werden, waren aber sehr gut!<\/p><\/div>\n<div id=\"attachment_166\" style=\"width: 310px\" class=\"wp-caption alignnone\"><a href=\"https:\/\/kulturweit.blog\/picknickmitbaeren\/files\/2021\/02\/20210202_085419.jpg\"><img loading=\"lazy\" decoding=\"async\" aria-describedby=\"caption-attachment-166\" class=\"wp-image-166 size-medium\" src=\"https:\/\/kulturweit.blog\/picknickmitbaeren\/files\/2021\/02\/20210202_085419-300x400.jpg\" alt=\"\" width=\"300\" height=\"400\" srcset=\"https:\/\/kulturweit.blog\/picknickmitbaeren\/files\/2021\/02\/20210202_085419-300x400.jpg 300w, https:\/\/kulturweit.blog\/picknickmitbaeren\/files\/2021\/02\/20210202_085419-624x832.jpg 624w, https:\/\/kulturweit.blog\/picknickmitbaeren\/files\/2021\/02\/20210202_085419.jpg 768w\" sizes=\"(max-width: 300px) 100vw, 300px\" \/><\/a><p id=\"caption-attachment-166\" class=\"wp-caption-text\">Tagebuch schreiben hat mir unheimlich geholfen, all die neuen Eindr\u00fccke und Erlebnisse zu verarbeiten. Allerdings f\u00e4llt es mir wirklich schwer, tats\u00e4chlich alles so festzuhalten, ohne wichtige Elemente auszusparen. Noch sch\u00f6ner ist es dann eigentlich, mit jemandem zu reisen und zu reden, der die gleichen Erfahrungen sammelt, haben Karla und ich beide festgestellt. Vieles l\u00e4sst sich so schwer f\u00fcr andere in Worte fassen.<\/p><\/div>\n<p>Im Dorf angekommen, war unsere Reise zu den Kirchen aber noch lange nicht zu Ende. Um diese zu erreichen, hatten wir noch eine einst\u00fcndige Wanderung durch einen wundersch\u00f6nen Nationalpark zu bew\u00e4ltigen. An einigen Stellen mussten wir stoppen, weil wir so beeindruckt von den vielen Farben der Natur waren, die von giftgr\u00fcn, \u00fcber ein tief orangenes braun, zu fast schwarzer Erde und bl\u00fchtenwei\u00dfem Schnee reichten. In anderen Momenten wurden wir von \u00fcberprotektiven Tankstellenhunden und Dornb\u00fcschen gezwungen uns den Weg\u00a0 freizuk\u00e4mpfen, was wir mit der ein oder anderen Blessuren \u00fcberstanden.<\/p>\n<p><a href=\"https:\/\/kulturweit.blog\/picknickmitbaeren\/files\/2021\/02\/photo5296322927060432133.jpg\"><img loading=\"lazy\" decoding=\"async\" class=\"alignnone size-medium wp-image-167\" src=\"https:\/\/kulturweit.blog\/picknickmitbaeren\/files\/2021\/02\/photo5296322927060432133-300x225.jpg\" alt=\"\" width=\"300\" height=\"225\" srcset=\"https:\/\/kulturweit.blog\/picknickmitbaeren\/files\/2021\/02\/photo5296322927060432133-300x225.jpg 300w, https:\/\/kulturweit.blog\/picknickmitbaeren\/files\/2021\/02\/photo5296322927060432133-768x576.jpg 768w, https:\/\/kulturweit.blog\/picknickmitbaeren\/files\/2021\/02\/photo5296322927060432133-624x468.jpg 624w, https:\/\/kulturweit.blog\/picknickmitbaeren\/files\/2021\/02\/photo5296322927060432133.jpg 1024w\" sizes=\"(max-width: 300px) 100vw, 300px\" \/><\/a><\/p>\n<p><a href=\"https:\/\/kulturweit.blog\/picknickmitbaeren\/files\/2021\/02\/photo5296322927060432132.jpg\"><img loading=\"lazy\" decoding=\"async\" class=\"alignnone size-medium wp-image-168\" src=\"https:\/\/kulturweit.blog\/picknickmitbaeren\/files\/2021\/02\/photo5296322927060432132-300x400.jpg\" alt=\"\" width=\"300\" height=\"400\" srcset=\"https:\/\/kulturweit.blog\/picknickmitbaeren\/files\/2021\/02\/photo5296322927060432132-300x400.jpg 300w, https:\/\/kulturweit.blog\/picknickmitbaeren\/files\/2021\/02\/photo5296322927060432132-768x1024.jpg 768w, https:\/\/kulturweit.blog\/picknickmitbaeren\/files\/2021\/02\/photo5296322927060432132-624x832.jpg 624w, https:\/\/kulturweit.blog\/picknickmitbaeren\/files\/2021\/02\/photo5296322927060432132.jpg 960w\" sizes=\"(max-width: 300px) 100vw, 300px\" \/><\/a><\/p>\n<p>Unfassbar war auf jeden Fall die Stille, die im ganzen Nationalpark herrschte. Als wir im Tal ankamen, stie\u00dfen wir erstmal zu unserer Freude auf die UNESCO, die die Felsenkirche zum Weltkulturerbe erkl\u00e4rt haben. Etwas stutzig hat uns schon der geschlossene und verbarrikadierte Souvenirshop gemacht, wodurch wir uns nicht mehr all zu sehr wunderten, als wir nach dem Erklimmen der Treppen entlang der Steilwand, vor verschlossenen T\u00fcren standen. Immerhin konnte man durch die vergitterte T\u00fcr das ein oder andere Fesco der Kirchen entdecken und neben der (geschlossenen) Klosteranlage gibt es einen sehr sch\u00f6nen Panoramaweg, der einen entlang der Klippe, zu verschiedenen Felsvorspr\u00fcngen f\u00fchrt.<\/p>\n<p><a href=\"https:\/\/kulturweit.blog\/picknickmitbaeren\/files\/2021\/02\/20210202_113506.jpg\"><img loading=\"lazy\" decoding=\"async\" class=\"alignnone size-medium wp-image-172\" src=\"https:\/\/kulturweit.blog\/picknickmitbaeren\/files\/2021\/02\/20210202_113506-300x400.jpg\" alt=\"\" width=\"300\" height=\"400\" srcset=\"https:\/\/kulturweit.blog\/picknickmitbaeren\/files\/2021\/02\/20210202_113506-300x400.jpg 300w, https:\/\/kulturweit.blog\/picknickmitbaeren\/files\/2021\/02\/20210202_113506-624x832.jpg 624w, https:\/\/kulturweit.blog\/picknickmitbaeren\/files\/2021\/02\/20210202_113506.jpg 768w\" sizes=\"(max-width: 300px) 100vw, 300px\" \/><\/a><\/p>\n<div id=\"attachment_171\" style=\"width: 310px\" class=\"wp-caption alignnone\"><a href=\"https:\/\/kulturweit.blog\/picknickmitbaeren\/files\/2021\/02\/photo5289601814343299335.jpg\"><img loading=\"lazy\" decoding=\"async\" aria-describedby=\"caption-attachment-171\" class=\"wp-image-171 size-medium\" src=\"https:\/\/kulturweit.blog\/picknickmitbaeren\/files\/2021\/02\/photo5289601814343299335-300x225.jpg\" alt=\"\" width=\"300\" height=\"225\" srcset=\"https:\/\/kulturweit.blog\/picknickmitbaeren\/files\/2021\/02\/photo5289601814343299335-300x225.jpg 300w, https:\/\/kulturweit.blog\/picknickmitbaeren\/files\/2021\/02\/photo5289601814343299335-768x576.jpg 768w, https:\/\/kulturweit.blog\/picknickmitbaeren\/files\/2021\/02\/photo5289601814343299335-624x468.jpg 624w, https:\/\/kulturweit.blog\/picknickmitbaeren\/files\/2021\/02\/photo5289601814343299335.jpg 1024w\" sizes=\"(max-width: 300px) 100vw, 300px\" \/><\/a><p id=\"caption-attachment-171\" class=\"wp-caption-text\">Bei H\u00f6hlen mit entsprechendem Panorama ist es nicht schwer sich vorzustellen, dass fr\u00fcher M\u00f6nche zum Gebet f\u00f6rmlich angezogen wurden. Die Aussicht \u00fcber das Tal war wirklich atemberaubend und der feine Nebel, der \u00fcber allem hing, trug zur entsprechenden Stimmung bei.<\/p><\/div>\n<p>Schon im 12ten Jahrhundert sollen hier die ersten Menschen begonnen haben, H\u00f6hlen in den Kalkstein zu graben, woraus wenige Jahrzehnte sp\u00e4ter ein spirituelles Zentrum entstand. In unterschiedlichen Kirchenr\u00e4umen kann man Fresken der vergangenen Zare besichtigen und Wandmalereien, die schon mehrere hundert Jahre \u00fcberdauern. Naja und selbst wenn man uninformiert vor Ort ist und die Kirchen geschlossen sind, lohnt es sich, die unber\u00fchrte Natur in vollen Z\u00fcgen zu genie\u00dfen.<\/p>\n<p><a href=\"https:\/\/kulturweit.blog\/picknickmitbaeren\/files\/2021\/02\/photo5298763774154617457.jpg\"><img loading=\"lazy\" decoding=\"async\" class=\"alignnone size-medium wp-image-173\" src=\"https:\/\/kulturweit.blog\/picknickmitbaeren\/files\/2021\/02\/photo5298763774154617457-300x169.jpg\" alt=\"\" width=\"300\" height=\"169\" srcset=\"https:\/\/kulturweit.blog\/picknickmitbaeren\/files\/2021\/02\/photo5298763774154617457-300x169.jpg 300w, https:\/\/kulturweit.blog\/picknickmitbaeren\/files\/2021\/02\/photo5298763774154617457-1024x575.jpg 1024w, https:\/\/kulturweit.blog\/picknickmitbaeren\/files\/2021\/02\/photo5298763774154617457-768x431.jpg 768w, https:\/\/kulturweit.blog\/picknickmitbaeren\/files\/2021\/02\/photo5298763774154617457-624x351.jpg 624w, https:\/\/kulturweit.blog\/picknickmitbaeren\/files\/2021\/02\/photo5298763774154617457.jpg 1280w\" sizes=\"(max-width: 300px) 100vw, 300px\" \/><\/a><\/p>\n<p>Das haben wir auch gemacht. Gleich neben befreienden Schreien die von den Felsw\u00e4nden geechot wurden und einem Picknick mit eingelegtem Gem\u00fcse vom Markt. Es war wundervoll!<\/p>\n<p>Lange konnten wir leider nicht im Nationalpark bleiben und so traten wir bald den R\u00fcckweg nach Ivanovo an, wo wir gl\u00fccklicherweise unseren Zug in Richtung Shumen erreichten und uns wieder aufw\u00e4rmen konnten. W\u00e4hrend der Fahrt lasen wir uns gegenseitig scheinbar traditionelle bulgarische M\u00e4rchen, wie ,,der Vampir und das M\u00e4dchen&#8220; und lachten eine Menge zusammen.<\/p>\n<p>Am Abend waren wir mit einer Freundin von Karla zum Kochen und Essen verabredet, was auch noch viele witzige Gespr\u00e4che \u00fcber Musik und gemeinsames Lachen aufkommen lie\u00df. Daraufhin schlossen wir unseren Tag noch mit einer Portion deutscher M\u00e4rchen bei SImsalagrimm ab und reflektierten, was f\u00fcr besondere Eindr\u00fccke wir an diesem Tag gesammelt hatten und was wir alles erleben durften! Etwas, worauf wir sicherlich noch sehr lange, mit einem L\u00e4cheln zur\u00fcckblicken werden! \ud83d\ude42<\/p>\n<p>Am n\u00e4chsten Tag sollte es dann schon <span lang=\"bg\">\u0427\u0430\u043e \u0428\u0443\u043c\u0435\u043d und o<\/span><span lang=\"bg\">\u0442\u0438\u0434\u0435\u0442\u0435 \u0434\u043e \u0421\u043e\u0444\u0438\u044f hei\u00dfen! <\/span><\/p>\n","protected":false},"excerpt":{"rendered":"<p>Nun war ich schon zwei Tage im sch\u00f6nen Shumen, ohne die Stadt bis dahin bei Tageslicht gesehen zu haben! Das musste sich also schleunigst \u00e4ndern. Nach einer schnellen Runde Boza-Porridge und Karlas Sprachkurs, wurden mir die sch\u00f6nsten Ecken Shumens gezeigt. Fynn hatte uns am Morgen schon wieder verlassen und sich zur\u00fcck nach Rum\u00e4nien verabschiedet, wodurch [&hellip;]<\/p>\n","protected":false},"author":2885,"featured_media":0,"comment_status":"open","ping_status":"open","sticky":false,"template":"","format":"standard","meta":{"footnotes":""},"categories":[21],"tags":[],"class_list":["post-148","post","type-post","status-publish","format-standard","hentry","category-allgemein"],"amp_enabled":true,"_links":{"self":[{"href":"https:\/\/kulturweit.blog\/picknickmitbaeren\/wp-json\/wp\/v2\/posts\/148"}],"collection":[{"href":"https:\/\/kulturweit.blog\/picknickmitbaeren\/wp-json\/wp\/v2\/posts"}],"about":[{"href":"https:\/\/kulturweit.blog\/picknickmitbaeren\/wp-json\/wp\/v2\/types\/post"}],"author":[{"embeddable":true,"href":"https:\/\/kulturweit.blog\/picknickmitbaeren\/wp-json\/wp\/v2\/users\/2885"}],"replies":[{"embeddable":true,"href":"https:\/\/kulturweit.blog\/picknickmitbaeren\/wp-json\/wp\/v2\/comments?post=148"}],"version-history":[{"count":3,"href":"https:\/\/kulturweit.blog\/picknickmitbaeren\/wp-json\/wp\/v2\/posts\/148\/revisions"}],"predecessor-version":[{"id":177,"href":"https:\/\/kulturweit.blog\/picknickmitbaeren\/wp-json\/wp\/v2\/posts\/148\/revisions\/177"}],"wp:attachment":[{"href":"https:\/\/kulturweit.blog\/picknickmitbaeren\/wp-json\/wp\/v2\/media?parent=148"}],"wp:term":[{"taxonomy":"category","embeddable":true,"href":"https:\/\/kulturweit.blog\/picknickmitbaeren\/wp-json\/wp\/v2\/categories?post=148"},{"taxonomy":"post_tag","embeddable":true,"href":"https:\/\/kulturweit.blog\/picknickmitbaeren\/wp-json\/wp\/v2\/tags?post=148"}],"curies":[{"name":"wp","href":"https:\/\/api.w.org\/{rel}","templated":true}]}}