{"id":102,"date":"2021-02-11T22:09:08","date_gmt":"2021-02-11T21:09:08","guid":{"rendered":"https:\/\/kulturweit.blog\/picknickmitbaeren\/?p=102"},"modified":"2021-02-11T22:20:06","modified_gmt":"2021-02-11T21:20:06","slug":"fuenf-tage-ruse-und-die-strassen-voller-kaffeeautomaten","status":"publish","type":"post","link":"https:\/\/kulturweit.blog\/picknickmitbaeren\/2021\/02\/11\/fuenf-tage-ruse-und-die-strassen-voller-kaffeeautomaten\/","title":{"rendered":"F\u00fcnf Tage Ruse und die Stra\u00dfen voller Kaffeeautomaten"},"content":{"rendered":"<p>Zusammen mit dem Beginn des Zwischenseminars startete ein kleines Abenteuer. Nachdem bei meinen Beh\u00f6rdeng\u00e4ngen einiges schief gelaufen ist, konnte ich nicht wie geplant am Samstag in Richtung Bulgarien abreisen. Also entschloss sich Elias, ein weiterer Freiwillige aus Sofia, mit dem ich mich eigentlich in <span class=\"Cyrl\" lang=\"bg-Cyrl\">\u0420\u0443\u0441\u0435<\/span> treffen wollte, kurzerhand nach Brasov zu kommen.<\/p>\n<p>Ich konnte ihm am Wochenende erstmal ein bisschen meine wundersch\u00f6ne Stadt zeigen. Dank des sch\u00f6nen Wetters auch von der Zinne aus, wobei der geschmolzene Schnee unseren Auf- und Abstieg etwas halsbrecherisch werden lie\u00df.<\/p>\n<div id=\"attachment_106\" style=\"width: 310px\" class=\"wp-caption alignleft\"><a href=\"https:\/\/kulturweit.blog\/picknickmitbaeren\/files\/2021\/02\/Zinne.jpg\"><img loading=\"lazy\" decoding=\"async\" aria-describedby=\"caption-attachment-106\" class=\"wp-image-106 size-medium\" src=\"https:\/\/kulturweit.blog\/picknickmitbaeren\/files\/2021\/02\/Zinne-300x135.jpg\" alt=\"\" width=\"300\" height=\"135\" srcset=\"https:\/\/kulturweit.blog\/picknickmitbaeren\/files\/2021\/02\/Zinne-300x135.jpg 300w, https:\/\/kulturweit.blog\/picknickmitbaeren\/files\/2021\/02\/Zinne-768x346.jpg 768w, https:\/\/kulturweit.blog\/picknickmitbaeren\/files\/2021\/02\/Zinne-624x281.jpg 624w, https:\/\/kulturweit.blog\/picknickmitbaeren\/files\/2021\/02\/Zinne.jpg 1024w\" sizes=\"(max-width: 300px) 100vw, 300px\" \/><\/a><p id=\"caption-attachment-106\" class=\"wp-caption-text\">Die Aussicht auf Brasov ist jedes Mal wieder eine Wucht. Wir hatten unheimliches Gl\u00fcck mit dem Wetter und einen phantastischen Blick<\/p><\/div>\n<p>&nbsp;<\/p>\n<p>&nbsp;<\/p>\n<p>&nbsp;<\/p>\n<p>&nbsp;<\/p>\n<p>&nbsp;<\/p>\n<p>&nbsp;<\/p>\n<p>Nach nur zwei kurzen Tagen neigte sich das Abenteuer Rum\u00e4nien, f\u00fcr Elias auch schon wieder dem Ende zu und am Montagabend brachen wir in Richtung Bukarest auf. Mittags hatte ich zum Gl\u00fcck alle notwendigen Unterlagen von der Amtstelle bekommen k\u00f6nnen, womit das auch abgehakt und mein Kopf frei war.<\/p>\n<p>Mit dem Zug durch die Berge zu fahren und in der Abendd\u00e4mmerung noch einen letzten Blick auf die Landschaft zu erhaschen, war toll! Alles voller Schnee und Eis. Dementsprechend befanden sich vor allem Ski und Snowboardfahrer mit uns im Zug, die auf dem R\u00fcckweg in die Hauptstadt waren. Dort angekommen, irrten wir eine Weile umher, bis wir die Wohnung der Bukarester WG fanden.<\/p>\n<p>Mit zwei weiteren Freiwilligen sind wir daraufhin nochmal losgezogen und haben die Stadt ein wenig erkundet. Die riesigen Geb\u00e4ude im Zentrum wirken schon sehr eindrucksvoll im Vergleich zu den kleinen, bunten H\u00e4usern in Brasov. Da f\u00e4llt es fast leicht, sich schnell mal in den tiefen Stra\u00dfenschluchten zu verlieren.<br \/>\nInsgeheim waren wir eigentlich auf der Suche nach Essen und wurden derbe entt\u00e4uscht, dass in Bukarest nach 21 Uhr schon alle B\u00fcrgersteige hochgeklappt waren! Gl\u00fccklicherweise hatte als letzte Instanz noch der Stammlibanese der WG, in der N\u00e4he der Wohnung auf, der uns rettete.<\/p>\n<p>F\u00fcr einen ersten Eindruck, hat sich der kurze Besuch in Bukarest auf jeden Fall gelohnt, wird aber sicherlich nochmal bei Tag wiederholt, um noch mehr kennen zu lernen! Wir hatten nur einen kurzen Zwischenstopp hier eingeplant und so ging noch in der gleichen Nacht, unser Bus nach Ruse.<\/p>\n<p><a href=\"https:\/\/kulturweit.blog\/picknickmitbaeren\/files\/2021\/02\/Bukarest1.jpg\"><img loading=\"lazy\" decoding=\"async\" class=\"alignnone size-medium wp-image-108\" src=\"https:\/\/kulturweit.blog\/picknickmitbaeren\/files\/2021\/02\/Bukarest1-300x135.jpg\" alt=\"\" width=\"300\" height=\"135\" srcset=\"https:\/\/kulturweit.blog\/picknickmitbaeren\/files\/2021\/02\/Bukarest1-300x135.jpg 300w, https:\/\/kulturweit.blog\/picknickmitbaeren\/files\/2021\/02\/Bukarest1-768x346.jpg 768w, https:\/\/kulturweit.blog\/picknickmitbaeren\/files\/2021\/02\/Bukarest1-624x281.jpg 624w, https:\/\/kulturweit.blog\/picknickmitbaeren\/files\/2021\/02\/Bukarest1.jpg 1024w\" sizes=\"(max-width: 300px) 100vw, 300px\" \/><\/a><\/p>\n<div id=\"attachment_109\" style=\"width: 310px\" class=\"wp-caption alignnone\"><a href=\"https:\/\/kulturweit.blog\/picknickmitbaeren\/files\/2021\/02\/Bukarest2.jpg\"><img loading=\"lazy\" decoding=\"async\" aria-describedby=\"caption-attachment-109\" class=\"wp-image-109 size-medium\" src=\"https:\/\/kulturweit.blog\/picknickmitbaeren\/files\/2021\/02\/Bukarest2-300x135.jpg\" alt=\"\" width=\"300\" height=\"135\" srcset=\"https:\/\/kulturweit.blog\/picknickmitbaeren\/files\/2021\/02\/Bukarest2-300x135.jpg 300w, https:\/\/kulturweit.blog\/picknickmitbaeren\/files\/2021\/02\/Bukarest2-768x346.jpg 768w, https:\/\/kulturweit.blog\/picknickmitbaeren\/files\/2021\/02\/Bukarest2-624x281.jpg 624w, https:\/\/kulturweit.blog\/picknickmitbaeren\/files\/2021\/02\/Bukarest2.jpg 1024w\" sizes=\"(max-width: 300px) 100vw, 300px\" \/><\/a><p id=\"caption-attachment-109\" class=\"wp-caption-text\">Eines der vielen, beeindruckenden Geb\u00e4ude in der Innenstadt Bukarests.<\/p><\/div>\n<p>Mit nur drei anderen Mitreisenden, waren wir in windeseile an der rum\u00e4nisch-bulgarischen Grenze und \u00fcberquerten diese ohne Probleme. Ob das nun an der fr\u00fchen Stunde oder den Mitbringseln unseres Fahrers lag, der den Grenzbeamten verschiedenes Geb\u00e4ck aus der ,,best bakery in town&#8220; mitgebracht hatte, ist nicht ganz gekl\u00e4rt.<\/p>\n<p>Etwas \u00fcberm\u00fcdet, aber zugleich gl\u00fccklich, endlich in Bulgarien angekommen zu sein, war ich \u00fcberw\u00e4ltigt von den ersten Eindr\u00fccken des neuen Landes. Ich hatte geglaubt, dass besonders die Grenzstadt sehr \u00e4hnlich zu Rum\u00e4nien sein w\u00fcrde und war umso \u00fcberraschter, von all den Unterschieden! Zun\u00e4chst wirkte das Kyrillisch, das nun an jeder Ecke zu lesen war, sonderbar und zugleich sehr sch\u00f6n auf mich und auch der Sprachklang, ganz melodisch und warm, wie ich finde.<\/p>\n<p>Auch die Kaffeeautomaten, die einen an jeder Ecke begr\u00fc\u00dfen und mit ihrer Anzeigetafel zur Stra\u00dfenbeleuchtung, in den fr\u00fchen Morgenstunden beitragen, kannte ich noch nicht. Elias und ich haben nach intensiver Z\u00e4hlung der Automaten, die These aufgestellt, dass man wohl im Umkreis von knapp 500m, mit 99.99% Wahrscheinlichkeit eine Kaffeanlaufstelle antreffen k\u00f6nnte. Definitiv ein Punkt, durch den mir Land und Leute direkt sympathisch geworden sind. Viel Bulgaren die man auf der Stra\u00dfe sieht haben sich auch gerade einen Kaffee geholt und schl\u00fcrfen diesen fr\u00f6hlich.<\/p>\n<div id=\"attachment_114\" style=\"width: 310px\" class=\"wp-caption alignnone\"><a href=\"https:\/\/kulturweit.blog\/picknickmitbaeren\/files\/2021\/02\/photo5273760179659321155.jpg\"><img loading=\"lazy\" decoding=\"async\" aria-describedby=\"caption-attachment-114\" class=\"wp-image-114 size-medium\" src=\"https:\/\/kulturweit.blog\/picknickmitbaeren\/files\/2021\/02\/photo5273760179659321155-300x400.jpg\" alt=\"\" width=\"300\" height=\"400\" srcset=\"https:\/\/kulturweit.blog\/picknickmitbaeren\/files\/2021\/02\/photo5273760179659321155-300x400.jpg 300w, https:\/\/kulturweit.blog\/picknickmitbaeren\/files\/2021\/02\/photo5273760179659321155-768x1024.jpg 768w, https:\/\/kulturweit.blog\/picknickmitbaeren\/files\/2021\/02\/photo5273760179659321155-624x832.jpg 624w, https:\/\/kulturweit.blog\/picknickmitbaeren\/files\/2021\/02\/photo5273760179659321155.jpg 960w\" sizes=\"(max-width: 300px) 100vw, 300px\" \/><\/a><p id=\"caption-attachment-114\" class=\"wp-caption-text\">Im Selbstversuch haben wir zu sp\u00e4ter Stunde auch mal einen Espresso probiert, der tats\u00e4chlich gar nicht schlecht war! Jedoch muss man das Zuckerlevel gut austarieren, was ich erst im Laufe der folgenden Zeit in Bulgarien lernte. Der Kaffee hat mich aber trotzdem nie entt\u00e4uscht.<\/p><\/div>\n<p>Daneben hat mich auch die Snackkultur Bulgariens \u00fcberzeugt! Abgesehen von Kaffeeautomaten findet man an jeder Stra\u00dfenecke einen Laden, der N\u00fcsse, Trockenobst und weitere Leckereien verkauft, was mich, als ich das erste Mal in einem entsprechenden Gesch\u00e4ft stand, in den siebten Himmel versetzt hat.<\/p>\n<p>Nun gut, genug von den allgemeinen Besonderheiten. Ruse (im kyrillischen <span class=\"Cyrl\" lang=\"bg-Cyrl\">\u0420\u0443\u0441\u0435<\/span>) hat nat\u00fcrlich auch eine ganze Menge zu bieten!<\/p>\n<p>Zum einen ist die Stadt wundersch\u00f6n an der Donau gelegen, wodurch man an jedem Ort die Schreie der M\u00f6wen h\u00f6rt und ein Gef\u00fchl von Mee(h)r aufkommt.<\/p>\n<div id=\"attachment_111\" style=\"width: 310px\" class=\"wp-caption alignnone\"><a href=\"https:\/\/kulturweit.blog\/picknickmitbaeren\/files\/2021\/02\/Sonnenuntergang-Ruse.jpg\"><img loading=\"lazy\" decoding=\"async\" aria-describedby=\"caption-attachment-111\" class=\"wp-image-111 size-medium\" src=\"https:\/\/kulturweit.blog\/picknickmitbaeren\/files\/2021\/02\/Sonnenuntergang-Ruse-300x135.jpg\" alt=\"\" width=\"300\" height=\"135\" srcset=\"https:\/\/kulturweit.blog\/picknickmitbaeren\/files\/2021\/02\/Sonnenuntergang-Ruse-300x135.jpg 300w, https:\/\/kulturweit.blog\/picknickmitbaeren\/files\/2021\/02\/Sonnenuntergang-Ruse-768x346.jpg 768w, https:\/\/kulturweit.blog\/picknickmitbaeren\/files\/2021\/02\/Sonnenuntergang-Ruse-624x281.jpg 624w, https:\/\/kulturweit.blog\/picknickmitbaeren\/files\/2021\/02\/Sonnenuntergang-Ruse.jpg 1024w\" sizes=\"(max-width: 300px) 100vw, 300px\" \/><\/a><p id=\"caption-attachment-111\" class=\"wp-caption-text\">Allein bei diesem Foto kommt sofort wieder Urlaubsstimmung hoch! \u00dcber mehrere Tage hat es geschneit und die ganze Gegend, mit einer wei\u00dfen Decke \u00fcberzogen. Ein wundersch\u00f6ner Moment, als die Sonne, auf der rum\u00e4nischen Seite der Donau, untergegangen ist.<\/p><\/div>\n<p>Die Altstadt konzentriert sich auf einen gro\u00dfen Platz, mit wieder monumental gro\u00dfen Geb\u00e4uden (und Unmengen Kaffeeautomaten).<\/p>\n<p><a href=\"https:\/\/kulturweit.blog\/picknickmitbaeren\/files\/2021\/02\/photo5273760179659321157.jpg\"><img loading=\"lazy\" decoding=\"async\" class=\"alignnone size-medium wp-image-117\" src=\"https:\/\/kulturweit.blog\/picknickmitbaeren\/files\/2021\/02\/photo5273760179659321157-300x135.jpg\" alt=\"\" width=\"300\" height=\"135\" srcset=\"https:\/\/kulturweit.blog\/picknickmitbaeren\/files\/2021\/02\/photo5273760179659321157-300x135.jpg 300w, https:\/\/kulturweit.blog\/picknickmitbaeren\/files\/2021\/02\/photo5273760179659321157-768x346.jpg 768w, https:\/\/kulturweit.blog\/picknickmitbaeren\/files\/2021\/02\/photo5273760179659321157-624x281.jpg 624w, https:\/\/kulturweit.blog\/picknickmitbaeren\/files\/2021\/02\/photo5273760179659321157.jpg 1024w\" sizes=\"(max-width: 300px) 100vw, 300px\" \/><\/a><\/p>\n<p>Es gibt sogar ein Kunstmuseum, das wir nach Beendigung eines langen Seminarnachmittags besuchten. Von Einheimischen wurde uns eine tolle Ausstellung, rum\u00e4nischer K\u00fcnstler zugesichert. Da wir uns eine rum\u00e4nische Identit\u00e4t anlegten, um lange Erkl\u00e4rungen um unsere Arbeit im Ausland zu umgehen, war es fast obligatorisch, die Werke unserer Landsleute zu besichtigen. Im Museum selbst wurden wir wohl auch als K\u00fcnstler eingestuft, die als Teil der sehr eingeschr\u00e4nkten Zielgruppe die Ausstellung besuchten.<\/p>\n<p><a href=\"https:\/\/kulturweit.blog\/picknickmitbaeren\/files\/2021\/02\/Galerie-Ruse-mit-Elias.jpg\"><img loading=\"lazy\" decoding=\"async\" class=\"alignnone size-medium wp-image-119\" src=\"https:\/\/kulturweit.blog\/picknickmitbaeren\/files\/2021\/02\/Galerie-Ruse-mit-Elias-300x135.jpg\" alt=\"\" width=\"300\" height=\"135\" srcset=\"https:\/\/kulturweit.blog\/picknickmitbaeren\/files\/2021\/02\/Galerie-Ruse-mit-Elias-300x135.jpg 300w, https:\/\/kulturweit.blog\/picknickmitbaeren\/files\/2021\/02\/Galerie-Ruse-mit-Elias-768x346.jpg 768w, https:\/\/kulturweit.blog\/picknickmitbaeren\/files\/2021\/02\/Galerie-Ruse-mit-Elias-624x281.jpg 624w, https:\/\/kulturweit.blog\/picknickmitbaeren\/files\/2021\/02\/Galerie-Ruse-mit-Elias.jpg 1024w\" sizes=\"(max-width: 300px) 100vw, 300px\" \/><\/a><\/p>\n<div id=\"attachment_107\" style=\"width: 310px\" class=\"wp-caption alignnone\"><a href=\"https:\/\/kulturweit.blog\/picknickmitbaeren\/files\/2021\/02\/Eimer-in-Galerie.jpg\"><img loading=\"lazy\" decoding=\"async\" aria-describedby=\"caption-attachment-107\" class=\"wp-image-107 size-medium\" src=\"https:\/\/kulturweit.blog\/picknickmitbaeren\/files\/2021\/02\/Eimer-in-Galerie-300x135.jpg\" alt=\"\" width=\"300\" height=\"135\" srcset=\"https:\/\/kulturweit.blog\/picknickmitbaeren\/files\/2021\/02\/Eimer-in-Galerie-300x135.jpg 300w, https:\/\/kulturweit.blog\/picknickmitbaeren\/files\/2021\/02\/Eimer-in-Galerie-768x346.jpg 768w, https:\/\/kulturweit.blog\/picknickmitbaeren\/files\/2021\/02\/Eimer-in-Galerie-624x281.jpg 624w, https:\/\/kulturweit.blog\/picknickmitbaeren\/files\/2021\/02\/Eimer-in-Galerie.jpg 1024w\" sizes=\"(max-width: 300px) 100vw, 300px\" \/><\/a><p id=\"caption-attachment-107\" class=\"wp-caption-text\">Zun\u00e4chst bin ich von einer spannenden Eimer-Installation ausgegangen, bis sich herausstellte, dass hier der verzweifelte Versuch unternommen wird, das Wasser, das von der maroden Decke tropft, aufzufangen.<\/p><\/div>\n<p>Abgesehen von dem schlechten Zustand des Geb\u00e4udes, waren die Bilder auch nicht wirklich \u00fcberzeugend. Trotzdem hatten wir einen riesen Spa\u00df, Spekulationen zum tieferen Sinn verschiedener Gem\u00e4lde anzustellen und den Eimern und Wannen am Boden auszuweichen.<\/p>\n<p>Irgendwie muss in der Stunde im Kunstmuseum wohl doch unsere k\u00fcnstlerische Ader geweckt worden sein: Auf unserem Heimweg fertigten wir Schneeabdr\u00fccke unserer Gesichter auf einer Bank an und schufen einen lebensgro\u00dfen Schneemann im Park.<\/p>\n<div id=\"attachment_118\" style=\"width: 310px\" class=\"wp-caption alignnone\"><a href=\"https:\/\/kulturweit.blog\/picknickmitbaeren\/files\/2021\/02\/Gesicht-im-Schnee-Ruse.jpg\"><img loading=\"lazy\" decoding=\"async\" aria-describedby=\"caption-attachment-118\" class=\"wp-image-118 size-medium\" src=\"https:\/\/kulturweit.blog\/picknickmitbaeren\/files\/2021\/02\/Gesicht-im-Schnee-Ruse-e1613075289685-300x410.jpg\" alt=\"\" width=\"300\" height=\"410\" srcset=\"https:\/\/kulturweit.blog\/picknickmitbaeren\/files\/2021\/02\/Gesicht-im-Schnee-Ruse-e1613075289685-300x410.jpg 300w, https:\/\/kulturweit.blog\/picknickmitbaeren\/files\/2021\/02\/Gesicht-im-Schnee-Ruse-e1613075289685.jpg 460w\" sizes=\"(max-width: 300px) 100vw, 300px\" \/><\/a><p id=\"caption-attachment-118\" class=\"wp-caption-text\">Das Werk k\u00f6nnte den Titel<em> ,K\u00fcnstler im Schnee\u00b4<\/em> erhalten. Besonders, da im Original noch zwei weitere Abdr\u00fccke daneben entstanden. Sehr kalte, nasse und extrem witzige Angelegenheit!<\/p><\/div>\n<div id=\"attachment_116\" style=\"width: 310px\" class=\"wp-caption alignnone\"><a href=\"https:\/\/kulturweit.blog\/picknickmitbaeren\/files\/2021\/02\/Schneemann-bild-mit-mir.jpg\"><img loading=\"lazy\" decoding=\"async\" aria-describedby=\"caption-attachment-116\" class=\"wp-image-116 size-medium\" src=\"https:\/\/kulturweit.blog\/picknickmitbaeren\/files\/2021\/02\/Schneemann-bild-mit-mir-e1613075544372-300x499.jpg\" alt=\"\" width=\"300\" height=\"499\" srcset=\"https:\/\/kulturweit.blog\/picknickmitbaeren\/files\/2021\/02\/Schneemann-bild-mit-mir-e1613075544372-300x499.jpg 300w, https:\/\/kulturweit.blog\/picknickmitbaeren\/files\/2021\/02\/Schneemann-bild-mit-mir-e1613075544372.jpg 460w\" sizes=\"(max-width: 300px) 100vw, 300px\" \/><\/a><p id=\"caption-attachment-116\" class=\"wp-caption-text\">Als wir am n\u00e4chsten Tag wiederkamen, war der Schneemann leider zu einem undefinierbaren Haufen zusammen geschmolzen. Im Schaffensprozess, waren wir daf\u00fcr noch unheimlich stolz, auf die Ausarbeitung der an ,,die Monster-AG&#8220; erinnernden Figur.<\/p><\/div>\n<p>Somit verflogen die Tage in Ruse f\u00f6rmlich. Anders als geplant, bin ich nicht sofort nach Rum\u00e4nien zur\u00fcck gefahren, als sich die Woche dem Ende zu neigte, sondern habe mich spontan auf den Weg nach Shumen, zu Karla gemacht, w\u00e4hrend Elias vorerst zur\u00fcck nach Sofia gefahren ist.<\/p>\n<p>Zu diesem Abenteuer und allen weiteren Ausfl\u00fcgen und Erlebnissen, die daraus resultierten, muss ich noch weitere Blogeintr\u00e4ge machen, da sie den Rahmen dieses Beitrags sprengen w\u00fcrden.<\/p>\n<p>So gut wie alle, der wundersch\u00f6nen Fotos, gehen im \u00fcbrigen auf Elias Konto, der einen sehr spannenden und guten Blog mit anderen Bulgarien-Freiwilligen up to date h\u00e4lt! Definitiv lohnenswert, um noch mehr Einblicke, in dieses wunderbar vielf\u00e4ltige Land zu erhalten! (https:\/\/kulturweit.blog\/bulgarienweit\/)<\/p>\n<p><span lang=\"bg\">\u0425\u0430\u0439\u0434\u0435 \u0411\u044a\u043b\u0433\u0430\u0440\u0438\u044f!<\/span><\/p>\n","protected":false},"excerpt":{"rendered":"<p>Zusammen mit dem Beginn des Zwischenseminars startete ein kleines Abenteuer. Nachdem bei meinen Beh\u00f6rdeng\u00e4ngen einiges schief gelaufen ist, konnte ich nicht wie geplant am Samstag in Richtung Bulgarien abreisen. Also entschloss sich Elias, ein weiterer Freiwillige aus Sofia, mit dem ich mich eigentlich in \u0420\u0443\u0441\u0435 treffen wollte, kurzerhand nach Brasov zu kommen. Ich konnte ihm [&hellip;]<\/p>\n","protected":false},"author":2885,"featured_media":0,"comment_status":"open","ping_status":"open","sticky":false,"template":"","format":"standard","meta":{"footnotes":""},"categories":[21],"tags":[],"class_list":["post-102","post","type-post","status-publish","format-standard","hentry","category-allgemein"],"amp_enabled":true,"_links":{"self":[{"href":"https:\/\/kulturweit.blog\/picknickmitbaeren\/wp-json\/wp\/v2\/posts\/102"}],"collection":[{"href":"https:\/\/kulturweit.blog\/picknickmitbaeren\/wp-json\/wp\/v2\/posts"}],"about":[{"href":"https:\/\/kulturweit.blog\/picknickmitbaeren\/wp-json\/wp\/v2\/types\/post"}],"author":[{"embeddable":true,"href":"https:\/\/kulturweit.blog\/picknickmitbaeren\/wp-json\/wp\/v2\/users\/2885"}],"replies":[{"embeddable":true,"href":"https:\/\/kulturweit.blog\/picknickmitbaeren\/wp-json\/wp\/v2\/comments?post=102"}],"version-history":[{"count":3,"href":"https:\/\/kulturweit.blog\/picknickmitbaeren\/wp-json\/wp\/v2\/posts\/102\/revisions"}],"predecessor-version":[{"id":126,"href":"https:\/\/kulturweit.blog\/picknickmitbaeren\/wp-json\/wp\/v2\/posts\/102\/revisions\/126"}],"wp:attachment":[{"href":"https:\/\/kulturweit.blog\/picknickmitbaeren\/wp-json\/wp\/v2\/media?parent=102"}],"wp:term":[{"taxonomy":"category","embeddable":true,"href":"https:\/\/kulturweit.blog\/picknickmitbaeren\/wp-json\/wp\/v2\/categories?post=102"},{"taxonomy":"post_tag","embeddable":true,"href":"https:\/\/kulturweit.blog\/picknickmitbaeren\/wp-json\/wp\/v2\/tags?post=102"}],"curies":[{"name":"wp","href":"https:\/\/api.w.org\/{rel}","templated":true}]}}