{"id":95,"date":"2017-09-08T14:55:47","date_gmt":"2017-09-08T12:55:47","guid":{"rendered":"https:\/\/kulturweit.blog\/mrromanticisreadyforbelarus\/?p=95"},"modified":"2018-02-27T20:52:12","modified_gmt":"2018-02-27T19:52:12","slug":"neues-aus-berlin","status":"publish","type":"post","link":"https:\/\/kulturweit.blog\/mrromanticisreadyforbelarus\/2017\/09\/08\/neues-aus-berlin\/","title":{"rendered":"Neues aus Berlin"},"content":{"rendered":"<p>Hallo Freunde,<\/p>\n<p>ich sende euch liebe Gr\u00fc\u00dfe vom Werbellinsee nahe Berlin, wo sich mein 10 t\u00e4giges Vorbereitungsseminar langsam zum Schluss neigt. Es war eine extrem abwechslungsreiche und spannende Woche, aber lasst mich etwas weiter ausholen und meine Erz\u00e4hlung am 01. September beginnen.<!--more--><\/p>\n<p>An diesem Tag ging die Reise f\u00fcr mich los: Morgens um 5 Uhr aufstehen, die Lieben zuhause nochmal fest dr\u00fccken und dann in Frankfurt den Zug nach Berlin besteigen. Dort angekommen, hie\u00df es dann nach den anderen Freiwilligen am Bahnhof (in der Regel junge Menschen mit Rucksack und freundlichem L\u00e4cheln) ausschauhalten, die ersten 50 Namen und Einsatzorte mitgeteilt bekommen (und f\u00fcrs erste gleich wieder \u00a0zu vergessen \ud83d\ude42 ) und dann mit einer Flotte von insgesamt 5-6 Reisebussen Richtung Europ\u00e4ische Jugendbegegnungsst\u00e4tte am Werbellinsee (EJB) fahren. Diese beinhaltet ein extrem weitl\u00e4ufiges Gel\u00e4nde mit Seminarh\u00e4usern, Kino, Disco und nat\u00fcrlich den Wohnh\u00e4usern, welche \u00fcberall auf dem Territorium verstreut sind. Ich beziehe ein 2er-Zimmer in Haus Null, was andere Freiwillige liebevoll als &#8222;den Arsch der Welt&#8220; bezeichnen. Tats\u00e4chlich dauerte f\u00fcr uns der Weg zu Essen und Veranstaltungen gef\u00fchlt eine halbe Ewigkeit, was gl\u00fccklicherweise zu vielen interessanten Wegbekanntschaften f\u00fchrte. Insgesamt empfand ich die Gemeinschaft auf dem Seminar als absolut super! Bei \u00fcber 300 (!) Freiwilligen aus ganz Deutschland, welche wiederum bald in die ganze Welt gehen werden, trifft man auf ganz viel Herzlichkeit, Neugier und Kommunikationsbereitschaft. Insofern ist das Vorbereitungsseminar ein ziemlich grausamer Ort &#8211; man schlie\u00dft Unmengen wertvoller Freundschaften mit Leuten, denen man nach etwas mehr als einer Woche Lebewohl sagen muss &#8211; teilweise f\u00fcr unbestimmte Zeit :\/ Dazu geh\u00f6rt unter anderen auch mein Zimmernachbar Justus, mit dem ich mich die Woche ausgezeichnet verstanden und das gesamte Seminar zusammen erlebt habe &#8211; ich w\u00fcnsche dir ganz viel Freude und Erfolg an deiner Einsatzstelle in Neu-Delhi; \u00a0ich hoffe, wir halten weiter Kontakt!<\/p>\n<p><a href=\"https:\/\/kulturweit.blog\/mrromanticisreadyforbelarus\/files\/2017\/09\/1image252.jpg\"><img loading=\"lazy\" decoding=\"async\" class=\"alignnone size-medium wp-image-385\" src=\"https:\/\/kulturweit.blog\/mrromanticisreadyforbelarus\/files\/2017\/09\/1image252-300x169.jpg\" alt=\"\" width=\"300\" height=\"169\" srcset=\"https:\/\/kulturweit.blog\/mrromanticisreadyforbelarus\/files\/2017\/09\/1image252-300x169.jpg 300w, https:\/\/kulturweit.blog\/mrromanticisreadyforbelarus\/files\/2017\/09\/1image252-768x432.jpg 768w, https:\/\/kulturweit.blog\/mrromanticisreadyforbelarus\/files\/2017\/09\/1image252.jpg 1024w\" sizes=\"(max-width: 300px) 100vw, 300px\" \/><\/a><\/p>\n<p>Aber zur\u00fcck zum Seminarablauf: Nach einer unterhaltsamen und herzlichen Begr\u00fc\u00dfung durch das gesamte Kulturweit-Team wurden wir in sogenannte Homezones aufgeteilt &#8211; diese bestanden aus ca. 10 Freiwilligen einer Einsatzregion (in meinem Fall Osteuropa) und einem f\u00fcr uns zust\u00e4ndigen Trainer, der uns die n\u00e4chste Woche durch das Seminar f\u00fchren sollte. Ich bin nach anf\u00e4nglichen Startschwierigkeiten schnell sehr gut mit meiner Homezone Nr. 21 zurechtgekommen, und unser Trainer Mika ist sicherlich einer der besten Menschen auf dem Seminar! Wir bekamen einen Homezoneraum zugeteilt, welchen Mika schon im Voraus mit einer \u00fcppigen exklusiven Bibliothek aus spannenden Medien und Literatur zu f\u00fcr uns relevanten Themen ausgestattet hat. F\u00fcr den maximalen WissensInput war also definitiv gesorgt! \ud83d\ude42<\/p>\n<p>Die anschlie\u00dfenden Tage gestalteten sich nach folgendem Schema: Nach dem Fr\u00fchst\u00fcck gab es von 9-12 Uhr eine dreist\u00fcndige Bildungseinheit in den Homezones, selbiges nach der Mittagspause von 15-18 Uhr. Teilweise wurden die Homezones auch durch Workshops zu bestimmten Themenkomplexen ersetzt bzw. erg\u00e4nzt, in die man sich am Tag vorher eintragen konnte. Dies sorgte f\u00fcr eine ausgesprochene Vielfalt an Bildungsangeboten, gleichzeitig hatte man immer die M\u00f6glichkeiten Preferenzen zu setzen und seine pers\u00f6nlichen Interessen zu verfolgen. So diskutierte ich zum Beispiel am Sonntag \u00fcber politische Korrektheit unserer KindheitsheldenInnen\/Literatur, lernte am Dienstag ein kostenloses Online-Portal f\u00fcr die Erstellung von einfachen Zeichentrickfilmen kennen und stritt heute \u00fcber versteckten angeborenen Rassismus und \u00fcber die Berechtigung und Relevanz des Skandalthemas &#8222;Kulturelle Aneignung&#8220;. Besonders interessant finde ich die sogenannten Reflexions-und Schutzr\u00e4ume, in denen sich verschiedene gesellschaftliche Gruppen mit gesellschaftlichen Knackpunktthemen, die sie selbst betreffen, wie z.B.: Empowerment, Wei\u00dfsein, Gender, Sexismus, Klassismus etc. unter einander befassen konnten. Ich selbst besuchte zum Beispiel den Workshop mit dem plakativen Namen &#8222;M\u00e4nner sind Schweine&#8220;, in welchem ich mich in einer gesch\u00fctzten M\u00e4nnerrunde \u00fcber (umgekehrten) Sexismus, die Frauenquote, aufgezwungene T\u00e4terrollen und gesellschaftlichen Erwartungsdruck austauschen konnte. Dann gab es auch noch die sogenannten &#8222;Partnertage&#8220;, an denen die f\u00fcr uns zust\u00e4ndigen Organisationen nochmal spezifische Workshops im Hinblick auf unsere zuk\u00fcnftigen Aufgabengebiete veranstalteten. Bei meiner Organisation handelt es sich um den P\u00e4dagogischen Austauschdienst (PAD) und damit verbunden die Zentralstelle f\u00fcr das Auslandsschulwesen, durch welche ich an mein k\u00fcnftiges Lehrerdasein herangef\u00fchrt wurde und in dem Zusammenhang Themengebiete wie Unterrichtsplanung, Methodik und Didaktik, Projektmanagement sowie interaktives Lernen n\u00e4hergebracht bekam. Am meisten Spa\u00df hatte ich jedoch eindeutig bei dem Workshop &#8222;Notfallkoffer f\u00fcr den Unterricht&#8220;, in welchem 2 Stunden lang zahlreiche Unterrichtsspiele selbst gespielt und auf ihre N\u00fctzlichkeit\/Anwendungsart und Zielgruppe untersucht wurden \ud83d\ude42<\/p>\n<p>Am Montag ging es f\u00fcr alle Freiwilligen nach Berlin, wo wir von Vertretern des Ausw\u00e4rtigen Amtes herzlich empfangen wurden und anschlie\u00dfend hochspannenden Exkursionen zu Themen wie Obdachlos sein, Fl\u00fcchtlingsalltag , Postkolonialismus in Berlin, Lobbyismus im Regierungsviertel etc. beiwohnen durften!<\/p>\n<p>Zwischendurch bleibt nat\u00fcrlich auch viel Zeit, um soziale Kontakte zu kn\u00fcpfen sowie die verschiedensten Freizeitaktivit\u00e4ten zu starten, welche von Beachvolleyball \u00fcber eine gesellige Werwolfrunde bis zu einem Filmeabend reichen. Besonders cool war auch das kollektive Public-Viewing des kontrovers diskutierten Kanzlerduells samt spontan \u00a0initiiertem Trinkspiel (Stichwort EU, Digitalisierung, Fl\u00fcchtlinge,&#8230; \ud83d\ude09 ) am Sonntag.<\/p>\n<p>Was dann noch an Zeit \u00fcbrig bleibt verbringen wir vor allem mit Schlafen, denn die gro\u00dfe Vielfalt an Informationen und Aktivit\u00e4ten nimmt auch die h\u00e4rteste Nachteule ziemlich mit&#8230;<\/p>\n<p>&nbsp;<\/p>\n<p>Was erwartet mich noch die n\u00e4chsten Tage? Gleich geht es erstmal weiter mit meiner Homezone, auch ein Werwolfabend ist wieder angesetzt. Morgen findet dann nachmittags ein von mir lang erwartetes Highlight unseres Seminarprogrammes statt &#8211; bei der Veranstaltung taz-meinland besuchen 10 professionelle Journalisten der taz den Werbellinsee, um mit einzelnen interessierten Freiwilligen (darunter ich) in Anbetracht der nahenden Bundestagswahl ins Gespr\u00e4ch zu kommen und zu erfragen: &#8222;Was ist deutsch?&#8220;, &#8222;Welches Bild von Deutschland m\u00f6chten wir nach Au\u00dfen vermitteln?&#8220;, &#8222;Was ist die Qualit\u00e4t, was eventuell die Misere eines guten. demokratischen Zusammenlebens?&#8220;. Dabei soll es einen Talk auf Augenh\u00f6he geben, dessen Ergebnisse mit in den Zeitungsinhalt aufgenommen werden. Was soll ich sagen &#8211; ich freue mich riesig darauf! Abends wird es dann noch eine offene B\u00fchne mit anschlie\u00dfender Abschiedsparty geben, bevor es am Sonntag wieder mit dem Bus nach Berlin und f\u00fcr mich gegen 21 Uhr weiter Richtung Belarus geht&#8230;<\/p>\n<p>Jetzt muss ich aber wirklich weiter; ich melde mich wenn ich an meiner Einsatzstelle angekommen bin!<\/p>\n<p>Bis dahin machts gut und habt euch lieb!<\/p>\n<p>PS: Hier seht ihr ein Bild der coolen Leute, die mit mir zusammen nach Belarus reisen und denen ich garantiert noch \u00f6fters \u00fcber den Weg laufen werde \ud83d\ude42 \u00a0 Ich freue mich!<\/p>\n<p>&nbsp;<\/p>\n<p><a href=\"https:\/\/kulturweit.blog\/mrromanticisreadyforbelarus\/files\/2017\/09\/1image248.jpg\"><img loading=\"lazy\" decoding=\"async\" class=\"alignnone size-full wp-image-384\" src=\"https:\/\/kulturweit.blog\/mrromanticisreadyforbelarus\/files\/2017\/09\/1image248.jpg\" alt=\"\" width=\"1024\" height=\"576\" srcset=\"https:\/\/kulturweit.blog\/mrromanticisreadyforbelarus\/files\/2017\/09\/1image248.jpg 1024w, https:\/\/kulturweit.blog\/mrromanticisreadyforbelarus\/files\/2017\/09\/1image248-300x169.jpg 300w, https:\/\/kulturweit.blog\/mrromanticisreadyforbelarus\/files\/2017\/09\/1image248-768x432.jpg 768w\" sizes=\"(max-width: 1024px) 100vw, 1024px\" \/><\/a><\/p>\n<p>&nbsp;<\/p>\n","protected":false},"excerpt":{"rendered":"<p>Hallo Freunde, ich sende euch liebe Gr\u00fc\u00dfe vom Werbellinsee nahe Berlin, wo sich mein 10 t\u00e4giges Vorbereitungsseminar langsam zum Schluss neigt. Es war eine extrem abwechslungsreiche und spannende Woche, aber lasst mich etwas weiter ausholen und meine Erz\u00e4hlung am 01. &hellip; <a href=\"https:\/\/kulturweit.blog\/mrromanticisreadyforbelarus\/2017\/09\/08\/neues-aus-berlin\/\">Weiterlesen <span class=\"meta-nav\">&rarr;<\/span><\/a><\/p>\n","protected":false},"author":2228,"featured_media":0,"comment_status":"open","ping_status":"open","sticky":false,"template":"","format":"standard","meta":{"footnotes":""},"categories":[21],"tags":[],"class_list":["post-95","post","type-post","status-publish","format-standard","hentry","category-allgemein"],"amp_enabled":true,"_links":{"self":[{"href":"https:\/\/kulturweit.blog\/mrromanticisreadyforbelarus\/wp-json\/wp\/v2\/posts\/95"}],"collection":[{"href":"https:\/\/kulturweit.blog\/mrromanticisreadyforbelarus\/wp-json\/wp\/v2\/posts"}],"about":[{"href":"https:\/\/kulturweit.blog\/mrromanticisreadyforbelarus\/wp-json\/wp\/v2\/types\/post"}],"author":[{"embeddable":true,"href":"https:\/\/kulturweit.blog\/mrromanticisreadyforbelarus\/wp-json\/wp\/v2\/users\/2228"}],"replies":[{"embeddable":true,"href":"https:\/\/kulturweit.blog\/mrromanticisreadyforbelarus\/wp-json\/wp\/v2\/comments?post=95"}],"version-history":[{"count":3,"href":"https:\/\/kulturweit.blog\/mrromanticisreadyforbelarus\/wp-json\/wp\/v2\/posts\/95\/revisions"}],"predecessor-version":[{"id":386,"href":"https:\/\/kulturweit.blog\/mrromanticisreadyforbelarus\/wp-json\/wp\/v2\/posts\/95\/revisions\/386"}],"wp:attachment":[{"href":"https:\/\/kulturweit.blog\/mrromanticisreadyforbelarus\/wp-json\/wp\/v2\/media?parent=95"}],"wp:term":[{"taxonomy":"category","embeddable":true,"href":"https:\/\/kulturweit.blog\/mrromanticisreadyforbelarus\/wp-json\/wp\/v2\/categories?post=95"},{"taxonomy":"post_tag","embeddable":true,"href":"https:\/\/kulturweit.blog\/mrromanticisreadyforbelarus\/wp-json\/wp\/v2\/tags?post=95"}],"curies":[{"name":"wp","href":"https:\/\/api.w.org\/{rel}","templated":true}]}}