{"id":63,"date":"2017-07-14T23:28:52","date_gmt":"2017-07-14T21:28:52","guid":{"rendered":"https:\/\/kulturweit.blog\/mrromanticisreadyforbelarus\/?p=63"},"modified":"2017-07-15T00:12:52","modified_gmt":"2017-07-14T22:12:52","slug":"let-us-give-it-a-try","status":"publish","type":"post","link":"https:\/\/kulturweit.blog\/mrromanticisreadyforbelarus\/2017\/07\/14\/let-us-give-it-a-try\/","title":{"rendered":"Let`s give it a try"},"content":{"rendered":"<p>Hallo Freunde, danke, dass ihr euch hier auf meine Seite verirrt habt!<\/p>\n<p>Wie ihr sicherlich wisst geht es f\u00fcr mich im September los&#8230; und oh man, das werden dann echt 6 <strong>extrem<\/strong> <strong>harte<\/strong> Monate f\u00fcr euch wenn <strong>Mr.Romantic<\/strong> nicht mehr in eurer Mitte ist (hoffe ich zumindest) \ud83d\ude09 Damit ihr ohne mich nicht ganz verk\u00fcmmert, habe ich beschlossen, \u00fcber meinen Schatten zu springen und diesen Blog ins Leben zu rufen.<\/p>\n<p>Nat\u00fcrlich steht \u00a0euch dieser Blog auch offen, wenn ihr mich nicht pers\u00f6nlich kennt: Egal ob ihr vielleicht \u00fcberlegt, selbst als Freiwillige bei Kulturweit aktiv zu werden oder ihr euch einfach f\u00fcr den Alltag eines deutschen Abiturienten in der &#8222;letzten Diktatur Europas&#8220; interessiert &#8211; ich freue mich \u00fcber jeden Leser, der irgendetwas von dieser Seite f\u00fcr sich mitnehmen kann. Ihr seid jedenfalls herzlich eingeladen mir auf meiner Reise zu folgen!<\/p>\n<p>Ich warne euch: Ich war nie ein leidenschaftlicher Tagebuchschreiber, erwartet deshalb bitte keinen t\u00e4glichen Content von mir! Ich versuche, euch regelm\u00e4\u00dfig auf dem Laufenden zu halten, und verspreche mindestens einmal monatlich ein Status-Update zu bringen.<\/p>\n<p>Dazu sei gesagt, dass ihr mir enorm helfen k\u00f6nnt, in dem ihr Fragen stellt, Anregungen und Feedback gebt sowie W\u00fcnsche \u00e4u\u00dfert &#8211; das alles zeigt mir, dass dieser Blog nicht komplett an allen vorbeigeht und verhilft mir zu neuen Ideen \ud83d\ude42 \u00a0 \u00a0 \u00a0 Danke schonmal daf\u00fcr<\/p>\n<p>&nbsp;<\/p>\n<p>&nbsp;<\/p>\n","protected":false},"excerpt":{"rendered":"<p>Hallo Freunde, danke, dass ihr euch hier auf meine Seite verirrt habt! Wie ihr sicherlich wisst geht es f\u00fcr mich im September los&#8230; und oh man, das werden dann echt 6 extrem harte Monate f\u00fcr euch wenn Mr.Romantic nicht mehr &hellip; <a href=\"https:\/\/kulturweit.blog\/mrromanticisreadyforbelarus\/2017\/07\/14\/let-us-give-it-a-try\/\">Weiterlesen <span class=\"meta-nav\">&rarr;<\/span><\/a><\/p>\n","protected":false},"author":2228,"featured_media":0,"comment_status":"open","ping_status":"open","sticky":false,"template":"","format":"standard","meta":{"footnotes":""},"categories":[21],"tags":[],"class_list":["post-63","post","type-post","status-publish","format-standard","hentry","category-allgemein"],"amp_enabled":true,"_links":{"self":[{"href":"https:\/\/kulturweit.blog\/mrromanticisreadyforbelarus\/wp-json\/wp\/v2\/posts\/63"}],"collection":[{"href":"https:\/\/kulturweit.blog\/mrromanticisreadyforbelarus\/wp-json\/wp\/v2\/posts"}],"about":[{"href":"https:\/\/kulturweit.blog\/mrromanticisreadyforbelarus\/wp-json\/wp\/v2\/types\/post"}],"author":[{"embeddable":true,"href":"https:\/\/kulturweit.blog\/mrromanticisreadyforbelarus\/wp-json\/wp\/v2\/users\/2228"}],"replies":[{"embeddable":true,"href":"https:\/\/kulturweit.blog\/mrromanticisreadyforbelarus\/wp-json\/wp\/v2\/comments?post=63"}],"version-history":[{"count":3,"href":"https:\/\/kulturweit.blog\/mrromanticisreadyforbelarus\/wp-json\/wp\/v2\/posts\/63\/revisions"}],"predecessor-version":[{"id":71,"href":"https:\/\/kulturweit.blog\/mrromanticisreadyforbelarus\/wp-json\/wp\/v2\/posts\/63\/revisions\/71"}],"wp:attachment":[{"href":"https:\/\/kulturweit.blog\/mrromanticisreadyforbelarus\/wp-json\/wp\/v2\/media?parent=63"}],"wp:term":[{"taxonomy":"category","embeddable":true,"href":"https:\/\/kulturweit.blog\/mrromanticisreadyforbelarus\/wp-json\/wp\/v2\/categories?post=63"},{"taxonomy":"post_tag","embeddable":true,"href":"https:\/\/kulturweit.blog\/mrromanticisreadyforbelarus\/wp-json\/wp\/v2\/tags?post=63"}],"curies":[{"name":"wp","href":"https:\/\/api.w.org\/{rel}","templated":true}]}}