{"id":274,"date":"2018-01-16T21:05:47","date_gmt":"2018-01-16T20:05:47","guid":{"rendered":"https:\/\/kulturweit.blog\/mrromanticisreadyforbelarus\/?p=274"},"modified":"2018-01-17T09:10:39","modified_gmt":"2018-01-17T08:10:39","slug":"liebesgruesse-aus-der-zarenstadt","status":"publish","type":"post","link":"https:\/\/kulturweit.blog\/mrromanticisreadyforbelarus\/2018\/01\/16\/liebesgruesse-aus-der-zarenstadt\/","title":{"rendered":"Liebesgr\u00fc\u00dfe aus der Zarenstadt"},"content":{"rendered":"<p>Hallo Freunde,<\/p>\n<p>herzlich willkommen im Jahr 2018! Ich hoffe, ihr alle seid gut hineingerutscht und habt das alte Jahr geb\u00fchrend verabschiedet. 2017 war garantiert nicht perfekt, sowohl in politischer Hinsicht als auch vom pers\u00f6nlichen Blickwinkel, aber f\u00fcr uns alle hielt es sicherlich einige H\u00f6hen und Tiefen bereit, die wir ein Leben lang nicht vergessen werden und die uns langfristig gepr\u00e4gt haben. Da bleibt es nur zu hoffen, dass es f\u00fcr euch in den letzten 12 Monaten in der Gesamtsumme mehr Positives als Negatives gab, und 2018 unsere H\u00f6hen wachsen l\u00e4sst sowie den Tiefen ihre Wurzeln weglasert! Deshalb lasst uns nachtr\u00e4glich unser Glas erheben\u00a0 und gemeinsam auf ein tolles neues Jahr ansto\u00dfen. Na sdorowje!\u00a0PS: Dieser Blogeintrag ist, nun ja, ziemlich bildlastig und hat dementsprechend besonders viel M\u00fche gekostet. Ich hoffe, ihr findet Gefallen daran! \ud83d\ude42<\/p>\n<p><!--more--><\/p>\n<p>Ich verbrachte mein diesj\u00e4hriges Silvester zusammen mit den anderen Belarusfreiwilligen Anna, Tabea, Amelie und Zoe in der Landeshauptstadt Minsk. Tanja aus dem Goetheinstitut flog \u00fcber die Feiertage nach Deutschland und war so freundlich, uns ihre moderne Wohnung im Zentrum zur Verf\u00fcgung zu stellen. Die Woche davor verlief eher unspektakul\u00e4r &#8211; kein regul\u00e4rer Unterricht wegen Schulferien, stattdessen t\u00e4gliche Intensivvorbereitung einzelner Sch\u00fcler f\u00fcr die Deutscholympiade. Nur der Freitag hielt ein besonderes Ereignis f\u00fcr mich bereit &#8211; ich bekam spontan eine Einladung von Polinas Eltern nach Hause. Ich freute mich riesig dar\u00fcber, da es sich seit meiner gesamten Zeit hier um die erste private Einladung handelte, die ich bekam,\u00a0 und ich insgeheim schon lange den Wunsch versp\u00fcrte, einer belarussischen Familie einen Besuch abzustatten. Gleichzeitig war ich auch sehr aufgeregt und etwas nerv\u00f6s, da ich mir nicht sicher war, was man von mir erwarten w\u00fcrde, und Polinas Mutter als Mathelehrerin am Gymnasium Nr. 2 unter den Sch\u00fclern einen sehr strengen Ruf genie\u00dft. Meine Neugier \u00fcberwog jedoch, ich suchte also schnell nach einem angemessenen Gastgeschenk und machte mich abends auf in die &#8222;H\u00f6hle des L\u00f6wen&#8220;. Eines schonmal vorneweg- der Abend wurde super interessant und ich f\u00fchlte mich nach der ersten Minute sofort rundum wohl! Die Gastgeberin begr\u00fc\u00dfte mich mit offenen Armen, setzte mich an den K\u00fcchentisch und f\u00fctterte mich ordentlich durch &#8211; ganz gem\u00e4\u00df der ber\u00fcchtigten russischen Gastfreundschaft \ud83d\ude42 Dabei stellte sie mir unentwegt Fragen \u00fcber mich, meine Familie, meine Zukunftspl\u00e4ne und den Alltag in Deutschland. Auch wollte sie meine Einsch\u00e4tzung zu den verschiedensten Dingen h\u00f6ren &#8211; die Erziehung in Deutschland und Belarus, Vor-und Nachteile der verschiedenen Staats-und Bildungssysteme, allgemeine Weltpolitik&#8230; Ich wurde gebeten, die aktuelle Krise mit Nordkorea auszuleuchten, Donald Trumps Amtszeit als Pr\u00e4sidenten zu kommentieren sowie Stellung zu Russlands Au\u00dfen-und Innenpolitik zu nehmen. Dabei habe ich mich so ernst genommen gef\u00fchlt wie selten zuvor, jedes meiner Worte wurde aufgesogen und geglaubt, weshalb ich sehr darauf bedacht war, alles m\u00f6glichst richtig und korrekt darzustellen. Schnell wurde mir bewusst, dass ich, ob ich will oder nicht,\u00a0 als eine Art \u00fcbergeordnete Autorit\u00e4t wahrgenommen werde, was mir das ungewohnte Gef\u00fchl gab, \u00e4lter und erfahrener zu sein, als ich es mit meinen 18 Jahren eigentlich bin. Auch wurde klar, dass Weltpolitik f\u00fcr die hiesige Durchschnittsbev\u00f6lkerung eine untergeordnete Rolle spielt: Die Medien sind staatlich unterwandert und selten objektiv, die meisten Leute kommen selten aus Belarus raus und\u00a0haben weit schwierigere Lebensumst\u00e4nde als wir Europ\u00e4er, weshalb es f\u00fcr einen ausf\u00fchrlichen und differenzierten Blick \u00fcber die Landesgrenzen hinaus oft nicht reicht&#8230; So kann es passieren, dass hochqualifizierte und kluge Akademiker zum Beispiel nicht im Bilde sind, was denn da genau f\u00fcr eine Situation in Nordkorea herrsche? &#8211; eine Frage, bei der ich erstmal \u00fcberlegen musste, da man in Deutschland solche Dinge durch regelm\u00e4\u00dfigen Medienkonsum gewisserma\u00dfen als Allgemeinwissen voraussetzt. Gleichzeitig habe ich aber auch gesehen, dass die Leute sehr wohl aufgeschlossen und wissbegierig sind, ich als &#8222;gebildeter junger Deutscher&#8220; werde so als praktische Informationsquelle betrachtet, die ausgesch\u00f6pft werden muss&#8230; Ich m\u00fcsste l\u00fcgen, w\u00fcrde ich behaupten, ich h\u00e4tte es nicht ein wenig genossen \ud83d\ude42 Sp\u00e4ter kam auch noch der Familienvater, ein Informatiklehrer, nach Hause; und das Gespr\u00e4ch schweifte endg\u00fcltig in Richtung Fl\u00fcchtlingskrise, Krim sowie das Verh\u00e4ltnis von Ost und West ab; zwischendurch gab es zur Auflockerungen Anekdoten aus dem Alltag sowie Erz\u00e4hlungen von Arbeit und Urlauben. Nach 5 spannenden Stunden voller interessantem Gespr\u00e4chsstoff, mehreren Nachschl\u00e4gen und Teetassen sowie einer Einladung zum Schaschlik sp\u00e4ter verabschiedete ich mich und spazierte zur\u00fcck zu meiner Wohnung, wo ich gl\u00fccklich, zufrieden und voller neuer Eindr\u00fccke in einen tiefen Schlaf fiel.<\/p>\n<p>Am Samstag, den 30. Dezember, ging es dann endlich nach Minsk, wo ich abends in Tanjas Wohnung auf die anderen Freiwilligen traf und wir uns einen sch\u00f6nen Abend ganz nach dem Motto Netflix and Chill machten \ud83d\ude09 Am Morgen des letzten Dezembertages waren wir gemeinsam im prachtvollen Bolshoi-Theater, um uns f\u00fcr mickrige 3,50 Euro von seitlichen Logenpl\u00e4tzen aus das ber\u00fchmte Nussknackerballett anzusehen. Was soll ich sagen? Ihr alle kennt sicherlich die wundersch\u00f6ne Suite, und die T\u00e4nze dazu waren einfach sagenhaft sch\u00f6n. Eines m\u00f6chte ich hier nochmal klarstellen &#8211; im Ballett macht den (Wei\u00df)Russen absolut keiner was vor!<\/p>\n<p><a href=\"https:\/\/kulturweit.blog\/mrromanticisreadyforbelarus\/files\/2018\/01\/IMG-20171231-WA0021.jpg\"><img loading=\"lazy\" decoding=\"async\" class=\"alignnone size-medium wp-image-280\" src=\"https:\/\/kulturweit.blog\/mrromanticisreadyforbelarus\/files\/2018\/01\/IMG-20171231-WA0021-300x400.jpg\" alt=\"\" width=\"300\" height=\"400\" srcset=\"https:\/\/kulturweit.blog\/mrromanticisreadyforbelarus\/files\/2018\/01\/IMG-20171231-WA0021-300x400.jpg 300w, https:\/\/kulturweit.blog\/mrromanticisreadyforbelarus\/files\/2018\/01\/IMG-20171231-WA0021-768x1024.jpg 768w, https:\/\/kulturweit.blog\/mrromanticisreadyforbelarus\/files\/2018\/01\/IMG-20171231-WA0021-810x1080.jpg 810w, https:\/\/kulturweit.blog\/mrromanticisreadyforbelarus\/files\/2018\/01\/IMG-20171231-WA0021.jpg 960w\" sizes=\"(max-width: 300px) 100vw, 300px\" \/><\/a>\u00a0\u00a0<a href=\"https:\/\/kulturweit.blog\/mrromanticisreadyforbelarus\/files\/2018\/01\/IMG-20171231-WA0026.jpg\"><img loading=\"lazy\" decoding=\"async\" class=\"alignnone size-medium wp-image-279\" src=\"https:\/\/kulturweit.blog\/mrromanticisreadyforbelarus\/files\/2018\/01\/IMG-20171231-WA0026-300x225.jpg\" alt=\"\" width=\"300\" height=\"225\" srcset=\"https:\/\/kulturweit.blog\/mrromanticisreadyforbelarus\/files\/2018\/01\/IMG-20171231-WA0026-300x225.jpg 300w, https:\/\/kulturweit.blog\/mrromanticisreadyforbelarus\/files\/2018\/01\/IMG-20171231-WA0026-768x576.jpg 768w, https:\/\/kulturweit.blog\/mrromanticisreadyforbelarus\/files\/2018\/01\/IMG-20171231-WA0026.jpg 1024w\" sizes=\"(max-width: 300px) 100vw, 300px\" \/><\/a><\/p>\n<p>Abends flanierten wir durch das hell erleuchtete und feierlich geschm\u00fcckte Minsk, a\u00dfen in einem Restaurant und fristeten die restlichen Stunden in unserer Wohnung, wo sich einige im Zimmer einsperrten und sich sch\u00f6n machten w\u00e4hrend andere fr\u00f6hlich ABBA-Karaoke betrieben \ud83d\ude09 Zusammen mit einer Flasche &#8222;sowjetischen Champagner&#8220; ging es dann kurz vor Mitternacht auf den Oktoberplatz, wo wir uns erhofften, mit ganz Minsk den Countdown herunterzuz\u00e4hlen und unter einem gro\u00dfen Feuerwerk gemeinsam anzusto\u00dfen&#8230; Dem war leider nicht ganz so &#8211; der Platz war halb leer, auf einer mittelgro\u00dfen Leinwand wurde die Ansprache des Pr\u00e4sidenten ohne Ton \u00fcbertragen und sowohl fr\u00f6hliches Hinunterz\u00e4hlen als auch mittern\u00e4chtliches Feuerwerk blieben aus&#8230; wir kippten also alleine den Champagner und liefen gemeinsam hinunter zum Fluss, verst\u00e4rkt durch einen fremden Typen, der Niemandem zum Feiern hatte und mit seinen minimalen Brocken Englisch das Mitleid unserer M\u00e4dchen erregte. Am Fluss gab es ein gro\u00dfes Neujahrskonzert, die Stimmung war ausgelassen und um 01:30 stieg \u00a0dann doch noch ein Feuerwerk in die L\u00fcfte, so sch\u00f6n und pr\u00e4chtig, dass kein Wunsch unerf\u00fcllt blieb!<\/p>\n<p><a href=\"https:\/\/kulturweit.blog\/mrromanticisreadyforbelarus\/files\/2018\/01\/20171231_183301.jpg\"><img loading=\"lazy\" decoding=\"async\" class=\"alignnone size-medium wp-image-284\" src=\"https:\/\/kulturweit.blog\/mrromanticisreadyforbelarus\/files\/2018\/01\/20171231_183301-300x169.jpg\" alt=\"\" width=\"300\" height=\"169\" srcset=\"https:\/\/kulturweit.blog\/mrromanticisreadyforbelarus\/files\/2018\/01\/20171231_183301-300x169.jpg 300w, https:\/\/kulturweit.blog\/mrromanticisreadyforbelarus\/files\/2018\/01\/20171231_183301-768x432.jpg 768w, https:\/\/kulturweit.blog\/mrromanticisreadyforbelarus\/files\/2018\/01\/20171231_183301.jpg 1024w\" sizes=\"(max-width: 300px) 100vw, 300px\" \/><\/a><a href=\"https:\/\/kulturweit.blog\/mrromanticisreadyforbelarus\/files\/2018\/01\/IMG-20171231-WA0039.jpg\">\u00a0<img loading=\"lazy\" decoding=\"async\" class=\"alignnone size-medium wp-image-282\" src=\"https:\/\/kulturweit.blog\/mrromanticisreadyforbelarus\/files\/2018\/01\/IMG-20171231-WA0039-300x225.jpg\" alt=\"\" width=\"300\" height=\"225\" srcset=\"https:\/\/kulturweit.blog\/mrromanticisreadyforbelarus\/files\/2018\/01\/IMG-20171231-WA0039-300x225.jpg 300w, https:\/\/kulturweit.blog\/mrromanticisreadyforbelarus\/files\/2018\/01\/IMG-20171231-WA0039-768x576.jpg 768w, https:\/\/kulturweit.blog\/mrromanticisreadyforbelarus\/files\/2018\/01\/IMG-20171231-WA0039.jpg 1024w\" sizes=\"(max-width: 300px) 100vw, 300px\" \/><\/a>\u00a0<a href=\"https:\/\/kulturweit.blog\/mrromanticisreadyforbelarus\/files\/2018\/01\/20180101_013129.jpg\"><img loading=\"lazy\" decoding=\"async\" class=\"alignnone size-medium wp-image-283\" src=\"https:\/\/kulturweit.blog\/mrromanticisreadyforbelarus\/files\/2018\/01\/20180101_013129-300x169.jpg\" alt=\"\" width=\"300\" height=\"169\" srcset=\"https:\/\/kulturweit.blog\/mrromanticisreadyforbelarus\/files\/2018\/01\/20180101_013129-300x169.jpg 300w, https:\/\/kulturweit.blog\/mrromanticisreadyforbelarus\/files\/2018\/01\/20180101_013129-768x432.jpg 768w, https:\/\/kulturweit.blog\/mrromanticisreadyforbelarus\/files\/2018\/01\/20180101_013129.jpg 1024w\" sizes=\"(max-width: 300px) 100vw, 300px\" \/><\/a><\/p>\n<p>Nach Abschluss des Spektakels verlor unsere Gruppe etwas die Orientierung, wir schlenderten durch einige Bars, wurden den mit der Zeit immer merkw\u00fcrdigeren Typen irgendwie los und machten uns schlie\u00dflich wieder auf nach Hause, wo uns schnell der Schlaf \u00fcbermannte. So fand unsere Silvesterfeier zwar ein eher unspektakul\u00e4res Ende, aber wieso alle Erwartungen auf einen Abend setzen, wo das kommende 2018 365 weitere Abende bereith\u00e4lt, die alle das Potential haben, einzigartig zu werden? So bin ich einfach froh, am 31.\u00a0 rausgekommen zu sein und viele spa\u00dfige Momente mit der Belarus-Crew erlebt zu haben \ud83d\ude42<\/p>\n<p>Die erste Januarwoche verlief wie die letzte, am Freitag Abend lud ich meine Freunde zum Bohnanza-Spielen ein und hatte somit einen unterhaltsamen Wochenabschluss. Au\u00dferdem erschien auf Youtube eine kleine Reportage \u00fcber meine Arbeit an der Schule sowie meine Eindr\u00fccke zu Belarus, wer gerade dabei ist, Russisch zu lernen, oder einfach so interessiert ist, kann gerne einen Blick hineinwerfen \ud83d\ude42<\/p>\n<p><iframe loading=\"lazy\" title=\"\u0412\u043e\u043b\u043e\u043d\u0442\u0435\u0440 \u0438\u0437 \u0413\u0435\u0440\u043c\u0430\u043d\u0438\u0438 \u0420\u043e\u043c\u0430\u043d \u041a\u0430\u0441\u0442\u043d\u0435\u0440: \u043e \u041f\u0438\u043d\u0441\u043a\u0435 \u0438 \u0441\u0438\u0441\u0442\u0435\u043c\u0435 \u043e\u0431\u0440\u0430\u0437\u043e\u0432\u0430\u043d\u0438\u044f\" width=\"620\" height=\"349\" src=\"https:\/\/www.youtube.com\/embed\/GTlU82ZtqAk?feature=oembed\" frameborder=\"0\" allow=\"accelerometer; autoplay; clipboard-write; encrypted-media; gyroscope; picture-in-picture; web-share\" referrerpolicy=\"strict-origin-when-cross-origin\" allowfullscreen><\/iframe><\/p>\n<p>Sonntag war es dann soweit &#8211; mein lange hinausgez\u00f6gerter und wohlverdienter Urlaub stand an. F\u00fcr mich stand schon seit l\u00e4ngerem fest, dass ich gerne der Newa-Metropole Sankt Petersburg einen Besuch abstatten w\u00fcrde &#8211; ich war als kleiner Junge schon einmal dort,\u00a0 damals jedoch nicht sonderlich begeisterungsf\u00e4hig f\u00fcr lange Spazierg\u00e4ngen und Besichtigungen \ud83d\ude42 Deshalb wollte ich die Stadt nochmal aus erwachsener Perspektive kennenlernen, und da sich Pinsk auf halber Strecke befindet und mein Onkel dort aktuell als Eventmanager\u00a0 eine Open-Air Eislaufbahn im Stadtzentrum leitet, bat sich mir hier die beste Gelegenheit zu einem Kurztrip. Hin ging es mit dem Nachtbus aus Minsk, dank russischem Pass war die Grenze fix passiert und am n\u00e4chsten Morgen wurde ich schon von meinem Onkel mit dem Auto vom Bahnhof abgeholt und zu unserer Wohnung gefahren. Viel Zeit verbrachte ich dort jedoch nicht &#8211; vor meiner Haust\u00fcr lag die weltbekannte Zarenstadt, die mir einladend ihre Hand entgegenstreckte! Die n\u00e4chsten Tage waren also vollgestopft mit den verschiedensten Eindr\u00fccken und Erlebnissen:<\/p>\n<p>Am ersten Tag ging es erst einmal auf Erkundungstour. Gemeinsam mit meinem Onkel flanierte ich den Newski-Prospekt, die ber\u00fchmteste Prachtstra\u00dfe Russlands, hinunter; vorbei an der Kasaner Kathedrale, der Eremitage, der Isaakskathedrale, \u00fcber eine der klappbaren Br\u00fccken \u00fcber die Newa und im zickzack durch die wundersch\u00f6nen und belebten Stra\u00dfenschluchten der Stadt.<\/p>\n<p><a href=\"https:\/\/kulturweit.blog\/mrromanticisreadyforbelarus\/files\/2018\/01\/20180108_132034.jpg\"><img loading=\"lazy\" decoding=\"async\" class=\"alignnone size-full wp-image-287\" src=\"https:\/\/kulturweit.blog\/mrromanticisreadyforbelarus\/files\/2018\/01\/20180108_132034.jpg\" alt=\"\" width=\"1024\" height=\"576\" srcset=\"https:\/\/kulturweit.blog\/mrromanticisreadyforbelarus\/files\/2018\/01\/20180108_132034.jpg 1024w, https:\/\/kulturweit.blog\/mrromanticisreadyforbelarus\/files\/2018\/01\/20180108_132034-300x169.jpg 300w, https:\/\/kulturweit.blog\/mrromanticisreadyforbelarus\/files\/2018\/01\/20180108_132034-768x432.jpg 768w\" sizes=\"(max-width: 1024px) 100vw, 1024px\" \/><\/a><\/p>\n<p><a href=\"https:\/\/kulturweit.blog\/mrromanticisreadyforbelarus\/files\/2018\/01\/20180108_140953.jpg\"><img loading=\"lazy\" decoding=\"async\" class=\"alignnone size-full wp-image-288\" src=\"https:\/\/kulturweit.blog\/mrromanticisreadyforbelarus\/files\/2018\/01\/20180108_140953.jpg\" alt=\"\" width=\"1024\" height=\"576\" srcset=\"https:\/\/kulturweit.blog\/mrromanticisreadyforbelarus\/files\/2018\/01\/20180108_140953.jpg 1024w, https:\/\/kulturweit.blog\/mrromanticisreadyforbelarus\/files\/2018\/01\/20180108_140953-300x169.jpg 300w, https:\/\/kulturweit.blog\/mrromanticisreadyforbelarus\/files\/2018\/01\/20180108_140953-768x432.jpg 768w\" sizes=\"(max-width: 1024px) 100vw, 1024px\" \/><\/a><\/p>\n<p><a href=\"https:\/\/kulturweit.blog\/mrromanticisreadyforbelarus\/files\/2018\/01\/20180108_140729.jpg\"><img loading=\"lazy\" decoding=\"async\" class=\"alignnone size-medium wp-image-292\" src=\"https:\/\/kulturweit.blog\/mrromanticisreadyforbelarus\/files\/2018\/01\/20180108_140729-300x533.jpg\" alt=\"\" width=\"300\" height=\"533\" srcset=\"https:\/\/kulturweit.blog\/mrromanticisreadyforbelarus\/files\/2018\/01\/20180108_140729-300x533.jpg 300w, https:\/\/kulturweit.blog\/mrromanticisreadyforbelarus\/files\/2018\/01\/20180108_140729.jpg 576w\" sizes=\"(max-width: 300px) 100vw, 300px\" \/><\/a>\u00a0\u00a0<a href=\"https:\/\/kulturweit.blog\/mrromanticisreadyforbelarus\/files\/2018\/01\/20180108_144222.jpg\"><img loading=\"lazy\" decoding=\"async\" class=\"alignnone size-medium wp-image-289\" src=\"https:\/\/kulturweit.blog\/mrromanticisreadyforbelarus\/files\/2018\/01\/20180108_144222-300x533.jpg\" alt=\"\" width=\"300\" height=\"533\" srcset=\"https:\/\/kulturweit.blog\/mrromanticisreadyforbelarus\/files\/2018\/01\/20180108_144222-300x533.jpg 300w, https:\/\/kulturweit.blog\/mrromanticisreadyforbelarus\/files\/2018\/01\/20180108_144222.jpg 576w\" sizes=\"(max-width: 300px) 100vw, 300px\" \/><\/a><\/p>\n<p>Gegen Abend besuchten wir die Open-Air Eislaufbahn, die mein Onkel betreut. Sie befindet sich ganz in der N\u00e4he der Newa im Zentrum, auf einem kleinen malerischen Inselchen mit dem Namen &#8222;Neues Holland&#8220;. Ganz VIP-like passierten wir die lange Schlange, bekamen kostenlos ein Paar frisch geschliffene Schlittschuhe und begaben und auf die hell erleuchtete Eisfl\u00e4che, wo wir fahren konnten, bis uns unsere F\u00fc\u00dfe abzufallen drohten.<\/p>\n<p><a href=\"https:\/\/kulturweit.blog\/mrromanticisreadyforbelarus\/files\/2018\/01\/20180108_183332.jpg\"><img loading=\"lazy\" decoding=\"async\" class=\"alignnone size-full wp-image-294\" src=\"https:\/\/kulturweit.blog\/mrromanticisreadyforbelarus\/files\/2018\/01\/20180108_183332.jpg\" alt=\"\" width=\"1024\" height=\"576\" srcset=\"https:\/\/kulturweit.blog\/mrromanticisreadyforbelarus\/files\/2018\/01\/20180108_183332.jpg 1024w, https:\/\/kulturweit.blog\/mrromanticisreadyforbelarus\/files\/2018\/01\/20180108_183332-300x169.jpg 300w, https:\/\/kulturweit.blog\/mrromanticisreadyforbelarus\/files\/2018\/01\/20180108_183332-768x432.jpg 768w\" sizes=\"(max-width: 1024px) 100vw, 1024px\" \/><\/a><\/p>\n<p><a href=\"https:\/\/kulturweit.blog\/mrromanticisreadyforbelarus\/files\/2018\/01\/20180108_172831.jpg\"><img loading=\"lazy\" decoding=\"async\" class=\"alignnone size-full wp-image-291\" src=\"https:\/\/kulturweit.blog\/mrromanticisreadyforbelarus\/files\/2018\/01\/20180108_172831.jpg\" alt=\"\" width=\"1024\" height=\"576\" srcset=\"https:\/\/kulturweit.blog\/mrromanticisreadyforbelarus\/files\/2018\/01\/20180108_172831.jpg 1024w, https:\/\/kulturweit.blog\/mrromanticisreadyforbelarus\/files\/2018\/01\/20180108_172831-300x169.jpg 300w, https:\/\/kulturweit.blog\/mrromanticisreadyforbelarus\/files\/2018\/01\/20180108_172831-768x432.jpg 768w\" sizes=\"(max-width: 1024px) 100vw, 1024px\" \/><\/a><\/p>\n<p>Als dieser Fall eintrat, spazierten wir durch das n\u00e4chtliche Sankt Petersburg. Dabei verschlug es mir durchgehend den Atem &#8211; tags\u00fcber schon ein Gedicht, verwandelte sich Petersburg in der Dunkelheit in ein leuchtendes, zauberhaftes Winterm\u00e4rchen. Als wir dann zum kr\u00f6nenden Abschluss dem Festival of Light beiwohnten, in dessen Zuge unter musikalischer Untermalung ein prachtvolles Feuerwerk \u00fcber dem historischen Zentrum gez\u00fcndet wurde, dessen Lichter sich im klaren Blau der Newa spiegelten und als verspielte Lichtimpulse den Fluss rauf und runterjagten, formte ich lautlos mit den Lippen ein &#8222;\u042f \u043b\u044e\u0431\u043b\u044e \u0442\u0435\u0431\u044f, \u041f\u0438\u0442\u0435\u0440&#8220; &#8211; ich hatte mich vom ersten Tag an in die Zarenstadt verliebt.<\/p>\n<p><a href=\"https:\/\/kulturweit.blog\/mrromanticisreadyforbelarus\/files\/2018\/01\/20180108_183655.jpg\"><img loading=\"lazy\" decoding=\"async\" class=\"alignnone size-full wp-image-295\" src=\"https:\/\/kulturweit.blog\/mrromanticisreadyforbelarus\/files\/2018\/01\/20180108_183655.jpg\" alt=\"\" width=\"1024\" height=\"576\" srcset=\"https:\/\/kulturweit.blog\/mrromanticisreadyforbelarus\/files\/2018\/01\/20180108_183655.jpg 1024w, https:\/\/kulturweit.blog\/mrromanticisreadyforbelarus\/files\/2018\/01\/20180108_183655-300x169.jpg 300w, https:\/\/kulturweit.blog\/mrromanticisreadyforbelarus\/files\/2018\/01\/20180108_183655-768x432.jpg 768w\" sizes=\"(max-width: 1024px) 100vw, 1024px\" \/><\/a>\u00a0\u00a0<a href=\"https:\/\/kulturweit.blog\/mrromanticisreadyforbelarus\/files\/2018\/01\/20180108_195559_HDR.jpg\"><img loading=\"lazy\" decoding=\"async\" class=\"alignnone size-full wp-image-296\" src=\"https:\/\/kulturweit.blog\/mrromanticisreadyforbelarus\/files\/2018\/01\/20180108_195559_HDR.jpg\" alt=\"\" width=\"1024\" height=\"576\" srcset=\"https:\/\/kulturweit.blog\/mrromanticisreadyforbelarus\/files\/2018\/01\/20180108_195559_HDR.jpg 1024w, https:\/\/kulturweit.blog\/mrromanticisreadyforbelarus\/files\/2018\/01\/20180108_195559_HDR-300x169.jpg 300w, https:\/\/kulturweit.blog\/mrromanticisreadyforbelarus\/files\/2018\/01\/20180108_195559_HDR-768x432.jpg 768w\" sizes=\"(max-width: 1024px) 100vw, 1024px\" \/><\/a><a href=\"https:\/\/kulturweit.blog\/mrromanticisreadyforbelarus\/files\/2018\/01\/20180108_200033.jpg\"><img loading=\"lazy\" decoding=\"async\" class=\"alignnone size-medium wp-image-297\" src=\"https:\/\/kulturweit.blog\/mrromanticisreadyforbelarus\/files\/2018\/01\/20180108_200033-300x169.jpg\" alt=\"\" width=\"300\" height=\"169\" srcset=\"https:\/\/kulturweit.blog\/mrromanticisreadyforbelarus\/files\/2018\/01\/20180108_200033-300x169.jpg 300w, https:\/\/kulturweit.blog\/mrromanticisreadyforbelarus\/files\/2018\/01\/20180108_200033-768x432.jpg 768w, https:\/\/kulturweit.blog\/mrromanticisreadyforbelarus\/files\/2018\/01\/20180108_200033.jpg 1024w\" sizes=\"(max-width: 300px) 100vw, 300px\" \/><\/a>\u00a0<a href=\"https:\/\/kulturweit.blog\/mrromanticisreadyforbelarus\/files\/2018\/01\/20180108_190956.jpg\"><img loading=\"lazy\" decoding=\"async\" class=\"alignnone size-medium wp-image-298\" src=\"https:\/\/kulturweit.blog\/mrromanticisreadyforbelarus\/files\/2018\/01\/20180108_190956-300x169.jpg\" alt=\"\" width=\"300\" height=\"169\" srcset=\"https:\/\/kulturweit.blog\/mrromanticisreadyforbelarus\/files\/2018\/01\/20180108_190956-300x169.jpg 300w, https:\/\/kulturweit.blog\/mrromanticisreadyforbelarus\/files\/2018\/01\/20180108_190956-768x432.jpg 768w, https:\/\/kulturweit.blog\/mrromanticisreadyforbelarus\/files\/2018\/01\/20180108_190956.jpg 1024w\" sizes=\"(max-width: 300px) 100vw, 300px\" \/><\/a>\u00a0<a href=\"https:\/\/kulturweit.blog\/mrromanticisreadyforbelarus\/files\/2018\/01\/20180108_220235_HDR.jpg\"><img loading=\"lazy\" decoding=\"async\" class=\"alignnone size-medium wp-image-299\" src=\"https:\/\/kulturweit.blog\/mrromanticisreadyforbelarus\/files\/2018\/01\/20180108_220235_HDR-300x169.jpg\" alt=\"\" width=\"300\" height=\"169\" srcset=\"https:\/\/kulturweit.blog\/mrromanticisreadyforbelarus\/files\/2018\/01\/20180108_220235_HDR-300x169.jpg 300w, https:\/\/kulturweit.blog\/mrromanticisreadyforbelarus\/files\/2018\/01\/20180108_220235_HDR-768x432.jpg 768w, https:\/\/kulturweit.blog\/mrromanticisreadyforbelarus\/files\/2018\/01\/20180108_220235_HDR.jpg 1024w\" sizes=\"(max-width: 300px) 100vw, 300px\" \/><\/a><\/p>\n<p>Auch die kommenden Tage waren nicht minder aufregend. Am Dienstag ging es ins 30 km entfernte Peterhof, um die ber\u00fchmte Palastanlage am Finnischen Meerbusen zu besichtigen. W\u00e4hrend es hier im Sommer vor Touristen nur so wimmelt, war der riesige Park bei unserer Ankunft menschenleer &#8211; die zahlreichen Springbrunnen eingefroren, und die goldenen Skulpturen zum Teil mit Schnee bedeckt, was dem Park eine mystische Aura verlieh. W\u00e4hrend der 1 1\/2 St\u00fcndigen F\u00fchrung durch die prunkvollen Gem\u00e4cher des Zarenpalastes stand mir der Mund vor Erstaunen weit offen &#8211; jeder noch so kleine Raum ist ein Kunstwerk f\u00fcr sich, reich und stilvoll verkleidet und mit extravaganten Gem\u00e4lden und Kunstobjekten aus allen Ecken der Welt verziert. Leider war es untersagt, Fotos zu machen, deshalb fahrt unbedingt selbst dorthin und lasst euch von Sch\u00f6nheit und Glanz \u00fcberw\u00e4ltigen!<\/p>\n<p><a href=\"https:\/\/kulturweit.blog\/mrromanticisreadyforbelarus\/files\/2018\/01\/20180109_162740.jpg\"><img loading=\"lazy\" decoding=\"async\" class=\"alignnone size-full wp-image-302\" src=\"https:\/\/kulturweit.blog\/mrromanticisreadyforbelarus\/files\/2018\/01\/20180109_162740.jpg\" alt=\"\" width=\"1024\" height=\"576\" srcset=\"https:\/\/kulturweit.blog\/mrromanticisreadyforbelarus\/files\/2018\/01\/20180109_162740.jpg 1024w, https:\/\/kulturweit.blog\/mrromanticisreadyforbelarus\/files\/2018\/01\/20180109_162740-300x169.jpg 300w, https:\/\/kulturweit.blog\/mrromanticisreadyforbelarus\/files\/2018\/01\/20180109_162740-768x432.jpg 768w\" sizes=\"(max-width: 1024px) 100vw, 1024px\" \/><\/a><\/p>\n<p>Zur\u00fcck in die Stadt durfte ich nach langer Enthaltsamkeit endlich selbst\u00a0 am Steuer Platz nehmen &#8211; erste Lektion meines Onkels: &#8222;Offiziell darfst du in der Stadt 60 fahren, inoffiziell sind es jedoch 80 da die Blitzer alles unter einer \u00dcberschreitung um 20 km\/h nicht z\u00e4hlen lassen k\u00f6nnen&#8220; \ud83d\ude42 Mit dieser Einstellung konnte ich anschlie\u00dfend den russischen Verkehr am eigenen Leib erfahren &#8211; so schlimm, wie in zahlreichen Youtube-Videos dargestellt, ist er zum Gl\u00fcck bei Weitem nicht! Eine weitere tolle Sache an Petersburg &#8211; man findet \u00fcberall im Zentrum einen Parkplatz, und muss daf\u00fcr nicht einmal bezahlen! Also wurde schnell geparkt und das verborgene Nachtleben der Metropole erkundet, welches einfach unheimlich aufregend\u00a0 und durch zahlreiche exklusive Insider-Spots mindestens genauso hip ist wie das der westlichen Hauptst\u00e4dte Berlin, London und New York!<\/p>\n<p>Am Mittwoch hie\u00df es fr\u00fch aufstehen, um mit dem Zug an die finnischen Grenze zu fahren, wo ein schneewei\u00dfer und nahezu unber\u00fchrter weitfl\u00e4chiger Nationalpark auf uns wartete. Fix kletterten wir \u00fcber ein paar Absperrb\u00e4nder und verlie\u00dfen die betonierten Wege (nur f\u00fcr Weicheier :D), um eine Steilk\u00fcste zu erklimmen, was uns schlie\u00dflich eine atemberaubende Aussicht das Ende der Welt (Quelle: Google Maps &#8222;Worlds End&#8220;), den zugefrorenen und endlos scheinenden finnischen Meerbusen, gew\u00e4hrte. Nach einer anschlie\u00dfenden Besichtigung der russisch\/schwedisch\/finnischen Stadt Wyborg ging es wieder zur\u00fcck nach Petersburg, um eine verst\u00f6rend-moderne, dreist\u00fcndige Neuinszenierung von Shakespeares Sommernachtstraum zu besuchen &#8211;\u00a0 der Abend war crazy \ud83d\ude09<\/p>\n<p><a href=\"https:\/\/kulturweit.blog\/mrromanticisreadyforbelarus\/files\/2018\/01\/20180110_095628.jpg\"><img loading=\"lazy\" decoding=\"async\" class=\"alignnone size-medium wp-image-303\" src=\"https:\/\/kulturweit.blog\/mrromanticisreadyforbelarus\/files\/2018\/01\/20180110_095628-300x533.jpg\" alt=\"\" width=\"300\" height=\"533\" srcset=\"https:\/\/kulturweit.blog\/mrromanticisreadyforbelarus\/files\/2018\/01\/20180110_095628-300x533.jpg 300w, https:\/\/kulturweit.blog\/mrromanticisreadyforbelarus\/files\/2018\/01\/20180110_095628.jpg 576w\" sizes=\"(max-width: 300px) 100vw, 300px\" \/><\/a>\u00a0<a href=\"https:\/\/kulturweit.blog\/mrromanticisreadyforbelarus\/files\/2018\/01\/20180110_101800.jpg\"><img loading=\"lazy\" decoding=\"async\" class=\"alignnone size-medium wp-image-305\" src=\"https:\/\/kulturweit.blog\/mrromanticisreadyforbelarus\/files\/2018\/01\/20180110_101800-300x533.jpg\" alt=\"\" width=\"300\" height=\"533\" srcset=\"https:\/\/kulturweit.blog\/mrromanticisreadyforbelarus\/files\/2018\/01\/20180110_101800-300x533.jpg 300w, https:\/\/kulturweit.blog\/mrromanticisreadyforbelarus\/files\/2018\/01\/20180110_101800.jpg 576w\" sizes=\"(max-width: 300px) 100vw, 300px\" \/><\/a><\/p>\n<p><a href=\"https:\/\/kulturweit.blog\/mrromanticisreadyforbelarus\/files\/2018\/01\/20180110_095735.jpg\"><img loading=\"lazy\" decoding=\"async\" class=\"alignnone size-full wp-image-304\" src=\"https:\/\/kulturweit.blog\/mrromanticisreadyforbelarus\/files\/2018\/01\/20180110_095735.jpg\" alt=\"\" width=\"1024\" height=\"576\" srcset=\"https:\/\/kulturweit.blog\/mrromanticisreadyforbelarus\/files\/2018\/01\/20180110_095735.jpg 1024w, https:\/\/kulturweit.blog\/mrromanticisreadyforbelarus\/files\/2018\/01\/20180110_095735-300x169.jpg 300w, https:\/\/kulturweit.blog\/mrromanticisreadyforbelarus\/files\/2018\/01\/20180110_095735-768x432.jpg 768w\" sizes=\"(max-width: 1024px) 100vw, 1024px\" \/><\/a><\/p>\n<p>Donnerstag holte ich morgens vom Bahnhof meine Oma ab, die die Nacht im Zug aus Moskau verbracht hatte, um mich f\u00fcr einen Tag zu sehen \ud83d\ude42 Gemeinsam besichtigten wir den Ort, an dem Petersburg seinen Ursprung fand &#8211; die Peter-und-Paul-Festung auf der Newa. Besonders die gleichnamige Kathedrale in der Mitte der Festungsanlage beeindruckte mich mit ihrer prachtvollen Innenausstattung. Dies ist auch der Ort, an dem die meisten russischen Zaren begraben sind, die S\u00e4rge sind offen zur Schau gestellt und strahlen noch immer etwas von der Macht ihrer Eigent\u00fcmer aus&#8230;<\/p>\n<p><a href=\"https:\/\/kulturweit.blog\/mrromanticisreadyforbelarus\/files\/2018\/01\/20180111_143946.jpg\"><img loading=\"lazy\" decoding=\"async\" class=\"alignnone size-full wp-image-307\" src=\"https:\/\/kulturweit.blog\/mrromanticisreadyforbelarus\/files\/2018\/01\/20180111_143946.jpg\" alt=\"\" width=\"576\" height=\"1024\" srcset=\"https:\/\/kulturweit.blog\/mrromanticisreadyforbelarus\/files\/2018\/01\/20180111_143946.jpg 576w, https:\/\/kulturweit.blog\/mrromanticisreadyforbelarus\/files\/2018\/01\/20180111_143946-300x533.jpg 300w\" sizes=\"(max-width: 576px) 100vw, 576px\" \/><\/a><\/p>\n<p>Anschlie\u00dfend sahen wir uns das Grand Maket Rossiya an, eine Miniaturmodellnachbildung Russlands. Diese verf\u00fcgt wie auch sein Original \u00fcber 11 Zeitzonen und nimmt mit seinen 800 Quadratmetern eine ganze Lagerhalle ein. Als riesiger Fan des Miniaturwunderlandes in Hamburg eroberte das kleine gro\u00dfe Russland ebenfalls im Sturm mein Herz und die n\u00e4chsten 3 Stunden verbrachte ich damit, entlang der Transsibirischen Eisenbahnmagistrale von Moskau \u00fcber den Kaukasus und S\u00fcdsibirien in den Fernen Osten zu reisen und von dort aus durch die Tundra und Taiga des hohen Nordens wieder zur\u00fcck zum europ\u00e4ischen Petersburg. Wie auch in Hamburg ist hier die Liebe zum Detail einfach unglaublich, meine kurioseste Entdeckung war ein halbnackter Putin auf dem R\u00fccken eines B\u00e4ren irgendwo in den Weiten Sibiriens ;D<\/p>\n<p><a href=\"https:\/\/kulturweit.blog\/mrromanticisreadyforbelarus\/files\/2018\/01\/20180111_171402.jpg\"><img loading=\"lazy\" decoding=\"async\" class=\"alignnone size-medium wp-image-308\" src=\"https:\/\/kulturweit.blog\/mrromanticisreadyforbelarus\/files\/2018\/01\/20180111_171402-300x169.jpg\" alt=\"\" width=\"300\" height=\"169\" srcset=\"https:\/\/kulturweit.blog\/mrromanticisreadyforbelarus\/files\/2018\/01\/20180111_171402-300x169.jpg 300w, https:\/\/kulturweit.blog\/mrromanticisreadyforbelarus\/files\/2018\/01\/20180111_171402-768x432.jpg 768w, https:\/\/kulturweit.blog\/mrromanticisreadyforbelarus\/files\/2018\/01\/20180111_171402.jpg 1024w\" sizes=\"(max-width: 300px) 100vw, 300px\" \/><\/a>\u00a0<a href=\"https:\/\/kulturweit.blog\/mrromanticisreadyforbelarus\/files\/2018\/01\/20180111_162242.jpg\"><img loading=\"lazy\" decoding=\"async\" class=\"alignnone size-medium wp-image-309\" src=\"https:\/\/kulturweit.blog\/mrromanticisreadyforbelarus\/files\/2018\/01\/20180111_162242-300x169.jpg\" alt=\"\" width=\"300\" height=\"169\" srcset=\"https:\/\/kulturweit.blog\/mrromanticisreadyforbelarus\/files\/2018\/01\/20180111_162242-300x169.jpg 300w, https:\/\/kulturweit.blog\/mrromanticisreadyforbelarus\/files\/2018\/01\/20180111_162242-768x432.jpg 768w, https:\/\/kulturweit.blog\/mrromanticisreadyforbelarus\/files\/2018\/01\/20180111_162242.jpg 1024w\" sizes=\"(max-width: 300px) 100vw, 300px\" \/><\/a><\/p>\n<p>Jedenfalls w\u00e4re ich bestimmt noch mehrere Stunden da geblieben, aber am Abend lief unser letzter Programmpunkt an &#8211; ein Pubquiz in einer angesagten Bar. Gegen die intelektuelle Oberschicht Peterburgs waren wir nat\u00fcrlich hoffnunglos unterlegen, hatten aber dennoch viel Spa\u00df und lie\u00dfen den Abend dann noch sch\u00f6n ausklingen, bevor wir meine Oma wieder in den Zug nach Moskau setzten.<\/p>\n<p><a href=\"https:\/\/kulturweit.blog\/mrromanticisreadyforbelarus\/files\/2018\/01\/IMG-20180111-WA0024.jpg\"><img loading=\"lazy\" decoding=\"async\" class=\"alignnone size-full wp-image-310\" src=\"https:\/\/kulturweit.blog\/mrromanticisreadyforbelarus\/files\/2018\/01\/IMG-20180111-WA0024.jpg\" alt=\"\" width=\"1040\" height=\"780\" srcset=\"https:\/\/kulturweit.blog\/mrromanticisreadyforbelarus\/files\/2018\/01\/IMG-20180111-WA0024.jpg 1040w, https:\/\/kulturweit.blog\/mrromanticisreadyforbelarus\/files\/2018\/01\/IMG-20180111-WA0024-300x225.jpg 300w, https:\/\/kulturweit.blog\/mrromanticisreadyforbelarus\/files\/2018\/01\/IMG-20180111-WA0024-768x576.jpg 768w\" sizes=\"(max-width: 1040px) 100vw, 1040px\" \/><\/a><\/p>\n<p>Am Freitag musste mein Onkel arbeiten, sodass ich mir ans Herz fasste und wagemutig die Eremitage betrat, welche mit mehr als 2,7 Millionen bedeutender Kunstobjekte etwa 10 mal so gro\u00df ist wie das Louvre. Wie &#8222;gro\u00df&#8220; wurde mir dann bewusst, als ich mir eine Stunde lang wie verzaubert die verschiedensten griechischen Vasenmalereien ansah und mir nach einem \u00fcberraschten Blick auf die Uhr bewusst wurde, dass ich bei dem Tempo locker ganze 350 Stunden im ehemaligen Winterpalast des Zaren verbringen k\u00f6nnte, welcher \u00fcber 350 S\u00e4le verf\u00fcgt. Prompt verlief ich mich dann auch noch und suchte eine gef\u00fchlte Ewigkeit nach einer Treppe ins n\u00e4chste Stockwerk &#8211; alle Versuche, systematisch vorzugehen, scheiterten kl\u00e4glich, da nach jedem Raum drei weitere R\u00e4ume folgten, und dann wieder drei, und wieder, und wieder&#8230; Jedenfalls schaltete nach 4 Stunden mein Gehirn endg\u00fcltig ab, ich irrte durch den Palastfl\u00fcgel mit asiatischer Kunst und sah aus wie ein ausgemergelter Abenteurer, der sich in der W\u00fcste Gobi verirrt hatte \ud83d\ude09 Irgendwann hatte ich es dann aber geschafft &#8211; nach fast 6 Stunden holte ich meine Sachen aus der Garderobe, steckte mir Kopfh\u00f6rer an und verlie\u00df die Eremitage unter den hymnischen Kl\u00e4ngen der Bundesliga-Musik wie ein Gewinner! Danach gab es erstmal eine riesige Pizza und einen Film im englischen Kino, bevor ich in der Wohnung meinen sp\u00e4t von der Arbeit kommenden Onkel mit frisch eingekauftem Kuchen \u00fcberraschte.<\/p>\n<p><a href=\"https:\/\/kulturweit.blog\/mrromanticisreadyforbelarus\/files\/2018\/01\/20180112_154634.jpg\"><img loading=\"lazy\" decoding=\"async\" class=\"alignnone size-medium wp-image-311\" src=\"https:\/\/kulturweit.blog\/mrromanticisreadyforbelarus\/files\/2018\/01\/20180112_154634-300x533.jpg\" alt=\"\" width=\"300\" height=\"533\" srcset=\"https:\/\/kulturweit.blog\/mrromanticisreadyforbelarus\/files\/2018\/01\/20180112_154634-300x533.jpg 300w, https:\/\/kulturweit.blog\/mrromanticisreadyforbelarus\/files\/2018\/01\/20180112_154634.jpg 576w\" sizes=\"(max-width: 300px) 100vw, 300px\" \/><\/a>\u00a0<a href=\"https:\/\/kulturweit.blog\/mrromanticisreadyforbelarus\/files\/2018\/01\/20180112_172428.jpg\"><img loading=\"lazy\" decoding=\"async\" class=\"alignnone size-medium wp-image-312\" src=\"https:\/\/kulturweit.blog\/mrromanticisreadyforbelarus\/files\/2018\/01\/20180112_172428-300x533.jpg\" alt=\"\" width=\"300\" height=\"533\" srcset=\"https:\/\/kulturweit.blog\/mrromanticisreadyforbelarus\/files\/2018\/01\/20180112_172428-300x533.jpg 300w, https:\/\/kulturweit.blog\/mrromanticisreadyforbelarus\/files\/2018\/01\/20180112_172428.jpg 576w\" sizes=\"(max-width: 300px) 100vw, 300px\" \/><\/a><\/p>\n<p>An meinem letzten Tag besichtigten wir den ber\u00fchmten Kreuzer Aurora, welcher in Russland als das Symbol f\u00fcr die Oktoberrevolution schlechthin gilt.<\/p>\n<p><a href=\"https:\/\/kulturweit.blog\/mrromanticisreadyforbelarus\/files\/2018\/01\/20180113_151421_HDR.jpg\"><img loading=\"lazy\" decoding=\"async\" class=\"alignnone size-full wp-image-316\" src=\"https:\/\/kulturweit.blog\/mrromanticisreadyforbelarus\/files\/2018\/01\/20180113_151421_HDR.jpg\" alt=\"\" width=\"1024\" height=\"576\" srcset=\"https:\/\/kulturweit.blog\/mrromanticisreadyforbelarus\/files\/2018\/01\/20180113_151421_HDR.jpg 1024w, https:\/\/kulturweit.blog\/mrromanticisreadyforbelarus\/files\/2018\/01\/20180113_151421_HDR-300x169.jpg 300w, https:\/\/kulturweit.blog\/mrromanticisreadyforbelarus\/files\/2018\/01\/20180113_151421_HDR-768x432.jpg 768w\" sizes=\"(max-width: 1024px) 100vw, 1024px\" \/><\/a><\/p>\n<p><a href=\"https:\/\/kulturweit.blog\/mrromanticisreadyforbelarus\/files\/2018\/01\/20180113_151454.jpg\"><img loading=\"lazy\" decoding=\"async\" class=\"alignnone size-medium wp-image-317\" src=\"https:\/\/kulturweit.blog\/mrromanticisreadyforbelarus\/files\/2018\/01\/20180113_151454-300x533.jpg\" alt=\"\" width=\"300\" height=\"533\" srcset=\"https:\/\/kulturweit.blog\/mrromanticisreadyforbelarus\/files\/2018\/01\/20180113_151454-300x533.jpg 300w, https:\/\/kulturweit.blog\/mrromanticisreadyforbelarus\/files\/2018\/01\/20180113_151454.jpg 576w\" sizes=\"(max-width: 300px) 100vw, 300px\" \/><\/a><\/p>\n<p>Anschlie\u00dfend lief ich noch einmal durch die liebgewonnenen Stra\u00dfen und Alleen, um langsam Abschied zu nehmen. F\u00fcr den Abend waren wir von Bekannten meines Onkels zu einer kleinen Feier eingeladen, da in Russland traditionell in der Nacht vom 13. auf den 14. das &#8222;alte Silvester&#8220; (nach dem julianischen Kalender) begangen wird. Hier hat jeder Anwesende die Chancd, noch einmal in sich zu gehen, seine W\u00fcnsche und Vors\u00e4tze zu aktualisieren und im Gegensatz zum feucht-fr\u00f6hlichen 31. das Neue Jahr ganz klassisch und stilvoll zu begr\u00fc\u00dfen. Die Gastgeber waren \u00fcberaus herzlich, es gab teuren Champagner und eine Palette an russischen Nationalgerichten. W\u00e4hrend des Glockenl\u00e4utens zu Mitternacht hat jeder die M\u00f6glichkeit, seinen sehnlichsten Wunsch auf ein Zettelchen zu schreiben, dieses anzuz\u00fcnden und die \u00dcberreste gemeinsam mit dem Champagner hinunterzusp\u00fclen &#8211; eine sch\u00f6ne Tradition, die ich vorher noch nicht kannte.<\/p>\n<p><a href=\"https:\/\/kulturweit.blog\/mrromanticisreadyforbelarus\/files\/2018\/01\/20180113_210548_HDR.jpg\"><img loading=\"lazy\" decoding=\"async\" class=\"alignnone size-medium wp-image-314\" src=\"https:\/\/kulturweit.blog\/mrromanticisreadyforbelarus\/files\/2018\/01\/20180113_210548_HDR-300x169.jpg\" alt=\"\" width=\"300\" height=\"169\" srcset=\"https:\/\/kulturweit.blog\/mrromanticisreadyforbelarus\/files\/2018\/01\/20180113_210548_HDR-300x169.jpg 300w, https:\/\/kulturweit.blog\/mrromanticisreadyforbelarus\/files\/2018\/01\/20180113_210548_HDR-768x432.jpg 768w, https:\/\/kulturweit.blog\/mrromanticisreadyforbelarus\/files\/2018\/01\/20180113_210548_HDR.jpg 1024w\" sizes=\"(max-width: 300px) 100vw, 300px\" \/><\/a><\/p>\n<p>Auf diese Weise verbrachte ich einen gem\u00fctlichen und geselligen letzten Abend in Sankt Petersburg, bevor es am n\u00e4chsten Morgen zum Flughafen ging. Es war eine wundersch\u00f6ne und aufregende Woche gewesen, und jetzt habe ich eine absolute Lieblingsstadt gewonnen. Als der Flieger zum Abschluss eine Runde \u00fcber der Stadt drehte und die Zarenmetropole unter mir immer kleiner wurde, hob ich hinter dem zentimeterdicken Fensterglas zum Abschied die Hand und wisperte lautlos: &#8222;Ich komme wieder&#8220;<\/p>\n<p>Machts gut und habt euch lieb,<\/p>\n<p>Euer Mister Romantic<\/p>\n","protected":false},"excerpt":{"rendered":"<p>Hallo Freunde, herzlich willkommen im Jahr 2018! Ich hoffe, ihr alle seid gut hineingerutscht und habt das alte Jahr geb\u00fchrend verabschiedet. 2017 war garantiert nicht perfekt, sowohl in politischer Hinsicht als auch vom pers\u00f6nlichen Blickwinkel, aber f\u00fcr uns alle hielt &hellip; <a href=\"https:\/\/kulturweit.blog\/mrromanticisreadyforbelarus\/2018\/01\/16\/liebesgruesse-aus-der-zarenstadt\/\">Weiterlesen <span class=\"meta-nav\">&rarr;<\/span><\/a><\/p>\n","protected":false},"author":2228,"featured_media":0,"comment_status":"open","ping_status":"open","sticky":false,"template":"","format":"standard","meta":{"footnotes":""},"categories":[21],"tags":[],"class_list":["post-274","post","type-post","status-publish","format-standard","hentry","category-allgemein"],"amp_enabled":true,"_links":{"self":[{"href":"https:\/\/kulturweit.blog\/mrromanticisreadyforbelarus\/wp-json\/wp\/v2\/posts\/274"}],"collection":[{"href":"https:\/\/kulturweit.blog\/mrromanticisreadyforbelarus\/wp-json\/wp\/v2\/posts"}],"about":[{"href":"https:\/\/kulturweit.blog\/mrromanticisreadyforbelarus\/wp-json\/wp\/v2\/types\/post"}],"author":[{"embeddable":true,"href":"https:\/\/kulturweit.blog\/mrromanticisreadyforbelarus\/wp-json\/wp\/v2\/users\/2228"}],"replies":[{"embeddable":true,"href":"https:\/\/kulturweit.blog\/mrromanticisreadyforbelarus\/wp-json\/wp\/v2\/comments?post=274"}],"version-history":[{"count":3,"href":"https:\/\/kulturweit.blog\/mrromanticisreadyforbelarus\/wp-json\/wp\/v2\/posts\/274\/revisions"}],"predecessor-version":[{"id":324,"href":"https:\/\/kulturweit.blog\/mrromanticisreadyforbelarus\/wp-json\/wp\/v2\/posts\/274\/revisions\/324"}],"wp:attachment":[{"href":"https:\/\/kulturweit.blog\/mrromanticisreadyforbelarus\/wp-json\/wp\/v2\/media?parent=274"}],"wp:term":[{"taxonomy":"category","embeddable":true,"href":"https:\/\/kulturweit.blog\/mrromanticisreadyforbelarus\/wp-json\/wp\/v2\/categories?post=274"},{"taxonomy":"post_tag","embeddable":true,"href":"https:\/\/kulturweit.blog\/mrromanticisreadyforbelarus\/wp-json\/wp\/v2\/tags?post=274"}],"curies":[{"name":"wp","href":"https:\/\/api.w.org\/{rel}","templated":true}]}}