{"id":231,"date":"2017-12-15T13:50:48","date_gmt":"2017-12-15T12:50:48","guid":{"rendered":"https:\/\/kulturweit.blog\/mrromanticisreadyforbelarus\/?p=231"},"modified":"2017-12-18T10:52:54","modified_gmt":"2017-12-18T09:52:54","slug":"mein-freiwilligenprojekt-und-bisschen-drum-herum","status":"publish","type":"post","link":"https:\/\/kulturweit.blog\/mrromanticisreadyforbelarus\/2017\/12\/15\/mein-freiwilligenprojekt-und-bisschen-drum-herum\/","title":{"rendered":"Mein Freiwilligenprojekt (und bisschen drum herum)"},"content":{"rendered":"<p>Hallo Freunde,<\/p>\n<p>Es sind einige Wochen durchs Land gezogen, ohne dass ich mich bei euch gemeldet habe. Das war einigen pers\u00f6nlichen Angelegenheiten geschuldet, au\u00dferdem hatte mich nach meiner R\u00fcckkehr aus Odessa ein ordentliches Arbeitspensum erwartet. Doch jetzt bin ich wieder da! Wie ihr der \u00dcberschrift sicherlich schon entnehmen konntet, geht es in diesem Blogeintrag prim\u00e4r um mein eigenes Freiwilligenprojekt, mit dessen Umsetzung ich die letzten Wochen besch\u00e4ftigt war:<\/p>\n<p><!--more--><\/p>\n<p>Als ich vor 2 Monaten in Baranowitschi war und im Rahmen der Deutschen Wochen mit Chiara am Fotomarathon teilgenommen habe (siehe vergangene Eintr\u00e4ge), war ich hin und weg vom Konzept der Veranstaltung. Als wir dann abends mit Cocktails und Pizza im Restaurant sa\u00dfen und den vergangenen Tag revue passieren lie\u00dfen, keimte in mir pl\u00f6tzlich der Wunsch auf, ein Event dieses Ma\u00dfstabes selbst durchzuf\u00fchren &#8211; und zwar in Pinsk, mit meinen Sch\u00fclern. Schnell entwickelte sich aus der Idee der Plan, einen Foto-Marathon im Rahmen meines Kulturweit-Freiwilligenprojektes durchzuf\u00fchren.<\/p>\n<p>Doch was genau ist jetzt eigentlich ein Fotomarathon?<\/p>\n<p>Ein Fotomarathon hat immer ein bestimmtes Thema &#8211; in Baranowitschi waren es abstrakte Begriffe, wie Geheimnis, Treue, Vertrauen, Kompromiss, etc. Es gibt eine Gesamtdauer &#8211; hier 12 Stunden &#8211; die nochmal in mehrere Etappen unterteilt ist. Die Teilnehmer treten in Teams an. Pro Etappe erh\u00e4lt jedes Team mehrere Begriffe, zu denen sie in den n\u00e4chsten Stunden irgendwo in der Stadt jeweils ein Foto machen m\u00fcssen. Dieses Foto muss unbearbeitet sein und soll m\u00f6glichst genau und auf kreative Weise den Begriff wiederspiegeln. Nach der ersten Etappe kommen die Teilnehmer zur\u00fcck zur Basis, geben ihre Fotos ab, ruhen sich kurz aus und erhalten darauf dann die Begriffe f\u00fcr die n\u00e4chste Etappe. Am Ende werden die Fotos aller Teilnehmer von einer kompetenten Jury bewertet, es werden die besten Fotos in jeder Kategorie sowie die Gesamtsieger bestimmt. Ein Fotomarathon bietet allen Teilnehmern die Chance, die Stadt um sie herum aus einer komplett anderen Perspektive zu betrachten; jeder noch so kleine Hinterhof und Winkel kann seine eigene Aussage und Geschichte haben!<\/p>\n<p>Jetzt galt es also, dieses Konzept zurechtzufeilen und daraus mein eigenes, selbstst\u00e4ndiges Projekt zu formen. Die Schule gab sich anfangs skeptisch, erkl\u00e4rte sich jedoch bereit, mich zu unterst\u00fctzen. Nach R\u00fccksprache mit ein paar anderen Freiwilligen fand ich das ideale Marathonthema &#8211; &#8222;Deutsche Sprichw\u00f6rter&#8220; . Sprichw\u00f6rter sind etwas tolles &#8211; wir verwenden sie jeden Tag, jedes Kind kennt bei uns &#8222;Der Apfel f\u00e4llt nicht weit vom Stamm&#8220; oder &#8222;Es ist nicht alles Gold, was gl\u00e4nzt&#8220;. Doch mit einer solchen Aneinanderreihung von W\u00f6rtern lassen ganze Situationen treffend beschreiben, und sie bieten uns eine schiere Vielfalt an Anwendungsm\u00f6glichkeiten! Wieso also nicht versuchen, ein paar deutsche Sprichw\u00f6rter im belorussischen Alltag wiederzufinden? \ud83d\ude42<\/p>\n<p>Ich verk\u00fcrzte die Marathondauer auf 6 Stunden und schuf 4 Etappen, in denen den Sch\u00fclern jeweils 1 1\/2 Stunden zustanden, um zu 2 Sprichw\u00f6rtern passendes Bildmaterial zu sichten. Als Basis organisierte ich einen Veranstaltungsraum in der Zentralbibliothek Pinsk, welche sich gl\u00fccklicherweise direkt im schmucken Zentrum der Stadt befindet. Die Deutschlehrerin Galina hatte ich auf meiner Seite, zus\u00e4tzlich holte ich mir Polina als pers\u00f6nliche Assistentin ins Team.<\/p>\n<p>Nun stand ich jedoch vor einer gro\u00dfen Herausforderung &#8211; ich musste einen Tag finden, an dem ich die Sch\u00fcler f\u00fcr einen Zeitraum von mindestens 6 Stunden beanspruchen durfte. Dem strikten Wochenplan zum Dank war die Zeit nach der Schule ausgeschlossen &#8211; selbst an einem Samstag h\u00e4tte mindestens die H\u00e4lfte der Teilnehmer ganzt\u00e4gig andere Verpflichtungen. Ich spielte also schon mit dem Gedanken, die Sch\u00fcler an einem Sonntag zusammenzutrommeln; eine Notl\u00f6sung, die mir nicht allzu sehr zusagte &#8211; wollte ich meinen Sch\u00fctzlingen nicht auch noch ihren letzten &#8222;freien&#8220; Tag in der Woche wegnehmen&#8230; Ihr fragt euch sicherlich, warum man das SCHULprojekt nicht einfach an einem SCHULtag durchf\u00fchrt &#8211; das macht doch am meisten Sinn, immerhin m\u00fcssen zur Schulzeit alle Sch\u00fcler anwesend sein und ich m\u00fcsste mir keine Sorgen um die Anwesendheit machen. In Deutschland w\u00e4re ich zum Direktor gegangen, h\u00e4tte ihm vom Projekt erz\u00e4hlt und die beteiligten Jugendlichen f\u00fcr die Zeit vom Unterricht befreien lassen. Aber wir sind hier nicht in Deutschland \ud83d\ude09 Hier ist die Schulzeit heilig, und eine Befreiung bekommt man nur in absoluten Ausnahmef\u00e4llen. Am Ende h\u00e4ngte sich Galina dran, und nach langem \u00dcberzeugen sowie der mehrfachen Betonung, dass es sich um ein offizielles Projekt der deutschen Auslandsinstitutionen Goethe-Institut sowie ZfA handelt, wurde uns schlie\u00dflich der 04. Dezember, ein Montag, &#8222;geschenkt&#8220;. Doch obacht! Selbst der Direktor hat nicht die alleinige Befugnis, den Sch\u00fclern ihren Unterricht &#8222;vorzuenthalten&#8220;. Ich schrieb also die Zentralstelle f\u00fcr das Auslandsschulwesen an und bat den zust\u00e4ndigen Koordinator um einen offiziellen Antrag auf Freistellung aller Teilnehmer. Daf\u00fcr musste ich im Voraus gen\u00fcgend Sch\u00fcler als Teilnehmer verpflichten, was sich ebenfalls als sehr schwierig erwies, da hier P\u00fcnktlichkeit und Zuverl\u00e4ssigkeit sehr sprunghafte und dehnbare Begriffe sind &#8211; &#8222;du hast es hier nicht mit Deutschen zu tuen&#8220;, meinte Galina ironisch. Ich muss zugeben, dass ich ihr f\u00fcr ihre Hilfe unendlich dankbar bin &#8211; alleine h\u00e4tte ich die Sch\u00fcler nie geb\u00e4ndigt bekommen. Wenn wir\u00a0 eine Infoversammlung f\u00fcr alle potentiellen Teilnehmer ansetzen und nur die H\u00e4lfte der Leute erscheint, kann ich nur ratlos gucken &#8211; Galina aber z\u00fcckt ihr Handy, klingelt ihre Sch\u00fctzlinge aus ihren Betten und macht ihnen so sehr Feuer hinterm Hintern, dass der Saal innerhalb der n\u00e4chsten 15 Minuten voll ist! Thats Belarus, baby \ud83d\ude42 Am Ende gelang es mir, 21 Leute von 14-17 Jahren zur Teilnahme zu verpflichten und sie offiziell beurlauben zu lassen &#8211; unter diesen Umst\u00e4nden eine organisatorische Meisterleistung! Zus\u00e4tzlich schaffte ich es, das Goetheinstitut f\u00fcr mein Projekt zu begeistern und als Sponsor zu gewinnen &#8211; so sollten die Sch\u00fcler ihre Zeit auch nicht ganz umsonst opfern. Jetzt noch die letzten Vorbereitungen getroffen, 2 Kilogramm Kekse eingekauft, eine muntere deutsche Schlagerplaylist f\u00fcr die Pausenatmosph\u00e4re zusammengestellt &#8211; dann konnte es losgehen.<\/p>\n<p><a href=\"https:\/\/kulturweit.blog\/mrromanticisreadyforbelarus\/files\/2017\/12\/20171201_0932151.jpg\"><img loading=\"lazy\" decoding=\"async\" class=\"alignnone size-full wp-image-253\" src=\"https:\/\/kulturweit.blog\/mrromanticisreadyforbelarus\/files\/2017\/12\/20171201_0932151.jpg\" alt=\"\" width=\"1024\" height=\"576\" srcset=\"https:\/\/kulturweit.blog\/mrromanticisreadyforbelarus\/files\/2017\/12\/20171201_0932151.jpg 1024w, https:\/\/kulturweit.blog\/mrromanticisreadyforbelarus\/files\/2017\/12\/20171201_0932151-300x169.jpg 300w, https:\/\/kulturweit.blog\/mrromanticisreadyforbelarus\/files\/2017\/12\/20171201_0932151-768x432.jpg 768w\" sizes=\"(max-width: 1024px) 100vw, 1024px\" \/><\/a><\/p>\n<p>Eine Sache machte mir noch ein bisschen Sorgen &#8211; das Wetter. Die letzte Woche hatte es bei uns ununterbrochen genieselt, es war einfach unangenehm vor der T\u00fcr. Dann erreichten mich am Wochenende begeisterte Bilder aus Deutschland, die verschneite Autos und Landschaften zeigten &#8211; ich fiel wie aus allen Wolken! Ich bin hier in \u00e4u\u00dfersten Osten Europas, erwartungsvoll habe ich mir den russischen Winter ausgemalt &#8211; und dann schneit es vorher\u00a0 in Deutschland, einem Land, das w\u00e4hrend meiner Zeit dort von dieser wei\u00dfen Winteressenz nur zu tr\u00e4umen wusste.\u00a0 Entsprechend niedergeschlagen ging ich am Vorabend des Marathons ins Bett &#8211; und traute am n\u00e4chsten Morgen meinen Augen kaum. Der russische Winter HATTE zugeschlagen &#8211; und zwar in all seiner Pracht! W\u00e4hrend in Deutschland also der Schnee wieder wegschmolz (h\u00e4h\u00e4), verwandelte sich Pinsk in ein schneewei\u00dfes Winterm\u00e4rchen. Begeistert bahnte ich mir meinen Weg durch die wei\u00dfen D\u00fcnen zum Treffpunkt im Zentrum, unentwegt Fotos machend. Der Tag h\u00e4tte nicht besser beginnen k\u00f6nnen!<\/p>\n<p>&nbsp;<\/p>\n<p><a href=\"https:\/\/kulturweit.blog\/mrromanticisreadyforbelarus\/files\/2017\/12\/20171204_172718.jpg\"><img loading=\"lazy\" decoding=\"async\" class=\"alignnone size-full wp-image-236\" src=\"https:\/\/kulturweit.blog\/mrromanticisreadyforbelarus\/files\/2017\/12\/20171204_172718.jpg\" alt=\"\" width=\"1024\" height=\"576\" srcset=\"https:\/\/kulturweit.blog\/mrromanticisreadyforbelarus\/files\/2017\/12\/20171204_172718.jpg 1024w, https:\/\/kulturweit.blog\/mrromanticisreadyforbelarus\/files\/2017\/12\/20171204_172718-300x169.jpg 300w, https:\/\/kulturweit.blog\/mrromanticisreadyforbelarus\/files\/2017\/12\/20171204_172718-768x432.jpg 768w\" sizes=\"(max-width: 1024px) 100vw, 1024px\" \/><\/a><\/p>\n<p>20 Minuten nach vereinbarter Zeit trafen dann auch die letzten Teilnehmer ein, nach einer kurzen Einweisung sowie einem gemeinsamen Gruppenfoto schickte ich die 7 Teams auf Mission&#8230;<\/p>\n<p><a href=\"https:\/\/kulturweit.blog\/mrromanticisreadyforbelarus\/files\/2017\/12\/20171204_090027.jpg\"><img loading=\"lazy\" decoding=\"async\" class=\"alignnone size-full wp-image-235\" src=\"https:\/\/kulturweit.blog\/mrromanticisreadyforbelarus\/files\/2017\/12\/20171204_090027.jpg\" alt=\"\" width=\"1024\" height=\"576\" srcset=\"https:\/\/kulturweit.blog\/mrromanticisreadyforbelarus\/files\/2017\/12\/20171204_090027.jpg 1024w, https:\/\/kulturweit.blog\/mrromanticisreadyforbelarus\/files\/2017\/12\/20171204_090027-300x169.jpg 300w, https:\/\/kulturweit.blog\/mrromanticisreadyforbelarus\/files\/2017\/12\/20171204_090027-768x432.jpg 768w\" sizes=\"(max-width: 1024px) 100vw, 1024px\" \/><\/a><\/p>\n<p>Der Tag verlief super! Die Jugendlichen schneiten zwischen den Etappen begeistert zu uns in die Basis, pr\u00e4sentierten mir stolz ihre Werke und teilten lebhaft mit den anderen ihre Eindr\u00fccke und Erfahrungen. Ich schwebte von einem Team zu anderen, verwickelte sie in Smalltalk und f\u00fchlte mich voller Energie geladen. W\u00e4hrend die Sch\u00fcler alle drau\u00dfen auf Fotosafari waren, g\u00f6nnten meine Assistentin und ich uns die Heute Show , Jan B\u00f6hmermann und BullshitTV &#8211; die Zeit war gut angelegt \ud83d\ude42 Gegen Ende kam dann noch die lokale Presse vorbei, um \u00fcber dieses au\u00dferordentliche Event zu berichten &#8211; sowohl ich als auch die Sch\u00fcler wurden interviewt.<\/p>\n<p><iframe loading=\"lazy\" title=\"\u041d\u0435\u043e\u0431\u044b\u0447\u043d\u044b\u0439 \u0444\u043e\u0442\u043e\u043c\u0430\u0440\u0430\u0444\u043e\u043d \u043e\u0440\u0433\u0430\u043d\u0438\u0437\u043e\u0432\u0430\u043b\u0438 \u0432 \u0433\u0438\u043c\u043d\u0430\u0437\u0438\u0438 \u21162 \u041f\u0438\u043d\u0441\u043a\u0430\" width=\"620\" height=\"349\" src=\"https:\/\/www.youtube.com\/embed\/MhjWFnWsBzA?feature=oembed\" frameborder=\"0\" allow=\"accelerometer; autoplay; clipboard-write; encrypted-media; gyroscope; picture-in-picture; web-share\" referrerpolicy=\"strict-origin-when-cross-origin\" allowfullscreen><\/iframe><\/p>\n<p><a href=\"https:\/\/kulturweit.blog\/mrromanticisreadyforbelarus\/files\/2017\/12\/IMG_7577.jpg\"><img loading=\"lazy\" decoding=\"async\" class=\"alignnone size-full wp-image-252\" src=\"https:\/\/kulturweit.blog\/mrromanticisreadyforbelarus\/files\/2017\/12\/IMG_7577.jpg\" alt=\"\" width=\"1024\" height=\"665\" srcset=\"https:\/\/kulturweit.blog\/mrromanticisreadyforbelarus\/files\/2017\/12\/IMG_7577.jpg 1024w, https:\/\/kulturweit.blog\/mrromanticisreadyforbelarus\/files\/2017\/12\/IMG_7577-300x195.jpg 300w, https:\/\/kulturweit.blog\/mrromanticisreadyforbelarus\/files\/2017\/12\/IMG_7577-768x499.jpg 768w\" sizes=\"(max-width: 1024px) 100vw, 1024px\" \/><\/a><\/p>\n<p>Nach einer Abschlussrunde entlie\u00df ich gegen 16 Uhr die ersch\u00f6pften Teilnehmer. Neben der M\u00fcdigkeit sah ich in ihren Augen aber F\u00fcnkchen von Begeisterung, was mich unendlich gl\u00fccklich stimmte. In meiner gehobenen Stimmung lie\u00df ich es mir nicht nehmen, selbst noch etwas durch die schneewei\u00dfen Str\u00e4\u00dfchen der Stadt zu schlendern und mich zu den Kl\u00e4ngen von &#8222;All I want for Christmas&#8220; so zufrieden wie schon lange nicht mehr zu f\u00fchlen&#8230;<\/p>\n<p><a href=\"https:\/\/kulturweit.blog\/mrromanticisreadyforbelarus\/files\/2017\/12\/20171204_172747.jpg\"><img loading=\"lazy\" decoding=\"async\" class=\"alignnone size-medium wp-image-237\" src=\"https:\/\/kulturweit.blog\/mrromanticisreadyforbelarus\/files\/2017\/12\/20171204_172747-300x533.jpg\" alt=\"\" width=\"300\" height=\"533\" srcset=\"https:\/\/kulturweit.blog\/mrromanticisreadyforbelarus\/files\/2017\/12\/20171204_172747-300x533.jpg 300w, https:\/\/kulturweit.blog\/mrromanticisreadyforbelarus\/files\/2017\/12\/20171204_172747.jpg 576w\" sizes=\"(max-width: 300px) 100vw, 300px\" \/><\/a>\u00a0<a href=\"https:\/\/kulturweit.blog\/mrromanticisreadyforbelarus\/files\/2017\/12\/20171204_172943.jpg\"><img loading=\"lazy\" decoding=\"async\" class=\"alignnone size-medium wp-image-238\" src=\"https:\/\/kulturweit.blog\/mrromanticisreadyforbelarus\/files\/2017\/12\/20171204_172943-300x533.jpg\" alt=\"\" width=\"300\" height=\"533\" srcset=\"https:\/\/kulturweit.blog\/mrromanticisreadyforbelarus\/files\/2017\/12\/20171204_172943-300x533.jpg 300w, https:\/\/kulturweit.blog\/mrromanticisreadyforbelarus\/files\/2017\/12\/20171204_172943.jpg 576w\" sizes=\"(max-width: 300px) 100vw, 300px\" \/><\/a><\/p>\n<p>Zur\u00fcck zu Hause betrachtete ich die heutige Ausbeute an Bildern &#8211; viele von ihnen strotzten nur so vor Kreativit\u00e4t und Erfindungsreichtum. Ich f\u00fchlte mich beinahe etwas schuldig, dass ich nicht von Anfang an mit solch hochkar\u00e4tigen Ergebnisse gerechnet hatte &#8211; als Gegenreaktion beschloss ich, den Teilnehmern Respekt zu\u00a0 zollen und das Projekt mit einer gro\u00dfangelegten Abschlussveranstaltung abzurunden&#8230;<\/p>\n<p>Dementsprechend kniete ich mich die n\u00e4chsten Tage rein. Zusammen mit meinen Jury-Kollegen bewerteten wir in einer regen Diskussionsrunde jedes einzelne Foto, erstellten zu jedem Sprichwort eine nachvollziehbare Rangliste und rechneten zum Schluss die Endplatzierung aus. Diese galt es jedoch eine ganze Woche geheimzuhalten, um der allgemeinen erwartungsvollen Anspannung nicht den Wind aus den Segeln zu nehmen. Parallel zu meiner Arbeit in der Schule sa\u00df ich an den Nachmittagen zu Hause und erstellte eine monsterm\u00e4\u00dfige 150-Folien-Powerpoint-Abschlusspr\u00e4sentation, die alle eingereichten Fotos, ein Making Of, ein &#8222;Die Besten der Besten&#8220; &#8211; Kapitel sowie die finale Siegerehrung enthielt; alles unterlegt mit perfekt abgestimmter Musik und aufpolierten \u00dcberg\u00e4ngen.<\/p>\n<p>Am Freitag schnappte ich mir nach der Schule meinen gro\u00dfen Trekking-Rucksack und machte mich auf nach Minsk, um die gro\u00dfz\u00fcgigen Preise des Goethe-Institutes (hochwertige W\u00f6rterb\u00fccher, ergonomische Trinkflaschen, USB-Sticks, &#8230;) abzuholen und nach Pinsk zu transportieren. Wo ich schon einmal da war, engagierte ich mich am Samstag zusammen mit den anderen Freiwilligen beim Weihnachtsfest des Goetheinstitutes. Meine Aufgabe bestand darin, die Karaokestation zu leiten und gemeinsam mit d Grundsch\u00fclern aus ganz Belarus deutsche Weihnachtslieder zu tr\u00e4llern. Die ersten beiden Stunden noch freudig und motiviert, stie\u00dfen meine wei\u00dfrussische Stationspartnerin Mascha und ich physisch und mental bald an unsere Grenzen; kamen doch ununterbrochen neue s\u00fc\u00dfe Plagegeister angeschwemmt &#8230; In meinen wirren Tr\u00e4umen h\u00f6re ich immer noch kleine kr\u00e4chzige Stimmen &#8222;Oh Tannenbaum&#8220; singen \ud83d\ude09 Insgesamt war es aber doch eine sch\u00f6ne Veranstaltung, die Kinder\u00a0hatten garantiert ihren Spa\u00df.<\/p>\n<p><a href=\"https:\/\/kulturweit.blog\/mrromanticisreadyforbelarus\/files\/2017\/12\/24992317_1324103561027563_528479913_n.jpg\"><img loading=\"lazy\" decoding=\"async\" class=\"alignnone size-medium wp-image-245\" src=\"https:\/\/kulturweit.blog\/mrromanticisreadyforbelarus\/files\/2017\/12\/24992317_1324103561027563_528479913_n-300x545.jpg\" alt=\"\" width=\"300\" height=\"545\" srcset=\"https:\/\/kulturweit.blog\/mrromanticisreadyforbelarus\/files\/2017\/12\/24992317_1324103561027563_528479913_n-300x545.jpg 300w, https:\/\/kulturweit.blog\/mrromanticisreadyforbelarus\/files\/2017\/12\/24992317_1324103561027563_528479913_n.jpg 528w\" sizes=\"(max-width: 300px) 100vw, 300px\" \/><\/a><\/p>\n<p>Da mir w\u00e4hrend meiner Arbeit im Goetheinstitut leider meine Uhr entwendet worden war, die ich morgens im Hostelzimmer vergessen hatte, war mir abends nicht mehr so ganz nach Feiern zu Mute. Gut, dass ich meinen Laptop samt Pr\u00e4sentation drauf im Safe eingeschlossen hatte!\u00a0 Trotzdem zog ich sp\u00e4ter noch mit den anderen los, um Annas Geburtstag bei Bier und Bauernkartoffeln zu feiern. Am n\u00e4chsten Tag ging es dann mit einem tonnenschweren Rucksack zur\u00fcck nach Pinsk, wo auf mich eine andere schmerzvolle \u00dcberraschung wartete, die mich ziemlich aus der Bahn warf. Ohne viele Worte dar\u00fcber zu verlieren m\u00f6chte ich einfach meinen engsten Freunden in Deutschland danken, die trotz der Entfernung so gut es ging f\u00fcr mich da waren und die n\u00e4chsten Tage verhinderten, dass ich in Leid und Kummer unterging.<\/p>\n<p>Um mich abzulenken st\u00fcrzte ich mich nur noch st\u00e4rker in die Vervollst\u00e4ndigung des Projektes, mit dem ehrgeizigen Ziel vor Augen, dass alles perfekt werden sollte. Am Mittwoch fand dann das gro\u00dfe Ereignis statt &#8211; es versammelten sich nahezu 100 Leute, neben den Teilnehmern waren der Direktor sowie interessierte Lehrer und Sch\u00fcler anderer Klassen anwesend. Deshalb f\u00fchrte ich die Veranstaltung auch auf russisch durch, was sehr gut ankam. Was soll ich sagen &#8211; zu meiner Genugtuung lief es perfekt: Die Fotos trafen auf Ausrufe der Begeisterung, die Sieger liefen ehrfurchtsvoll zum epischen Bundesliga-Intro ein und der Direktor hielt eine lange Rede, in der er seiner Anerkennung und Achtung f\u00fcr das Projekt Ausdruck verlieh. Alles war gelungen!<\/p>\n<p><a href=\"https:\/\/kulturweit.blog\/mrromanticisreadyforbelarus\/files\/2017\/12\/IMG_7640.jpg\"><img loading=\"lazy\" decoding=\"async\" class=\"alignnone size-full wp-image-240\" src=\"https:\/\/kulturweit.blog\/mrromanticisreadyforbelarus\/files\/2017\/12\/IMG_7640.jpg\" alt=\"\" width=\"1024\" height=\"731\" srcset=\"https:\/\/kulturweit.blog\/mrromanticisreadyforbelarus\/files\/2017\/12\/IMG_7640.jpg 1024w, https:\/\/kulturweit.blog\/mrromanticisreadyforbelarus\/files\/2017\/12\/IMG_7640-300x214.jpg 300w, https:\/\/kulturweit.blog\/mrromanticisreadyforbelarus\/files\/2017\/12\/IMG_7640-768x548.jpg 768w\" sizes=\"(max-width: 1024px) 100vw, 1024px\" \/><\/a><\/p>\n<p>Ein paar wenige Fotos m\u00f6chte ich mit euch teilen; wer an mehr interessiert ist, kann mich gerne privat anschreiben:<\/p>\n<p><a href=\"https:\/\/kulturweit.blog\/mrromanticisreadyforbelarus\/files\/2017\/12\/Aller-guten-Dinge-sind-drei-3.jpg\"><img loading=\"lazy\" decoding=\"async\" class=\"alignnone size-medium wp-image-241\" src=\"https:\/\/kulturweit.blog\/mrromanticisreadyforbelarus\/files\/2017\/12\/Aller-guten-Dinge-sind-drei-3-300x400.jpg\" alt=\"\" width=\"300\" height=\"400\" srcset=\"https:\/\/kulturweit.blog\/mrromanticisreadyforbelarus\/files\/2017\/12\/Aller-guten-Dinge-sind-drei-3-300x400.jpg 300w, https:\/\/kulturweit.blog\/mrromanticisreadyforbelarus\/files\/2017\/12\/Aller-guten-Dinge-sind-drei-3.jpg 768w\" sizes=\"(max-width: 300px) 100vw, 300px\" \/><\/a><\/p>\n<p>&#8222;Aller guten Dinge sind drei&#8220;<\/p>\n<p><a href=\"https:\/\/kulturweit.blog\/mrromanticisreadyforbelarus\/files\/2017\/12\/Es-ist-noch-kein-Meister-vom-Himmel-gefallen-1.jpg\"><img loading=\"lazy\" decoding=\"async\" class=\"alignnone size-medium wp-image-242\" src=\"https:\/\/kulturweit.blog\/mrromanticisreadyforbelarus\/files\/2017\/12\/Es-ist-noch-kein-Meister-vom-Himmel-gefallen-1-300x225.jpg\" alt=\"\" width=\"300\" height=\"225\" srcset=\"https:\/\/kulturweit.blog\/mrromanticisreadyforbelarus\/files\/2017\/12\/Es-ist-noch-kein-Meister-vom-Himmel-gefallen-1-300x225.jpg 300w, https:\/\/kulturweit.blog\/mrromanticisreadyforbelarus\/files\/2017\/12\/Es-ist-noch-kein-Meister-vom-Himmel-gefallen-1-768x576.jpg 768w, https:\/\/kulturweit.blog\/mrromanticisreadyforbelarus\/files\/2017\/12\/Es-ist-noch-kein-Meister-vom-Himmel-gefallen-1.jpg 1024w\" sizes=\"(max-width: 300px) 100vw, 300px\" \/><\/a><\/p>\n<p>&#8222;Es ist noch kein Meister vom Himmel gefallen&#8220;<\/p>\n<p><a href=\"https:\/\/kulturweit.blog\/mrromanticisreadyforbelarus\/files\/2017\/12\/Mit-Kanonen-auf-Spatzen-schie\u00dfen-4.jpg\"><img loading=\"lazy\" decoding=\"async\" class=\"alignnone size-medium wp-image-243\" src=\"https:\/\/kulturweit.blog\/mrromanticisreadyforbelarus\/files\/2017\/12\/Mit-Kanonen-auf-Spatzen-schie\u00dfen-4-300x169.jpg\" alt=\"\" width=\"300\" height=\"169\" srcset=\"https:\/\/kulturweit.blog\/mrromanticisreadyforbelarus\/files\/2017\/12\/Mit-Kanonen-auf-Spatzen-schie\u00dfen-4-300x169.jpg 300w, https:\/\/kulturweit.blog\/mrromanticisreadyforbelarus\/files\/2017\/12\/Mit-Kanonen-auf-Spatzen-schie\u00dfen-4-768x432.jpg 768w, https:\/\/kulturweit.blog\/mrromanticisreadyforbelarus\/files\/2017\/12\/Mit-Kanonen-auf-Spatzen-schie\u00dfen-4.jpg 1024w\" sizes=\"(max-width: 300px) 100vw, 300px\" \/><\/a><\/p>\n<p>&#8222;Mit Kanonen auf Spatzen schie\u00dfen&#8220;<\/p>\n<p><a href=\"https:\/\/kulturweit.blog\/mrromanticisreadyforbelarus\/files\/2017\/12\/Mit-dem-Kopf-durch-die-Wand-wollen-6.jpg\"><img loading=\"lazy\" decoding=\"async\" class=\"alignnone size-medium wp-image-244\" src=\"https:\/\/kulturweit.blog\/mrromanticisreadyforbelarus\/files\/2017\/12\/Mit-dem-Kopf-durch-die-Wand-wollen-6-300x225.jpg\" alt=\"\" width=\"300\" height=\"225\" srcset=\"https:\/\/kulturweit.blog\/mrromanticisreadyforbelarus\/files\/2017\/12\/Mit-dem-Kopf-durch-die-Wand-wollen-6-300x225.jpg 300w, https:\/\/kulturweit.blog\/mrromanticisreadyforbelarus\/files\/2017\/12\/Mit-dem-Kopf-durch-die-Wand-wollen-6-768x576.jpg 768w, https:\/\/kulturweit.blog\/mrromanticisreadyforbelarus\/files\/2017\/12\/Mit-dem-Kopf-durch-die-Wand-wollen-6.jpg 1024w\" sizes=\"(max-width: 300px) 100vw, 300px\" \/><\/a><\/p>\n<p>&#8222;Mit dem Kopf durch die Wand wollen&#8220;<\/p>\n<p><a href=\"https:\/\/kulturweit.blog\/mrromanticisreadyforbelarus\/files\/2017\/12\/Der-Apfel-f\u00e4llt-nicht-weit-vom-Stamm-3.jpg\"><img loading=\"lazy\" decoding=\"async\" class=\"alignnone size-medium wp-image-246\" src=\"https:\/\/kulturweit.blog\/mrromanticisreadyforbelarus\/files\/2017\/12\/Der-Apfel-f\u00e4llt-nicht-weit-vom-Stamm-3-300x400.jpg\" alt=\"\" width=\"300\" height=\"400\" srcset=\"https:\/\/kulturweit.blog\/mrromanticisreadyforbelarus\/files\/2017\/12\/Der-Apfel-f\u00e4llt-nicht-weit-vom-Stamm-3-300x400.jpg 300w, https:\/\/kulturweit.blog\/mrromanticisreadyforbelarus\/files\/2017\/12\/Der-Apfel-f\u00e4llt-nicht-weit-vom-Stamm-3.jpg 768w\" sizes=\"(max-width: 300px) 100vw, 300px\" \/><\/a><\/p>\n<p>&#8222;Der Apfel f\u00e4llt nicht weit vom Stamm&#8220;<\/p>\n<p><a href=\"https:\/\/kulturweit.blog\/mrromanticisreadyforbelarus\/files\/2017\/12\/Auch-ein-blindes-Huhn-findet-auch-mal-ein-Korn-3.jpg\"><img loading=\"lazy\" decoding=\"async\" class=\"alignnone size-medium wp-image-247\" src=\"https:\/\/kulturweit.blog\/mrromanticisreadyforbelarus\/files\/2017\/12\/Auch-ein-blindes-Huhn-findet-auch-mal-ein-Korn-3-300x225.jpg\" alt=\"\" width=\"300\" height=\"225\" srcset=\"https:\/\/kulturweit.blog\/mrromanticisreadyforbelarus\/files\/2017\/12\/Auch-ein-blindes-Huhn-findet-auch-mal-ein-Korn-3-300x225.jpg 300w, https:\/\/kulturweit.blog\/mrromanticisreadyforbelarus\/files\/2017\/12\/Auch-ein-blindes-Huhn-findet-auch-mal-ein-Korn-3-768x576.jpg 768w, https:\/\/kulturweit.blog\/mrromanticisreadyforbelarus\/files\/2017\/12\/Auch-ein-blindes-Huhn-findet-auch-mal-ein-Korn-3.jpg 1024w\" sizes=\"(max-width: 300px) 100vw, 300px\" \/><\/a><\/p>\n<p>&#8222;Auch ein blindes Huhn findet auch mal ein Korn&#8220;<\/p>\n<p>Und noch viele weitere tolle Bilder mehr!<\/p>\n<p>&nbsp;<\/p>\n<p>Die letzten beiden Tage habe ich viel in der Schule gearbeitet, hier stehen aktuell bei den 6. Kl\u00e4sslern die schriftlichen und m\u00fcndlichen Pr\u00fcfungen f\u00fcrs A1 &#8211; Niveau an und ich darf tatkr\u00e4ftig mithelfen. \u00dcbrigens bin ich vor 3 Wochen umgezogen, die neue Wohnung ist einfach riesig und ich f\u00fchle mich nach der Schule in den gro\u00dfen, leeren Zimmern ziemlich allein&#8230; Am Wochenende habe ich deshalb ein paar hiesige Freunde eingeladen, um das neue Zuhause geb\u00fchrend einzuweihen und den vielen Platz auszuf\u00fcllen \ud83d\ude09 Ich freue mich schon darauf!<\/p>\n<p>Bis dahin gibt es aber noch einiges zu erledigen, deshalb mache ich an dieser Stelle Schluss und melde mich nach M\u00f6glichkeit p\u00fcnktlich zu den Feiertagen. Jetzt w\u00fcnsche ich euch aber schon mal frohe Weihnachten!<\/p>\n<p>Bis demn\u00e4chst und habt euch lieb,<\/p>\n<p>Euer MisterRomantic<\/p>\n","protected":false},"excerpt":{"rendered":"<p>Hallo Freunde, Es sind einige Wochen durchs Land gezogen, ohne dass ich mich bei euch gemeldet habe. Das war einigen pers\u00f6nlichen Angelegenheiten geschuldet, au\u00dferdem hatte mich nach meiner R\u00fcckkehr aus Odessa ein ordentliches Arbeitspensum erwartet. Doch jetzt bin ich wieder &hellip; <a href=\"https:\/\/kulturweit.blog\/mrromanticisreadyforbelarus\/2017\/12\/15\/mein-freiwilligenprojekt-und-bisschen-drum-herum\/\">Weiterlesen <span class=\"meta-nav\">&rarr;<\/span><\/a><\/p>\n","protected":false},"author":2228,"featured_media":0,"comment_status":"open","ping_status":"open","sticky":false,"template":"","format":"standard","meta":{"footnotes":""},"categories":[21],"tags":[],"class_list":["post-231","post","type-post","status-publish","format-standard","hentry","category-allgemein"],"amp_enabled":true,"_links":{"self":[{"href":"https:\/\/kulturweit.blog\/mrromanticisreadyforbelarus\/wp-json\/wp\/v2\/posts\/231"}],"collection":[{"href":"https:\/\/kulturweit.blog\/mrromanticisreadyforbelarus\/wp-json\/wp\/v2\/posts"}],"about":[{"href":"https:\/\/kulturweit.blog\/mrromanticisreadyforbelarus\/wp-json\/wp\/v2\/types\/post"}],"author":[{"embeddable":true,"href":"https:\/\/kulturweit.blog\/mrromanticisreadyforbelarus\/wp-json\/wp\/v2\/users\/2228"}],"replies":[{"embeddable":true,"href":"https:\/\/kulturweit.blog\/mrromanticisreadyforbelarus\/wp-json\/wp\/v2\/comments?post=231"}],"version-history":[{"count":3,"href":"https:\/\/kulturweit.blog\/mrromanticisreadyforbelarus\/wp-json\/wp\/v2\/posts\/231\/revisions"}],"predecessor-version":[{"id":260,"href":"https:\/\/kulturweit.blog\/mrromanticisreadyforbelarus\/wp-json\/wp\/v2\/posts\/231\/revisions\/260"}],"wp:attachment":[{"href":"https:\/\/kulturweit.blog\/mrromanticisreadyforbelarus\/wp-json\/wp\/v2\/media?parent=231"}],"wp:term":[{"taxonomy":"category","embeddable":true,"href":"https:\/\/kulturweit.blog\/mrromanticisreadyforbelarus\/wp-json\/wp\/v2\/categories?post=231"},{"taxonomy":"post_tag","embeddable":true,"href":"https:\/\/kulturweit.blog\/mrromanticisreadyforbelarus\/wp-json\/wp\/v2\/tags?post=231"}],"curies":[{"name":"wp","href":"https:\/\/api.w.org\/{rel}","templated":true}]}}