{"id":138,"date":"2017-10-17T10:08:11","date_gmt":"2017-10-17T08:08:11","guid":{"rendered":"https:\/\/kulturweit.blog\/mrromanticisreadyforbelarus\/?p=138"},"modified":"2017-10-23T19:55:44","modified_gmt":"2017-10-23T17:55:44","slug":"leerlauf-ist-tabuoo","status":"publish","type":"post","link":"https:\/\/kulturweit.blog\/mrromanticisreadyforbelarus\/2017\/10\/17\/leerlauf-ist-tabuoo\/","title":{"rendered":"Leerlauf ist tabu(oo)"},"content":{"rendered":"<p>Hallo Freunde,<\/p>\n<p>jetzt sind zwar erst 2 Wochen seit dem letzten Eintrag verstrichen; und trotzdem passiert einfach so viel, dass ich Angst habe, schnell etwas wichtiges auszulassen und zu vergessen:<\/p>\n<p><!--more--><\/p>\n<p>In der Schule gibt es mittlerweile viel\u00a0zu tuen f\u00fcr mich &#8211; auch wenn ich leider nicht richtig unterrichten darf, biete ich\u00a0 Zusatzkurse mit vertieftem Stoff an. Montags findet mein Vorbereitungskurs f\u00fcr den Lesef\u00fcchse-Wettbewerb statt, Dienstags bin ich bei zwei 11 Klassen in der Deutschstunde, Mittwochs trainiere ich mit einer 7. Wortschatz und Schreibfertigkeiten, Donnerstag kommt dann bei selbiger Klasse Grammatik auf den Plan und Freitags geht es wieder zu einer 11.\u00a0 Das bedeutet, ich habe also jeden Tag mindestens eine feste Stunde bei irgendeiner Klasse. Das klingt jetzt erstmal wenig, aber f\u00fcr mich als Abiturienten ohne Lehrerfahrung stellt das eine gewisse Herausforderung dar &#8211; eine Stunde mag gut vorbereitet sein, Leerlauf ist Tabu! Bei den 7ern geht es noch, da bekomme ich Material von den Lehrern gestellt und und kann mich dann ausgehend davon vorbereiten. Aber bei den 11ern bin ich &#8222;komplett frei in der Gestaltung&#8220;, wenn man es positiv ausdr\u00fcckt. Das bedeutet, ich setze mich vor jeder Stunde hin, mache mir Gedanken zu einem m\u00f6glichen Unterrichtsthema und zimmere mir dann aus den verschiedensten Bausteinen mein Material zusammen &#8211; und glaubt mir, das kann dauern&#8230;<\/p>\n<p>Gut, ich m\u00fcsste l\u00fcgen, w\u00fcrde ich behaupten, dass ich dabei nicht auch Spa\u00df h\u00e4tte\u00a0 \ud83d\ude42 Letzte Woche habe ich zum Beispiel eine Stunde dem Song &#8222;Auf anderen Wegen&#8220; von Andreas Bourani gewidmet &#8211; ein wundersch\u00f6nes deutsches Lied mit einem tiefsinnigen Text, also meiner Meinung nach perfekt geeignet f\u00fcr den Einsatz im Daf-Unterricht! Um aber mit den Sch\u00fclern effektiv dar\u00fcber sprechen zu k\u00f6nnen, musste ich mich ersteinmal selbst mit dem Inhalt konkreter auseinandersetzen und das Lied analysieren &#8211; auf jeden Fall eine superspannende Aufgabe, bei der mir die aus der Schule vorhandenen Kenntnisse zu sprachlichen Mitteln und Textinterpretation auch zu gute kamen (!) Wenn dann anschlie\u00dfend die Stunde wie im Flug vor\u00fcbergeht und ich den Eindruck habe, die Sch\u00fcler aus dem tristen Schulalltag f\u00fcr eine kurze Zeit entf\u00fchrt zu haben, indem ich Ihnen die deutsche Sprache auf eine alternative und moderne Art n\u00e4hergebracht habe; dann bin ich gl\u00fccklich und sch\u00f6pfe neue Motivation, um mich am n\u00e4chsten Tag wieder hinzusetzen und aufs neue eine Unterrichtsstunde nach meinen Vorstellungen zu entwerfen!<\/p>\n<p>Das funktioniert nat\u00fcrlich nicht immer so glatt wie ich es gerne h\u00e4tte; wie bei uns sind die hiesigen Sch\u00fcler ebenfalls nur Menschen, die auch mal m\u00fcde und antriebslos sein k\u00f6nnen &#8211; wer k\u00f6nnte es ihnen bei dem stressigen Alltag auch verdenken&#8230; Trotzdem freuen sie sich immer schon auf mich und die Abwechslung, die ich ihnen verschaffe, weshalb ich dennoch immer ziemlich optimistisch und erwartungsvoll dem Anfang der anstehenden Stunde entgegenblicke &#8211; wie zufrieden ich sie dann beende h\u00e4ngt in der Regel von der Tagesform der Sch\u00fcler ab; Totalausf\u00e4lle kamen aber gl\u00fccklicherweise noch nie vor!<\/p>\n<p><a href=\"https:\/\/kulturweit.blog\/mrromanticisreadyforbelarus\/files\/2017\/10\/20171016_112102-Andere.jpg\"><img loading=\"lazy\" decoding=\"async\" class=\"alignnone size-medium wp-image-148\" src=\"https:\/\/kulturweit.blog\/mrromanticisreadyforbelarus\/files\/2017\/10\/20171016_112102-Andere-300x169.jpg\" alt=\"\" width=\"300\" height=\"169\" srcset=\"https:\/\/kulturweit.blog\/mrromanticisreadyforbelarus\/files\/2017\/10\/20171016_112102-Andere-300x169.jpg 300w, https:\/\/kulturweit.blog\/mrromanticisreadyforbelarus\/files\/2017\/10\/20171016_112102-Andere.jpg 640w\" sizes=\"(max-width: 300px) 100vw, 300px\" \/>\u00a0<\/a><\/p>\n<p><em>Haupteingang des Gymnasiums Nr. 2<\/em><\/p>\n<p>Neben der Unterrichtsvorbereitung-und Durchf\u00fchrung werden die sonstigen verwaltungstechnischen Aufgaben auch nicht weniger &#8211; wenn ich nach Hause komme bin ich also ziemlich platt. Besonders aufreibend war der Aufwand um ein Diktat des Deutschen Akademischen Austauschdienstes (DAAD) letzte Woche. Dieses wurde zeitgleich in vielen belarussischen St\u00e4dten sowohl mit Sch\u00fclern als auch mit Studenten durchgef\u00fchrt, die hier im Land Deutsch als Fremdsprache lernen.\u00a0 Als Kulturweitfreiwilliger wurde ich kurzerhand zum Hauptverantwortlichen f\u00fcr die Stadt\u00a0 Pinsk ernannt &#8211; eine Ehre, aber nat\u00fcrlich auch ein Haufen Arbeit! Die fing schon mehrere Wochen vorher damit an, dass ich die Teilnehmer aus unserer Schule registrieren musste: W\u00e4hrend es in Deutschland f\u00fcr gew\u00f6hnlich reicht, den Sch\u00fclern den Link aufzuschreiben und eine strikte Frist zu nennen, musste ich hier jedem einzelnen Teilnehmer hinterherrennen, ihn zum Laptop schleifen und dann aufpassen, dass er oder sie auch ordnungsgem\u00e4\u00df das entsprechende Onlineformular ausf\u00fcllt und ja nicht vergisst, auf den &#8222;Senden&#8220;-Knopf zu dr\u00fccken. D\u00fcnn wie ich bin, habe ich in diesen Tagen bestimmt vom Rumgerenne noch ein paar Kilos abgenommen &#8211; jetzt muss ich mehr Pelmeni essen um das wieder auszugleichen \ud83d\ude09 Anschlie\u00dfend musste alles organisationstechnisch mit unserer Schule koordiniert werden, die uns immerhin einen ganzen Raum sowie die n\u00f6tigen technischen Utensilien zur Verf\u00fcgung stellen musste. Am Stichtag hie\u00df es dann Tische und Technik aufbauen, die Sch\u00fcler einweisen sowie w\u00e4hrend des gesamten Diktates beaufsichtigen und am Ende die Arbeiten einsammeln und unterschriebene Teilnehmerurkunden austeilen. Das selbe Spiel wiederholte sich dann nochmal mit den Studenten aus der Pinsker Uni, die einen schwierigeren Text zu schreiben hatten. Man muss dazu sagen &#8211; das eigentliche Diktat war uns zum Gl\u00fcck als Audiodatei vom DAAD zugesendet geworden &#8211; die charismatische Stimme einer eher unbekannten deutschen Kinderbuchautorin rettete mich also vor einem (erneuten) Stimmbruch.<\/p>\n<p>Als dann gegen 13 Uhr die Studis sich wieder\u00a0 davonmachten ging es f\u00fcr mich erst richtig los &#8211; und zwar an die Korrektur :\/ Genaugenommen bin ich selbst Schuld &#8211; habe ich mich doch freiwillig bereiterkl\u00e4rt, diese B\u00fcrde aufzunehmen. Irgendwie hat es mich eben gereizt, bei Kaffee und Kuchen mit einem Rotstift die Fehler der Sch\u00fcler zu korrigieren und sich bei der Bewertung als diejenige Autorit\u00e4t zu f\u00fchlen, der ich noch vor einem halben Jahr vollkommen unterstand. Doch meine erste richtige Korrektur wird definitiv auch meine letzte sein\u00a0 &#8211; mit jeder korrigierten Arbeit wuchs mein Respekt vor unseren Lehrern, die tag-t\u00e4glich soetwas handhaben m\u00fcssen. Ich dachte ja, ich lese mir schnell den Text durch und streiche ein paar Rechtschreibfehler an &#8211; Pustekuchen! Viele Sch\u00fcler waren mit dem komplexen Diktat einfach komplett \u00fcberfordert. Statt einzelner W\u00f6rter fehlten oft ganze S\u00e4tze, in mehreren F\u00e4llen glich das fertige Produkt einem gigantischen L\u00fcckentext&#8230; Da wurde aus einem schlichten, einseitigen Text pl\u00f6tzlich eine riesige Herausforderung f\u00fcr mich, denn die Leute bei der Pr\u00fcfungsstelle wollten dennoch von mir wissen, wie viele Fehler jeder einzelne Sch\u00fcler fabriziert hat. Von wegen Korrigieren ist das Einfachste der Welt&#8230; Wenn hier jedes fehlende Wort als halber Fehler angerechnet werden muss, wird aus einer Fabel \u00fcber Hase und Igel f\u00fcr mich schnell eine komplexe Rechenaufgabe! Dann gab es auch noch besonders schlaue Leute, die f\u00fcllten die L\u00fccken in ihrem Text einfach mit irgendwelchen anderen Worten die ihnen in den Sinn kamen! Sehr sch\u00f6n gedacht, nur leider gibt es f\u00fcr Kreativit\u00e4t keine Punkte &#8211; stattdessen muss ich hier die \u00fcberfl\u00fcssigen W\u00f6rter auch noch subtrahieren bevor ich mit dem Addieren der fehlenden W\u00f6rter anfangen konnte \ud83d\ude00 Ihr merkt, worauf es hinausl\u00e4uft&#8230; Bei mindestens einer halben Stunde Korrekturzeit pro Arbeit sa\u00df ich bis kurz vor Mitternacht an den Sch\u00fclerdiktaten, musste ich doch die Ergebnisse am n\u00e4chsten morgen sp\u00e4testens in die Zentrale schicken. Die unerwartete Siegerin hatte dann erfreulicherweise nur 3 Fehler vorzuweisen; ich h\u00e4tte am liebsten alle umarmt bei denen ich weniger als 20 Fehler anstreichen musste \ud83d\ude09 Der Text der Studenten war wirklich anspruchsvoll und die Ergebnisse dementsprechend unterirdisch, nach der Tortur am Vortag machte ich es mir jedoch einfacher und pickte das M\u00e4dchen als Siegerin heraus, welche als einzige im ersten (Ab)Satz keine 15-20 Fehler hatte und insgesamt mit nur 12 Fehlern eine hervorragende Figur machte! Dann fix die Ergebnisse weggeschickt und aufgeatmet; ein zus\u00e4tzlicher Urlaubstag f\u00fcr die geleisteten \u00dcberstunden ist mir auf jeden Fall sicher!<\/p>\n<p>Ein paar Mal habe ich bei der Korrektur dennoch geschmunzelt, dies lag an den wirklich kreativen Wortneusch\u00f6pfungen der Sch\u00fcler: Aus &#8222;Kohlk\u00f6pfen&#8220; wurden &#8222;K\u00fchlk\u00f6pfe&#8220; oder &#8222;Kuhk\u00f6pfe&#8220; oder aber &#8222;Cool-K\u00f6pfe&#8220;; aus dem &#8222;Igel&#8220; wurde pl\u00f6tzlich ein &#8222;Gel&#8220;; den &#8222;Wettlauf&#8220; hat man zu einem &#8222;Bettlauf&#8220; umgewandelt und aus dem Schlussatz &#8222;Der Sieger bekommt einen goldenen Taler und eine Flasche Wein&#8220; hat jemand &#8222;der Sieger bekommt einen geilen Metall und einen flachen Wald&#8220; gemacht \ud83d\ude00\u00a0 Da bekommt der ganze Satz teilweise eine komplett neue Bedeutung&#8230;<\/p>\n<p>Die beiden Wochenenden habe ich viel mit Polina gemacht. Polina ist ein ganz besonderes M\u00e4dchen &#8211; sie kann so gut wie alles! In Mathe und Physik ist sie ein absolutes Ass und in Englisch r\u00e4umt sie bei allen Olympiaden ab, obwohl sie das Fach gar nicht in der Schule lernt sondern freiwillig zus\u00e4tzliche Stunden besucht. Und ihre Deutschkenntnisse suchen ihresgleichen. Dementsprechend hat sie auch eine vollgetaktete Woche, jeden Tag irgendeinen Repetitor oder Zusatzkurs nach der Schule,au\u00dferdem spielt sie noch Klavier&#8230; Allein am Samstag (!) nimmt sie tags\u00fcber an 4 (!) au\u00dferschulischen Lernveranstaltungen teil. Nach Abschluss des Schuljahres m\u00f6chte Polina es nach Deutschland schaffen und dort studieren, am besten mit Stipendium. Das zu bekommen ist jedoch f\u00fcr einen Wei\u00dfrussen sehr sehr schwer, ihr stehen schwierige Tests und Pr\u00fcfungen bevor. Zus\u00e4tzlich ist sie begeisterte und engagierte Teilnehmerin meines Lesefuchs-Kurses, nimmt an scheinbar jeder Schulolympiade teil und wird auch noch f\u00fcr s\u00e4mtliche schulische Veranstaltungen als Moderatorin herangezogen.\u00a0 Ich finde das einfach nur beeindruckend, mache mir aber gleichzeitig auch st\u00e4ndig Sorgen, dass es zu viel f\u00fcr sie wird und\u00a0 sie unter der Last der Erwartungen zusammenbrechen k\u00f6nnte. Auf meine \u00c4ngste hin angesprochen l\u00e4chelt mich Polina immer strahlend an und meint &#8222;Das ist lieb &#8211; aber mir geht es gut&#8220;. Dabei ist Polina charakterm\u00e4\u00dfig auch keinesfalls ein Streber, wie er im Buche steht &#8211; im Gegenteil! Arroganz, Eitelkeit, \u00dcberheblichkeit, aber auch Introversion und Einsamkeit sind ihr vollkommen fremd &#8211; Polina ist selbstbewusst, freundlich, hilfsbereit und einfach nur liebenswert. Doch ihre vielleicht gr\u00f6\u00dften Eigenschaften sind ihre Neugier und Zielstrebigkeit &#8211; wo wir auch wieder bei meiner Wochenendgestaltung w\u00e4ren. Da kam Polina zu\u00a0 mir nach Hause und wollte von mir das deutsche Wahl-und Politiksystem erkl\u00e4rt bekommen. Gesagt, getan &#8211; die n\u00e4chsten 3 Stunden sprachen wir \u00fcber Erst-und Zweitwahl, \u00fcber die repr\u00e4sentative Demokratie, die Deutsche Gewaltenteilung, das Parteiensystem, Koalitionen und viel mehr. Anschlie\u00dfend habe ich sie den WahlOMaten machen lassen und ihr jede These so neutral wie m\u00f6glicht versucht zu erkl\u00e4ren &#8211; f\u00fcr Polina resultierte die SPD als w\u00e4hlenswerteste Partei, die AFD d\u00fcmpelte dagegen ganz unten im Ranking vor sich hin \ud83d\ude42 Auch f\u00fcr mich war dieser Abend sehr interessant, musste ich doch mein komplettes theoretisches Wissen \u00fcber das politische System Deutschlands abrufen, b\u00fcndeln und dann auf russisch einem Menschen erkl\u00e4ren, der in einem komplett anderen System gro\u00dfgeworden ist. Am Ende der Lektion war ich dann heiser und total ersch\u00f6pft, aber auch gl\u00fccklich von der Erkenntnis, einem interessierten Gleichgesinnten Deutschland ein St\u00fcck greifbarer gemacht zu haben &#8211; und ist das nicht das Ziel von Kulturweit?<\/p>\n<p>Jedenfalls traf ich Polina anschlie\u00dfend noch mehrmals zu gemeinsamen Spazierg\u00e4ngen, bei denen wir \u00fcber Gott und die Welt redeten &#8211; mit ihr vergeht die Zeit einfach wie im Flug, dass sie &#8222;erst&#8220; 16 ist merkt man ihr gar nicht an. Nur bei StarWars musste sie passen und fragte mich, was das sei &#8211; da werden wir definitiv noch dran arbeiten \ud83d\ude09\u00a0 Aber auch mit anderen Bekanntschaften kann ich etwas unternehmen &#8211; wie zum Beispielt mit Vadim, den ich zuf\u00e4llig in der Mensa kennenlernte. Bei ihm handelt es sich \u00fcbrigens um den symphatischen 11.-Kl\u00e4ssler, der beim Tag des Lehrers so toll gesungen hat! Er ist das komplette Gegenteil von Polina &#8211; ein bodenst\u00e4ndiger Romantiker. Er schreibt Gedichte, besucht oft die russisch-orthodoxe Kirche und m\u00f6chte nach Abschluss der Schule Pfarrer werden. Mit ihm ziehe ich auch durch die Stadt und f\u00fchre lange Unterhaltungen &#8211; die Themen sind jedoch komplett andere. Er ist zwar manchmal ein bisschen abgehoben und irrational (und f\u00fcr meinen Geschmack zu fromm), aber das macht ein Gespr\u00e4ch mit ihm auf jeden Fall zu einer interessanten Erfahrung.<\/p>\n<p>Generell finde ich mich dank der vielen gemeinsamen Aktivit\u00e4ten in Pinsk schon einigerma\u00dfen gut zurecht, was konkret hei\u00dft das wenn ich an irgendeinen Platz komme ich im Hinterkopf habe, dass ich hier irgendwann schon mal war (was aber nichts bedeuten muss&#8230;). Pinsk ist eine sehr saubere und &#8222;helle&#8220; Stadt, bei sch\u00f6ner Sonne strahlt sie nur so wenn man die zentrale Fu\u00dfg\u00e4ngerzone entlangl\u00e4uft!<\/p>\n<p><a href=\"https:\/\/kulturweit.blog\/mrromanticisreadyforbelarus\/files\/2017\/10\/20170927_155725_HDR-Andere.jpg\"><img loading=\"lazy\" decoding=\"async\" class=\"alignnone size-medium wp-image-146\" src=\"https:\/\/kulturweit.blog\/mrromanticisreadyforbelarus\/files\/2017\/10\/20170927_155725_HDR-Andere-300x169.jpg\" alt=\"\" width=\"300\" height=\"169\" srcset=\"https:\/\/kulturweit.blog\/mrromanticisreadyforbelarus\/files\/2017\/10\/20170927_155725_HDR-Andere-300x169.jpg 300w, https:\/\/kulturweit.blog\/mrromanticisreadyforbelarus\/files\/2017\/10\/20170927_155725_HDR-Andere.jpg 640w\" sizes=\"(max-width: 300px) 100vw, 300px\" \/><\/a><\/p>\n<p>&nbsp;<\/p>\n<p>Gestern war ein besonderer Tag &#8211; wir hatten exklusiven Besuch von Manfred Theisen, Autor des modernen und wirklich guten Jugendromanes &#8222;Checkpoint Europa&#8220;.\u00a0 Im Vorleseraum warteten\u00a0 interessierte Sch\u00fcler der 10. und 11. Klassen sowie G\u00e4ste aus anderen Schulen und Institutionen schon gespannt auf den Autor. Dieser stellte sich schnell als sehr gesellig, charismatisch und offen heraus. Trotz einiger technischer Schwierigkeiten gelang es ihm, alle Anwesenden (einschlie\u00dflich mir) in seinen Bann zu ziehen, indem er Stellen aus seinem Werk las und diese durch sehr viel Hintergrundinformationen erg\u00e4nzte. Zwischendurch erz\u00e4hlte er uns etwas \u00fcber sich, seinen Eindruck zu Belarus und seine (fundierte) Meinung zu vielen aktuellen internationalen Diskursen und Problematiken. Auch ein paar skurile Geschichten aus seinem Alltag bekamen wir zu h\u00f6ren; dank der wundervoll-lockeren und humorvollen Vortragsart gab es viele Gelegenheiten zum gemeinsamen Lachen. Nach dem Vortrag gab es au\u00dferdem noch die M\u00f6glichkeit, Herrn Theisen mit verschiedenen Fragen zu l\u00f6chern, was vor allem den Leuten zugute kam, die zusammen mit mir Checkpoint Europa f\u00fcr den Wettbewerb Lesef\u00fcchse International gelesen haben und hier nochmal konkrete inhaltliche Punkte er\u00f6rtern konnten. Aber auch \u00fcber die Intention des Autors wurde viel gefragt, genauso \u00fcber zuk\u00fcnftige Projekte&#8230; Nach Abschluss der offiziellen Veranstaltung sowie einem gemeinsamen Erinnerungsfoto f\u00fchrte ich Herrn Theisen ein wenig durch die Schule und unterhielt mich angeregt mit ihm. Eine 7. Kl\u00e4sslerin gab uns au\u00dferdem noch eine interessante F\u00fchrung durch das schuleigene Museum der belarussischen Kultur mit jahrhundertealten Exponaten. Schlie\u00dflich zeigte ich ihm noch die Altstadt und setzte ihn in seinen Bus nach Minsk, jedoch nicht ohne vorher Kontaktdaten ausgetauscht zu haben. Er zeigte gro\u00dfes Interesse an meinem Blog und versprach, bei Gelegenheit mal vorbeizuschauen; f\u00fcr mich nat\u00fcrlich eine gro\u00dfe Ehre :D.<\/p>\n<p><a href=\"https:\/\/kulturweit.blog\/mrromanticisreadyforbelarus\/files\/2017\/10\/20171016_133559-Andere.jpg\"><img loading=\"lazy\" decoding=\"async\" class=\"alignnone size-medium wp-image-141\" src=\"https:\/\/kulturweit.blog\/mrromanticisreadyforbelarus\/files\/2017\/10\/20171016_133559-Andere-300x169.jpg\" alt=\"\" width=\"300\" height=\"169\" srcset=\"https:\/\/kulturweit.blog\/mrromanticisreadyforbelarus\/files\/2017\/10\/20171016_133559-Andere-300x169.jpg 300w, https:\/\/kulturweit.blog\/mrromanticisreadyforbelarus\/files\/2017\/10\/20171016_133559-Andere.jpg 640w\" sizes=\"(max-width: 300px) 100vw, 300px\" \/><\/a><\/p>\n<p><a href=\"https:\/\/kulturweit.blog\/mrromanticisreadyforbelarus\/files\/2017\/10\/20171016_133931-Andere-e1508225585613.jpg\"><img loading=\"lazy\" decoding=\"async\" class=\"alignnone size-medium wp-image-142\" src=\"https:\/\/kulturweit.blog\/mrromanticisreadyforbelarus\/files\/2017\/10\/20171016_133931-Andere-e1508225585613-300x533.jpg\" alt=\"\" width=\"300\" height=\"533\" srcset=\"https:\/\/kulturweit.blog\/mrromanticisreadyforbelarus\/files\/2017\/10\/20171016_133931-Andere-e1508225585613-300x533.jpg 300w, https:\/\/kulturweit.blog\/mrromanticisreadyforbelarus\/files\/2017\/10\/20171016_133931-Andere-e1508225585613.jpg 360w\" sizes=\"(max-width: 300px) 100vw, 300px\" \/><\/a><\/p>\n<p><a href=\"https:\/\/kulturweit.blog\/mrromanticisreadyforbelarus\/files\/2017\/10\/20171016_141038-Andere.jpg\"><img loading=\"lazy\" decoding=\"async\" class=\"alignnone size-medium wp-image-143\" src=\"https:\/\/kulturweit.blog\/mrromanticisreadyforbelarus\/files\/2017\/10\/20171016_141038-Andere-300x169.jpg\" alt=\"\" width=\"300\" height=\"169\" srcset=\"https:\/\/kulturweit.blog\/mrromanticisreadyforbelarus\/files\/2017\/10\/20171016_141038-Andere-300x169.jpg 300w, https:\/\/kulturweit.blog\/mrromanticisreadyforbelarus\/files\/2017\/10\/20171016_141038-Andere.jpg 640w\" sizes=\"(max-width: 300px) 100vw, 300px\" \/><\/a><a href=\"https:\/\/kulturweit.blog\/mrromanticisreadyforbelarus\/files\/2017\/10\/20171016_141949-Andere.jpg\"><img loading=\"lazy\" decoding=\"async\" class=\"alignnone size-medium wp-image-144\" src=\"https:\/\/kulturweit.blog\/mrromanticisreadyforbelarus\/files\/2017\/10\/20171016_141949-Andere-300x169.jpg\" alt=\"\" width=\"300\" height=\"169\" srcset=\"https:\/\/kulturweit.blog\/mrromanticisreadyforbelarus\/files\/2017\/10\/20171016_141949-Andere-300x169.jpg 300w, https:\/\/kulturweit.blog\/mrromanticisreadyforbelarus\/files\/2017\/10\/20171016_141949-Andere.jpg 640w\" sizes=\"(max-width: 300px) 100vw, 300px\" \/><\/a><\/p>\n<p>Heute findet die Verleihung der Sprachdiplome der ersten Stufe (DSD 1) statt; ein wichtiges Ereignis, f\u00fcr das schon seit mehreren Wochen eifrig geprobt wird. Ich wurde gebeten ein paar Reden zu schreiben, welche mit den Sch\u00fclern so lange einge\u00fcbt wurden bis diese sie perfekt beherrschten. Alle sind etwas nerv\u00f6s und aufgeregt, immerhin erwarten wir hohen Besuch &#8211; den Koordinator der Zentralstelle f\u00fcr das Auslandsschulwesen in Belarus Herrn Lieberknecht sowie Angeh\u00f6rige der Deutschen Botschaft! Auch ich freue mich schon, die hohen Herrschaften pers\u00f6nlich kennenzulernen!<\/p>\n<p>Die Zeit dr\u00e4ngt, deshalb war es das f\u00fcr heute. F\u00fcr die kommenden Wochen steht wieder sehr viel an; ich sage nur Minsk, Goetheinstitut, Baranowitschi, Verwandschaftsbesuch, Zwischenseminar,&#8230; Aber ich melde mich wieder! Bis dahin machts gut und habt euch lieb!<\/p>\n<p>&nbsp;<\/p>\n<p>&nbsp;<\/p>\n<p>&nbsp;<\/p>\n","protected":false},"excerpt":{"rendered":"<p>Hallo Freunde, jetzt sind zwar erst 2 Wochen seit dem letzten Eintrag verstrichen; und trotzdem passiert einfach so viel, dass ich Angst habe, schnell etwas wichtiges auszulassen und zu vergessen:<\/p>\n","protected":false},"author":2228,"featured_media":0,"comment_status":"open","ping_status":"open","sticky":false,"template":"","format":"standard","meta":{"footnotes":""},"categories":[21],"tags":[],"class_list":["post-138","post","type-post","status-publish","format-standard","hentry","category-allgemein"],"amp_enabled":true,"_links":{"self":[{"href":"https:\/\/kulturweit.blog\/mrromanticisreadyforbelarus\/wp-json\/wp\/v2\/posts\/138"}],"collection":[{"href":"https:\/\/kulturweit.blog\/mrromanticisreadyforbelarus\/wp-json\/wp\/v2\/posts"}],"about":[{"href":"https:\/\/kulturweit.blog\/mrromanticisreadyforbelarus\/wp-json\/wp\/v2\/types\/post"}],"author":[{"embeddable":true,"href":"https:\/\/kulturweit.blog\/mrromanticisreadyforbelarus\/wp-json\/wp\/v2\/users\/2228"}],"replies":[{"embeddable":true,"href":"https:\/\/kulturweit.blog\/mrromanticisreadyforbelarus\/wp-json\/wp\/v2\/comments?post=138"}],"version-history":[{"count":3,"href":"https:\/\/kulturweit.blog\/mrromanticisreadyforbelarus\/wp-json\/wp\/v2\/posts\/138\/revisions"}],"predecessor-version":[{"id":160,"href":"https:\/\/kulturweit.blog\/mrromanticisreadyforbelarus\/wp-json\/wp\/v2\/posts\/138\/revisions\/160"}],"wp:attachment":[{"href":"https:\/\/kulturweit.blog\/mrromanticisreadyforbelarus\/wp-json\/wp\/v2\/media?parent=138"}],"wp:term":[{"taxonomy":"category","embeddable":true,"href":"https:\/\/kulturweit.blog\/mrromanticisreadyforbelarus\/wp-json\/wp\/v2\/categories?post=138"},{"taxonomy":"post_tag","embeddable":true,"href":"https:\/\/kulturweit.blog\/mrromanticisreadyforbelarus\/wp-json\/wp\/v2\/tags?post=138"}],"curies":[{"name":"wp","href":"https:\/\/api.w.org\/{rel}","templated":true}]}}