{"id":979,"date":"2012-05-10T10:00:34","date_gmt":"2012-05-10T02:00:34","guid":{"rendered":"https:\/\/kulturweit.blog\/mongolei\/?p=979"},"modified":"2012-05-09T09:23:50","modified_gmt":"2012-05-09T01:23:50","slug":"die-grose-nairamdal-liebe","status":"publish","type":"post","link":"https:\/\/kulturweit.blog\/mongolei\/2012\/05\/10\/die-grose-nairamdal-liebe\/","title":{"rendered":"Die gro\u00dfe Nairamdal-Liebe"},"content":{"rendered":"<p style=\"text-align: justify\">Diese wundersch\u00f6ne Geschichte, die sich wirklich so zugetragen hat, m\u00f6chte ich all meinen Leserinnen und Lesern nicht vorenthalten:<\/p>\n<p style=\"text-align: justify\"><a href=\"https:\/\/kulturweit.blog\/mongolei\/files\/2012\/05\/NM_sw_02.jpg\"><img loading=\"lazy\" decoding=\"async\" class=\"alignright size-medium wp-image-1026\" src=\"https:\/\/kulturweit.blog\/mongolei\/files\/2012\/05\/NM_sw_02-300x203.jpg\" alt=\"1979 wurde daran gebaut, heute ist er fester Bestandteil von Nairamdal: Der Schlaftrakt\" width=\"300\" height=\"203\" srcset=\"https:\/\/kulturweit.blog\/mongolei\/files\/2012\/05\/NM_sw_02-300x203.jpg 300w, https:\/\/kulturweit.blog\/mongolei\/files\/2012\/05\/NM_sw_02.jpg 640w\" sizes=\"(max-width: 300px) 100vw, 300px\" \/><\/a>Auf den Blog-Artikel \u00fcber meinen Nairamdal-Aufenthalt (27.03.2012) bekam ich einen netten Kommentar eines Mannes aus Deutschland. Er schrieb davon, dass er 1979 selbst in Nairamdal gewesen sei und noch starke Erinnerungen an die Zeit habe. W\u00f6rtlich schrieb er: \u201eDiese Erlebnisse vergisst man nicht.\u201c Was genau er damit meinte, schrieb er jedoch nicht. Da er mich ohnehin bat, ihm Fotos von Nairamdal zu schicken, nahm ich Kontakt mit ihm auf und schickte ihm einige Bilder vom Gel\u00e4nde.<\/p>\n<p style=\"text-align: justify\"><a href=\"https:\/\/kulturweit.blog\/mongolei\/files\/2012\/05\/NM_sw_04.jpg\"><img loading=\"lazy\" decoding=\"async\" class=\"alignright size-medium wp-image-1027\" src=\"https:\/\/kulturweit.blog\/mongolei\/files\/2012\/05\/NM_sw_04-300x207.jpg\" alt=\"Den Sportplatz mit Trib\u00fcne gab es fr\u00fcher schon\" width=\"300\" height=\"207\" srcset=\"https:\/\/kulturweit.blog\/mongolei\/files\/2012\/05\/NM_sw_04-300x207.jpg 300w, https:\/\/kulturweit.blog\/mongolei\/files\/2012\/05\/NM_sw_04.jpg 640w\" sizes=\"(max-width: 300px) 100vw, 300px\" \/><\/a>Einige Tage darauf erhielt ich eine Antwort aus Deutschland, die mich wirklich sehr ber\u00fchrte. Der Mann berichtete von seinem Aufenthalt 1979. Delegationen aus den Ostblock-Staaten trafen sich damals in Nairamdal. Ein M\u00e4dchen aus Kuba und ein Junge aus Deutschland haben sich in Nairamdal ineinander verliebt. Der Kontakt brach jedoch nach einem Jahr ab, nicht zuletzt aufgrund der sprachlichen H\u00fcrden.<\/p>\n<p style=\"text-align: justify\"><a href=\"https:\/\/kulturweit.blog\/mongolei\/files\/2012\/05\/NM_sw_06.jpg\"><img loading=\"lazy\" decoding=\"async\" class=\"alignright size-medium wp-image-1028\" src=\"https:\/\/kulturweit.blog\/mongolei\/files\/2012\/05\/NM_sw_06-300x208.jpg\" alt=\"Auch diese Wege existieren heute noch und f\u00fchren an den kleinen H\u00fcttend\u00f6rfern vorbei\" width=\"300\" height=\"208\" srcset=\"https:\/\/kulturweit.blog\/mongolei\/files\/2012\/05\/NM_sw_06-300x208.jpg 300w, https:\/\/kulturweit.blog\/mongolei\/files\/2012\/05\/NM_sw_06.jpg 640w\" sizes=\"(max-width: 300px) 100vw, 300px\" \/><\/a>Vor \u00fcber einem Jahr fand der Mann die Adresse des kubanischen M\u00e4dchens wieder und versuchte, mit ihr Kontakt aufzunehmen. Doch das war nicht ganz einfach, denn die Frau lebt momentan in den Vereinigten Staaten von Amerika. Doch auf Umwege gelangte der Brief nach Miami und nach 32 Jahren gab es endlich ein Wiedersehen zwischen dem kubanischen M\u00e4dchen und dem deutschen Jungen.<\/p>\n<p style=\"text-align: justify\"><a href=\"https:\/\/kulturweit.blog\/mongolei\/files\/2012\/05\/NM_sw_09.jpg\"><img loading=\"lazy\" decoding=\"async\" class=\"alignright size-medium wp-image-1029\" src=\"https:\/\/kulturweit.blog\/mongolei\/files\/2012\/05\/NM_sw_09-300x205.jpg\" alt=\"In diesen Geb\u00e4uden wurde damals noch \u00fcbernachtet - heute werden sie nur verwendet, wenn der Schlaftrakt voll ausgebucht ist\" width=\"300\" height=\"205\" srcset=\"https:\/\/kulturweit.blog\/mongolei\/files\/2012\/05\/NM_sw_09-300x205.jpg 300w, https:\/\/kulturweit.blog\/mongolei\/files\/2012\/05\/NM_sw_09.jpg 640w\" sizes=\"(max-width: 300px) 100vw, 300px\" \/><\/a>Zitat aus einer Mail: \u201eEs gibt also mindestens 2 Menschen auf dieser Erde die Nairamdal immer in sich tragen.\u201c Diese romantische Geschichte erinnert tats\u00e4chlich an eine Telenovela, und so bezeichnen auch Familie und Freunde der urspr\u00fcnglich aus Kuba stammenden Frau die Geschichte zwischen den beiden. Ich finde sie sch\u00f6n und w\u00fcnsche den beiden alles Gute f\u00fcr die Zukunft.<\/p>\n<p style=\"text-align: justify\">Herzlichen Dank an dieser Stelle an die zwei f\u00fcr die Erlaubnis, die Geschichte zu ver\u00f6ffentlichen und danke f\u00fcr das Zusenden der Originalbilder aus dem Jahr 1979.<\/p>\n","protected":false},"excerpt":{"rendered":"<p>Diese wundersch\u00f6ne Geschichte, die sich wirklich so zugetragen hat, m\u00f6chte ich all meinen Leserinnen und Lesern nicht vorenthalten: Auf den Blog-Artikel \u00fcber meinen Nairamdal-Aufenthalt (27.03.2012) bekam ich einen netten Kommentar eines Mannes aus Deutschland. Er schrieb davon, dass er 1979 selbst in Nairamdal gewesen sei und noch starke Erinnerungen an die Zeit habe. W\u00f6rtlich schrieb [&hellip;]<\/p>\n","protected":false},"author":619,"featured_media":1026,"comment_status":"open","ping_status":"open","sticky":false,"template":"","format":"standard","meta":{"footnotes":""},"categories":[21,563,581,577],"tags":[52249,47013,133,47014,35771,47012],"class_list":["post-979","post","type-post","status-publish","format-standard","hentry","category-allgemein","category-erlebnis","category-geschichte","category-menschen","tag-deutschland","tag-kuba","tag-liebe","tag-miami","tag-nairamdal","tag-ostblock"],"amp_enabled":true,"_links":{"self":[{"href":"https:\/\/kulturweit.blog\/mongolei\/wp-json\/wp\/v2\/posts\/979"}],"collection":[{"href":"https:\/\/kulturweit.blog\/mongolei\/wp-json\/wp\/v2\/posts"}],"about":[{"href":"https:\/\/kulturweit.blog\/mongolei\/wp-json\/wp\/v2\/types\/post"}],"author":[{"embeddable":true,"href":"https:\/\/kulturweit.blog\/mongolei\/wp-json\/wp\/v2\/users\/619"}],"replies":[{"embeddable":true,"href":"https:\/\/kulturweit.blog\/mongolei\/wp-json\/wp\/v2\/comments?post=979"}],"version-history":[{"count":1,"href":"https:\/\/kulturweit.blog\/mongolei\/wp-json\/wp\/v2\/posts\/979\/revisions"}],"predecessor-version":[{"id":1031,"href":"https:\/\/kulturweit.blog\/mongolei\/wp-json\/wp\/v2\/posts\/979\/revisions\/1031"}],"wp:featuredmedia":[{"embeddable":true,"href":"https:\/\/kulturweit.blog\/mongolei\/wp-json\/wp\/v2\/media\/1026"}],"wp:attachment":[{"href":"https:\/\/kulturweit.blog\/mongolei\/wp-json\/wp\/v2\/media?parent=979"}],"wp:term":[{"taxonomy":"category","embeddable":true,"href":"https:\/\/kulturweit.blog\/mongolei\/wp-json\/wp\/v2\/categories?post=979"},{"taxonomy":"post_tag","embeddable":true,"href":"https:\/\/kulturweit.blog\/mongolei\/wp-json\/wp\/v2\/tags?post=979"}],"curies":[{"name":"wp","href":"https:\/\/api.w.org\/{rel}","templated":true}]}}