{"id":780,"date":"2012-03-27T18:10:34","date_gmt":"2012-03-27T10:10:34","guid":{"rendered":"https:\/\/kulturweit.blog\/mongolei\/?p=780"},"modified":"2012-03-28T19:11:39","modified_gmt":"2012-03-28T11:11:39","slug":"ab-nach-nairamdal","status":"publish","type":"post","link":"https:\/\/kulturweit.blog\/mongolei\/2012\/03\/27\/ab-nach-nairamdal\/","title":{"rendered":"Ab nach Nairamdal"},"content":{"rendered":"<p style=\"text-align: justify\"><a href=\"https:\/\/kulturweit.blog\/mongolei\/files\/2012\/03\/DSC_0006.jpg\"><img loading=\"lazy\" decoding=\"async\" class=\"alignright size-medium wp-image-809\" src=\"https:\/\/kulturweit.blog\/mongolei\/files\/2012\/03\/DSC_0006-300x200.jpg\" alt=\"Angekommen im Ferienlager Nairamdal: Jetzt muss das Gep\u00e4ck erst einmal die Stufen hochgetragen werden\" width=\"300\" height=\"200\" srcset=\"https:\/\/kulturweit.blog\/mongolei\/files\/2012\/03\/DSC_0006-300x200.jpg 300w, https:\/\/kulturweit.blog\/mongolei\/files\/2012\/03\/DSC_0006-449x300.jpg 449w, https:\/\/kulturweit.blog\/mongolei\/files\/2012\/03\/DSC_0006.jpg 640w\" sizes=\"(max-width: 300px) 100vw, 300px\" \/><\/a>Nach einer wirklich f\u00fcr meine Verh\u00e4ltnisse langen Pause melde ich mich wieder zu Wort. Der M\u00e4rz war in seinen Z\u00fcgen wie eigentlich jeder Monat hier sehr ereignisreich. Ich befinde mich jetzt in der zweiten H\u00e4lfte meines Einsatzes, die Halbzeit ist also schon vorbei. Eigentlich w\u00e4re es jetzt an der Zeit, die letzten sechs Monate Revue passieren zu lassen, doch daf\u00fcr nehme ich mir ein anderes Mal Zeit. Wichtiger sind erst einmal die Ereignisse von Anfang M\u00e4rz.<\/p>\n<p style=\"text-align: justify\">Mit 200 Sch\u00fclerinnen und Sch\u00fclern von f\u00fcnf verschiedenen Schulen ging es in der ersten M\u00e4rzwoche in das internationale Ferienlager \u201eNairamdal\u201c. Man k\u00f6nnte also sagen: Es ging ins Schullandheim. Schon die einst\u00fcndige Fahrt war wieder ein Abenteuer. Im wackligen Bus und auf nicht ausreichend asphaltierten Stra\u00dfen f\u00fchrte uns Weg aus der Hauptstadt raus in die Natur. Die Landschaft und vor allem auch die Luft waren in Nairamdal sehr angenehm. Man k\u00f6nnte fast sagen, dass es Urlaub war, w\u00e4ren da nicht die knapp 200 Sch\u00fcler gewesen, die jedoch nur am Vormittag in unserer Obhut waren.<\/p>\n<p style=\"text-align: justify\">Eine Woche lang besch\u00e4ftigten sich die Sch\u00fcler in neun verschiedenen Workshops mit dem Leitthema: \u201eDie vier Elemente\u201c \u2013 von einem Versuchsworkshop zum Thema Luft bis zum Schattentheater, in dem u.a. der Wasserkreislauf dargestellt wurde, konnten sich die Sch\u00fcler aussuchen, wo sie denn am liebsten sein m\u00f6chten.<\/p>\n<p style=\"text-align: justify\"><a href=\"https:\/\/kulturweit.blog\/mongolei\/files\/2012\/03\/DSC_0084.jpg\"><img loading=\"lazy\" decoding=\"async\" class=\"alignright size-medium wp-image-811\" src=\"https:\/\/kulturweit.blog\/mongolei\/files\/2012\/03\/DSC_0084-300x200.jpg\" alt=\"Sie entdecken ein Haus - das Hexenhaus\" width=\"300\" height=\"200\" srcset=\"https:\/\/kulturweit.blog\/mongolei\/files\/2012\/03\/DSC_0084-300x200.jpg 300w, https:\/\/kulturweit.blog\/mongolei\/files\/2012\/03\/DSC_0084-449x300.jpg 449w, https:\/\/kulturweit.blog\/mongolei\/files\/2012\/03\/DSC_0084.jpg 640w\" sizes=\"(max-width: 300px) 100vw, 300px\" \/><\/a>Mein Kurs lautete: \u201eDie vier Elemente in den M\u00e4rchen der Gebr\u00fcder Grimm\u201c. Passend zum Grimm-Jahr 2012 haben wir jeweils pro Tag ein M\u00e4rchen gelesen und anschlie\u00dfend das M\u00e4rchen nachfotografiert. Es en6tstanden echt tolle Fotostorys, die bei der Abschlusspr\u00e4sentation gezeigt wurden. Mein pers\u00f6nliches Lieblingsm\u00e4rchen war hierbei \u201eH\u00e4nsel und Gretel\u201c. Eine Auswahl der Bilder gibt es hier zu sehen.<\/p>\n<p style=\"text-align: justify\">Am Nachmittag wurden die Sch\u00fcler von den Nairamdal-Lehrern betreut. Daher kann ich auch recht wenig \u00fcber das Nachmittagsprogramm erz\u00e4hlen, denn das bestand bei mir meist nur aus Schlafen, Spazieren gehen oder Zusammensitzen mit den Kolleginnen. Was ich jedoch aus der Moderation wei\u00df, f\u00fcr deren \u00dcbersetzung ich am Er\u00f6ffnungs- und Abschlussabend zust\u00e4ndig war, ist folgendes: ein Sportwettkampf, Karaoke singen, Sternwarte und noch einiges mehr. Die Sch\u00fcler hatten nachmittags jedenfalls immer ein volles Programm und waren zu unserem Vorteil abends meist geschafft.<\/p>\n<p style=\"text-align: justify\"><a href=\"https:\/\/kulturweit.blog\/mongolei\/files\/2012\/03\/DSC_0180.jpg\"><img loading=\"lazy\" decoding=\"async\" class=\"alignright size-medium wp-image-813\" src=\"https:\/\/kulturweit.blog\/mongolei\/files\/2012\/03\/DSC_0180-300x200.jpg\" alt=\"Das Schullandheim (in Form eines Kreuzfahrtschiffs) und das gro\u00dfe Theater rechts daneben\" width=\"300\" height=\"200\" srcset=\"https:\/\/kulturweit.blog\/mongolei\/files\/2012\/03\/DSC_0180-300x200.jpg 300w, https:\/\/kulturweit.blog\/mongolei\/files\/2012\/03\/DSC_0180-449x300.jpg 449w, https:\/\/kulturweit.blog\/mongolei\/files\/2012\/03\/DSC_0180.jpg 640w\" sizes=\"(max-width: 300px) 100vw, 300px\" \/><\/a>Nairamdal an sich finde ich eine grandiose Anlage. Mit Jugendherberge, Schule, Theater, Sporthalle, Sportpl\u00e4tzen im Freien und vielem mehr ist es ein idealer Treffpunkt f\u00fcr Kinder und Jugendliche aus der ganzen Mongolei. Das Konzept funktioniert dort schon seit zwanzig Jahren und ich bin sicher, dass auch die Nachfrage in den n\u00e4chsten zwanzig Jahren kaum abnehmen wird.<\/p>\n<p style=\"text-align: justify\">In die Deutsche Woche fielen dieses Jahr zwei Geburtstage von Kolleginnen, das sechsmonatige Freiwillige Soziale Jahr von Johanna und mir und der Frauentag am 08. M\u00e4rz. F\u00fcr diesen habe ich allen meinen Kolleginnen etwas geschenkt \u2013 so wie es sich eben in der Mongolei (und meiner Meinung nach \u00fcberall auf der Welt an diesem Tag \ud83d\ude09 ) geh\u00f6rt.<\/p>\n<p style=\"text-align: justify\">Regelm\u00e4\u00dfig bekamen wir am Nachmittag oder am Abend Besuch von den Deutschkolleginnen, die nicht mitgefahren sind. Einige mussten ja schlie\u00dflich auch in der Schule bleiben und den Deutschunterricht der anderen vertreten.<\/p>\n<p style=\"text-align: justify\">Jeden Abend trafen sich alle Sch\u00fclerinnen, Sch\u00fcler und Lehrer im gro\u00dfen Theater von Nairamdal. Am ersten Abend fand dort der Er\u00f6ffnungsabend statt, mal gab es einen Kulturwettbewerb, bei dem ich in der Jury sitzen durfte, mal eine Disko und auch den Abschlussabend, der sehr emotional war. Viele \u2013 vor allem M\u00e4dchen \u2013 weinten und wollten noch l\u00e4nger dort bleiben. F\u00fcr viele der Teilnehmer ist es wohl die einzige M\u00f6glichkeit, einmal im Jahr aus der Stadt rauszukommen und so ist der tr\u00e4nenreiche Abschied beim mongolisch-deutschen Gute-Nacht-Lied nachzuvollziehen. Dieses Lied pr\u00e4gte \u00fcbrigens die ganze Woche und wurde deswegen von mir auch zum Lied des Monats gew\u00e4hlt.<\/p>\n\n\t\t<style type=\"text\/css\">\n\t\t\t#gallery-1 {\n\t\t\t\tmargin: auto;\n\t\t\t}\n\t\t\t#gallery-1 .gallery-item {\n\t\t\t\tfloat: left;\n\t\t\t\tmargin-top: 10px;\n\t\t\t\ttext-align: center;\n\t\t\t\twidth: 33%;\n\t\t\t}\n\t\t\t#gallery-1 img {\n\t\t\t\tborder: 2px solid #cfcfcf;\n\t\t\t}\n\t\t\t#gallery-1 .gallery-caption {\n\t\t\t\tmargin-left: 0;\n\t\t\t}\n\t\t\t\/* see gallery_shortcode() in wp-includes\/media.php *\/\n\t\t<\/style>\n\t\t<div id='gallery-1' class='gallery galleryid-780 gallery-columns-3 gallery-size-thumbnail'><dl class='gallery-item'>\n\t\t\t<dt class='gallery-icon landscape'>\n\t\t\t\t<a href='https:\/\/kulturweit.blog\/mongolei\/files\/2012\/03\/DSC_0006.jpg'><img loading=\"lazy\" decoding=\"async\" width=\"150\" height=\"150\" src=\"https:\/\/kulturweit.blog\/mongolei\/files\/2012\/03\/DSC_0006-150x150.jpg\" class=\"attachment-thumbnail size-thumbnail\" alt=\"Angekommen im Ferienlager Nairamdal: Jetzt muss das Gep\u00e4ck erst einmal die Stufen hochgetragen werden\" \/><\/a>\n\t\t\t<\/dt><\/dl><dl class='gallery-item'>\n\t\t\t<dt class='gallery-icon landscape'>\n\t\t\t\t<a href='https:\/\/kulturweit.blog\/mongolei\/files\/2012\/03\/DSC_0180.jpg'><img loading=\"lazy\" decoding=\"async\" width=\"150\" height=\"150\" src=\"https:\/\/kulturweit.blog\/mongolei\/files\/2012\/03\/DSC_0180-150x150.jpg\" class=\"attachment-thumbnail size-thumbnail\" alt=\"Das Schullandheim (in Form eines Kreuzfahrtschiffs) und das gro\u00dfe Theater rechts daneben\" \/><\/a>\n\t\t\t<\/dt><\/dl><dl class='gallery-item'>\n\t\t\t<dt class='gallery-icon landscape'>\n\t\t\t\t<a href='https:\/\/kulturweit.blog\/mongolei\/files\/2012\/03\/DSCF4730.jpg'><img loading=\"lazy\" decoding=\"async\" width=\"150\" height=\"150\" src=\"https:\/\/kulturweit.blog\/mongolei\/files\/2012\/03\/DSCF4730-150x150.jpg\" class=\"attachment-thumbnail size-thumbnail\" alt=\"Alle Teilnehmer mussten w\u00e4hrend der Er\u00f6ffnungsveranstaltung einen Schwur sprechen\" \/><\/a>\n\t\t\t<\/dt><\/dl><br style=\"clear: both\" \/><dl class='gallery-item'>\n\t\t\t<dt class='gallery-icon landscape'>\n\t\t\t\t<a href='https:\/\/kulturweit.blog\/mongolei\/files\/2012\/03\/DSCF4715.jpg'><img loading=\"lazy\" decoding=\"async\" width=\"150\" height=\"150\" src=\"https:\/\/kulturweit.blog\/mongolei\/files\/2012\/03\/DSCF4715-150x150.jpg\" class=\"attachment-thumbnail size-thumbnail\" alt=\"\" \/><\/a>\n\t\t\t<\/dt><\/dl><dl class='gallery-item'>\n\t\t\t<dt class='gallery-icon landscape'>\n\t\t\t\t<a href='https:\/\/kulturweit.blog\/mongolei\/files\/2012\/03\/DSCF4852.jpg'><img loading=\"lazy\" decoding=\"async\" width=\"150\" height=\"150\" src=\"https:\/\/kulturweit.blog\/mongolei\/files\/2012\/03\/DSCF4852-150x150.jpg\" class=\"attachment-thumbnail size-thumbnail\" alt=\"Arbeit im Lehrerzimmer und Vorbereitung f\u00fcr den n\u00e4chsten Tag\" \/><\/a>\n\t\t\t<\/dt><\/dl><dl class='gallery-item'>\n\t\t\t<dt class='gallery-icon landscape'>\n\t\t\t\t<a href='https:\/\/kulturweit.blog\/mongolei\/files\/2012\/03\/DSCF5131.jpg'><img loading=\"lazy\" decoding=\"async\" width=\"150\" height=\"150\" src=\"https:\/\/kulturweit.blog\/mongolei\/files\/2012\/03\/DSCF5131-150x150.jpg\" class=\"attachment-thumbnail size-thumbnail\" alt=\"Gro\u00dfer Ansturm im Speisesaal: Das leckere mongolische und internationale Essen durfte man sich nicht entgehen lassen\" \/><\/a>\n\t\t\t<\/dt><\/dl><br style=\"clear: both\" \/><dl class='gallery-item'>\n\t\t\t<dt class='gallery-icon landscape'>\n\t\t\t\t<a href='https:\/\/kulturweit.blog\/mongolei\/files\/2012\/03\/P1070054.jpg'><img loading=\"lazy\" decoding=\"async\" width=\"150\" height=\"150\" src=\"https:\/\/kulturweit.blog\/mongolei\/files\/2012\/03\/P1070054-150x150.jpg\" class=\"attachment-thumbnail size-thumbnail\" alt=\"Animationstanz zu Shakiras &quot;Waka Waka&quot; - auch die Lehrer mussten ran\" \/><\/a>\n\t\t\t<\/dt><\/dl><dl class='gallery-item'>\n\t\t\t<dt class='gallery-icon landscape'>\n\t\t\t\t<a href='https:\/\/kulturweit.blog\/mongolei\/files\/2012\/03\/DSCF4939.jpg'><img loading=\"lazy\" decoding=\"async\" width=\"150\" height=\"150\" src=\"https:\/\/kulturweit.blog\/mongolei\/files\/2012\/03\/DSCF4939-150x150.jpg\" class=\"attachment-thumbnail size-thumbnail\" alt=\"Den Wettbewerb f\u00fcr das aufger\u00e4umteste Zimmer gewannen Johanna und ich defintiv nicht\" \/><\/a>\n\t\t\t<\/dt><\/dl><dl class='gallery-item'>\n\t\t\t<dt class='gallery-icon portrait'>\n\t\t\t\t<a href='https:\/\/kulturweit.blog\/mongolei\/files\/2012\/03\/DSC_0183.jpg'><img loading=\"lazy\" decoding=\"async\" width=\"150\" height=\"150\" src=\"https:\/\/kulturweit.blog\/mongolei\/files\/2012\/03\/DSC_0183-150x150.jpg\" class=\"attachment-thumbnail size-thumbnail\" alt=\"Der Leitgedanke der Arbeit in Naiamdal: Auch auf deutscher Sprache\" \/><\/a>\n\t\t\t<\/dt><\/dl><br style=\"clear: both\" \/><dl class='gallery-item'>\n\t\t\t<dt class='gallery-icon landscape'>\n\t\t\t\t<a href='https:\/\/kulturweit.blog\/mongolei\/files\/2012\/03\/P1070026.jpg'><img loading=\"lazy\" decoding=\"async\" width=\"150\" height=\"150\" src=\"https:\/\/kulturweit.blog\/mongolei\/files\/2012\/03\/P1070026-150x150.jpg\" class=\"attachment-thumbnail size-thumbnail\" alt=\"Der Spaziergang durch den Wald geh\u00f6rt zum positiven Naturerlebnis\" \/><\/a>\n\t\t\t<\/dt><\/dl><dl class='gallery-item'>\n\t\t\t<dt class='gallery-icon landscape'>\n\t\t\t\t<a href='https:\/\/kulturweit.blog\/mongolei\/files\/2012\/03\/P1060920.jpg'><img loading=\"lazy\" decoding=\"async\" width=\"150\" height=\"150\" src=\"https:\/\/kulturweit.blog\/mongolei\/files\/2012\/03\/P1060920-150x150.jpg\" class=\"attachment-thumbnail size-thumbnail\" alt=\"Abends vertrieb man sich bis zum Schlafengehen die Zeit mit Spielen\" \/><\/a>\n\t\t\t<\/dt><\/dl><dl class='gallery-item'>\n\t\t\t<dt class='gallery-icon landscape'>\n\t\t\t\t<a href='https:\/\/kulturweit.blog\/mongolei\/files\/2012\/03\/DSC_0540.jpg'><img loading=\"lazy\" decoding=\"async\" width=\"150\" height=\"150\" src=\"https:\/\/kulturweit.blog\/mongolei\/files\/2012\/03\/DSC_0540-150x150.jpg\" class=\"attachment-thumbnail size-thumbnail\" alt=\"Die Vorstellung der Fotostory zu &quot;H\u00e4nsel und Gretel&quot; w\u00e4hrend der Abschlusspr\u00e4sentation\" \/><\/a>\n\t\t\t<\/dt><\/dl><br style=\"clear: both\" \/><dl class='gallery-item'>\n\t\t\t<dt class='gallery-icon landscape'>\n\t\t\t\t<a href='https:\/\/kulturweit.blog\/mongolei\/files\/2012\/03\/DSC_0077.jpg'><img loading=\"lazy\" decoding=\"async\" width=\"150\" height=\"150\" src=\"https:\/\/kulturweit.blog\/mongolei\/files\/2012\/03\/DSC_0077-150x150.jpg\" class=\"attachment-thumbnail size-thumbnail\" alt=\"H\u00e4nsel und Gretel laufen tief durch den dunklen Wald\" \/><\/a>\n\t\t\t<\/dt><\/dl><dl class='gallery-item'>\n\t\t\t<dt class='gallery-icon landscape'>\n\t\t\t\t<a href='https:\/\/kulturweit.blog\/mongolei\/files\/2012\/03\/DSC_0084.jpg'><img loading=\"lazy\" decoding=\"async\" width=\"150\" height=\"150\" src=\"https:\/\/kulturweit.blog\/mongolei\/files\/2012\/03\/DSC_0084-150x150.jpg\" class=\"attachment-thumbnail size-thumbnail\" alt=\"Sie entdecken ein Haus - das Hexenhaus\" \/><\/a>\n\t\t\t<\/dt><\/dl><dl class='gallery-item'>\n\t\t\t<dt class='gallery-icon portrait'>\n\t\t\t\t<a href='https:\/\/kulturweit.blog\/mongolei\/files\/2012\/03\/DSC_0088.jpg'><img loading=\"lazy\" decoding=\"async\" width=\"150\" height=\"150\" src=\"https:\/\/kulturweit.blog\/mongolei\/files\/2012\/03\/DSC_0088-150x150.jpg\" class=\"attachment-thumbnail size-thumbnail\" alt=\"Gretel nimmt ein St\u00fcck vom Zuckerfenster\" \/><\/a>\n\t\t\t<\/dt><\/dl><br style=\"clear: both\" \/><dl class='gallery-item'>\n\t\t\t<dt class='gallery-icon landscape'>\n\t\t\t\t<a href='https:\/\/kulturweit.blog\/mongolei\/files\/2012\/03\/DSC_0487.jpg'><img loading=\"lazy\" decoding=\"async\" width=\"150\" height=\"150\" src=\"https:\/\/kulturweit.blog\/mongolei\/files\/2012\/03\/DSC_0487-150x150.jpg\" class=\"attachment-thumbnail size-thumbnail\" alt=\"Projekt von Johanna: Der Zauberlehrling (Element Wasser) als Schattentheater\" \/><\/a>\n\t\t\t<\/dt><\/dl><dl class='gallery-item'>\n\t\t\t<dt class='gallery-icon landscape'>\n\t\t\t\t<a href='https:\/\/kulturweit.blog\/mongolei\/files\/2012\/03\/DSC_0610.jpg'><img loading=\"lazy\" decoding=\"async\" width=\"150\" height=\"150\" src=\"https:\/\/kulturweit.blog\/mongolei\/files\/2012\/03\/DSC_0610-150x150.jpg\" class=\"attachment-thumbnail size-thumbnail\" alt=\"Das Team: Deutschlehrer, die dauerhaft oder teilweise an der Deutschen Woche teilnahmen\" \/><\/a>\n\t\t\t<\/dt><\/dl>\n\t\t\t<br style='clear: both' \/>\n\t\t<\/div>\n\n<p style=\"text-align: justify\">W\u00e4hrend des Abschlussabends wurde dann das Nairamdal-Video f\u00fcr die Deutsche Woche vorgestellt. Eine Zusammenstellung der \u201eBest-of-Fotos\u201c, die in der ganzen Woche entstanden sind: Bilder einer Woche, die mir sehr gefallen hat, in der man ein bisschen vom Alltagsstress befreit war und die Natur in ihren vollen Z\u00fcgen genie\u00dfen konnte.<\/p>\n<p><iframe loading=\"lazy\" title=\"German helnii 11-r eelj Nairamdal 2012\" width=\"600\" height=\"450\" src=\"https:\/\/www.youtube.com\/embed\/5xcMzHxdV4A?feature=oembed\" frameborder=\"0\" allow=\"accelerometer; autoplay; clipboard-write; encrypted-media; gyroscope; picture-in-picture; web-share\" referrerpolicy=\"strict-origin-when-cross-origin\" allowfullscreen><\/iframe><\/p>\n","protected":false},"excerpt":{"rendered":"<p>Nach einer wirklich f\u00fcr meine Verh\u00e4ltnisse langen Pause melde ich mich wieder zu Wort. Der M\u00e4rz war in seinen Z\u00fcgen wie eigentlich jeder Monat hier sehr ereignisreich. Ich befinde mich jetzt in der zweiten H\u00e4lfte meines Einsatzes, die Halbzeit ist also schon vorbei. Eigentlich w\u00e4re es jetzt an der Zeit, die letzten sechs Monate Revue [&hellip;]<\/p>\n","protected":false},"author":619,"featured_media":809,"comment_status":"open","ping_status":"open","sticky":false,"template":"","format":"standard","meta":{"footnotes":""},"categories":[578,82],"tags":[879,35773,35774,35771,35776,35775],"class_list":["post-780","post","type-post","status-publish","format-standard","hentry","category-arbeitmitkindern","category-deutschland","tag-deutsche-woche","tag-ferienlager","tag-grimm","tag-nairamdal","tag-schullandheim","tag-vier-elemente"],"amp_enabled":true,"_links":{"self":[{"href":"https:\/\/kulturweit.blog\/mongolei\/wp-json\/wp\/v2\/posts\/780"}],"collection":[{"href":"https:\/\/kulturweit.blog\/mongolei\/wp-json\/wp\/v2\/posts"}],"about":[{"href":"https:\/\/kulturweit.blog\/mongolei\/wp-json\/wp\/v2\/types\/post"}],"author":[{"embeddable":true,"href":"https:\/\/kulturweit.blog\/mongolei\/wp-json\/wp\/v2\/users\/619"}],"replies":[{"embeddable":true,"href":"https:\/\/kulturweit.blog\/mongolei\/wp-json\/wp\/v2\/comments?post=780"}],"version-history":[{"count":0,"href":"https:\/\/kulturweit.blog\/mongolei\/wp-json\/wp\/v2\/posts\/780\/revisions"}],"wp:featuredmedia":[{"embeddable":true,"href":"https:\/\/kulturweit.blog\/mongolei\/wp-json\/wp\/v2\/media\/809"}],"wp:attachment":[{"href":"https:\/\/kulturweit.blog\/mongolei\/wp-json\/wp\/v2\/media?parent=780"}],"wp:term":[{"taxonomy":"category","embeddable":true,"href":"https:\/\/kulturweit.blog\/mongolei\/wp-json\/wp\/v2\/categories?post=780"},{"taxonomy":"post_tag","embeddable":true,"href":"https:\/\/kulturweit.blog\/mongolei\/wp-json\/wp\/v2\/tags?post=780"}],"curies":[{"name":"wp","href":"https:\/\/api.w.org\/{rel}","templated":true}]}}