{"id":742,"date":"2012-02-24T13:16:32","date_gmt":"2012-02-24T05:16:32","guid":{"rendered":"https:\/\/kulturweit.blog\/mongolei\/?p=742"},"modified":"2012-02-24T13:18:38","modified_gmt":"2012-02-24T05:18:38","slug":"helau-und-alaaf","status":"publish","type":"post","link":"https:\/\/kulturweit.blog\/mongolei\/2012\/02\/24\/helau-und-alaaf\/","title":{"rendered":"Helau und Alaaf!"},"content":{"rendered":"<p style=\"text-align: justify\"><a href=\"https:\/\/kulturweit.blog\/mongolei\/files\/2012\/02\/DSC_0270.jpg\"><img loading=\"lazy\" decoding=\"async\" class=\"alignright size-medium wp-image-744\" src=\"https:\/\/kulturweit.blog\/mongolei\/files\/2012\/02\/DSC_0270-300x200.jpg\" alt=\"Zusammen mit zwei Deutschkolleginnen anderer Schulen beim Botschaftskarnveal\" width=\"300\" height=\"200\" srcset=\"https:\/\/kulturweit.blog\/mongolei\/files\/2012\/02\/DSC_0270-300x200.jpg 300w, https:\/\/kulturweit.blog\/mongolei\/files\/2012\/02\/DSC_0270-449x300.jpg 449w, https:\/\/kulturweit.blog\/mongolei\/files\/2012\/02\/DSC_0270.jpg 640w\" sizes=\"(max-width: 300px) 100vw, 300px\" \/><\/a>Viele werden die Schnauze voll haben von den Prunksitzungen und Faschingsumz\u00fcgen, die in den letzten Wochen ununterbrochen im Deutschen Fernsehen gezeigt wurden. Egal, wo man war \u2013 \u00fcberall wurde man mit dem Thema Fasching konfrontiert. Sei es im B\u00e4cker, wo die Faschingskrapfen im Angebot waren oder im Supermarkt, wo man drei Pappnasen zum Preis von zwei kaufen konnte. Von all dem blieb ich dieses Jahr verschont \u2013 dachte ich zumindest bis letzte Woche. Doch dann bekam ich pl\u00f6tzlich die Einladung zu einer Veranstaltung in der Deutschen Botschaft hier in der Mongolei unter dem Titel \u201eDrink doch ene mit\u201c. Ja, herzlich Willkommen zum ersten Botschaftskarneval in der Mongolei.<\/p>\n<p style=\"text-align: justify\"><a href=\"https:\/\/kulturweit.blog\/mongolei\/files\/2012\/02\/DSC_0331.jpg\"><img loading=\"lazy\" decoding=\"async\" class=\"alignright size-medium wp-image-747\" src=\"https:\/\/kulturweit.blog\/mongolei\/files\/2012\/02\/DSC_0331-300x200.jpg\" alt=\"Mein neues Outfit - was sagt ihr dazu? ;)\" width=\"300\" height=\"200\" srcset=\"https:\/\/kulturweit.blog\/mongolei\/files\/2012\/02\/DSC_0331-300x200.jpg 300w, https:\/\/kulturweit.blog\/mongolei\/files\/2012\/02\/DSC_0331-449x300.jpg 449w, https:\/\/kulturweit.blog\/mongolei\/files\/2012\/02\/DSC_0331.jpg 640w\" sizes=\"(max-width: 300px) 100vw, 300px\" \/><\/a>Da ich bereits am 11.11 um 11:11 Uhr den Karnevalsauftakt mit Sch\u00fclerinnen und Sch\u00fclern meiner Schule feierte, musste ich mich nat\u00fcrlich beim Botschaftskarneval auch sehen lassen, wo ich zugegeben ja schlie\u00dflich kein Faschingsmuffel bin, sondern bei diesen Veranstaltungen gerne mit dabei bin. Von jeder Schule in der Mongolei, an der Deutsch unterrichtet wird, sollten Lehrer und Sch\u00fcler zur Veranstaltung kommen. Auch das Goethe-Institut, Botschaftsmitarbeiter sowie die Germanistikabteilungen der Universit\u00e4ten waren dabei. Das lies ich mir nat\u00fcrlich nicht zweimal sagen und plante den Freitagabend fest als Faschingsabend ein. Die Frage nach dem passenden Outfit qu\u00e4lte mich bereits Tage davor, irgendwie hatte ich den Drang, dieses Jahr mal was ganz anderes zu machen und das habe ich auch gemacht \u2013 n\u00e4mlich mit meinen Haaren. Das Foto sagt alles \ud83d\ude09 Mein Fazit: Das Outfit steht mir \ud83d\ude09 Am Tag darauf war ich dann sogar in den mongolischen Nachrichten zu sehen, wo ein Bericht \u00fcber den Karneval ausgestrahlt wurde.<\/p>\n<p style=\"text-align: justify\"><a href=\"https:\/\/kulturweit.blog\/mongolei\/files\/2012\/02\/DSC_0388.jpg\"><img loading=\"lazy\" decoding=\"async\" class=\"alignright size-medium wp-image-752\" src=\"https:\/\/kulturweit.blog\/mongolei\/files\/2012\/02\/DSC_0388-300x200.jpg\" alt=\"&quot;Einen Stern, der deinen Namen tr\u00e4gt ...&quot;\" width=\"300\" height=\"200\" srcset=\"https:\/\/kulturweit.blog\/mongolei\/files\/2012\/02\/DSC_0388-300x200.jpg 300w, https:\/\/kulturweit.blog\/mongolei\/files\/2012\/02\/DSC_0388-449x300.jpg 449w, https:\/\/kulturweit.blog\/mongolei\/files\/2012\/02\/DSC_0388.jpg 640w\" sizes=\"(max-width: 300px) 100vw, 300px\" \/><\/a>Knapp 60 Leute waren zur Veranstaltung eingeladen und sich auch gekommen. Es war das erste Mal, dass ein Botschaftskarneval veranstaltet wurde und das ausgerechnet an dem Tag, an dem Christian Wulff von seinem Amt zur\u00fcckrat. Man kann meinen, dass diese Info die Veranstaltung \u00fcberschattete, doch wurde dar\u00fcber eher am Rande gesprochen \u2013 in erster Linie wurde das Motto zur Realit\u00e4t umgesetzt. Heiter und mit viel Spa\u00df wurde ausgelassen zu den K\u00f6lner Faschingsklassikern getanzt und gesungen. Die mongolischen Sch\u00fcler waren anfangs sichtlich verwirrt, fanden es aber nach einer Zeit recht am\u00fcsant.<\/p>\n<p style=\"text-align: justify\">Leider war das Programm (bestehend aus einem Gesangs- und Maskenwettbewerb) etwas d\u00fcrftig. Hier h\u00e4tte ich mir \u2013 um ehrlich zu sein \u2013 etwas mehr erwartet. Ebenso vom Buffet, das bestand n\u00e4mlich nur aus Wurst und Pommes und \u2013 fast h\u00e4tte ich es vergessen \u2013 Bier. Es hie\u00df ja schlie\u00dflich \u201eDrink doch ene mit\u201c. Trotzdem fand in die Veranstaltung alles in allem recht gelungen. Nach knapp f\u00fcnf Stunden Fasching pur bin ich dann ins Taxi gestiegen und\u00a0 nach Hause gefahren. Meine Bef\u00fcrchtung, dass mich aufgrund meines Aussehens niemand mitnehmen wollte, wurde zum Gl\u00fcck nicht best\u00e4tigt. Ein kleiner Einblick in die verschiedenen Kost\u00fcmierungen findet ihr in der Bildergalerie.<\/p>\n\n\t\t<style type=\"text\/css\">\n\t\t\t#gallery-1 {\n\t\t\t\tmargin: auto;\n\t\t\t}\n\t\t\t#gallery-1 .gallery-item {\n\t\t\t\tfloat: left;\n\t\t\t\tmargin-top: 10px;\n\t\t\t\ttext-align: center;\n\t\t\t\twidth: 33%;\n\t\t\t}\n\t\t\t#gallery-1 img {\n\t\t\t\tborder: 2px solid #cfcfcf;\n\t\t\t}\n\t\t\t#gallery-1 .gallery-caption {\n\t\t\t\tmargin-left: 0;\n\t\t\t}\n\t\t\t\/* see gallery_shortcode() in wp-includes\/media.php *\/\n\t\t<\/style>\n\t\t<div id='gallery-1' class='gallery galleryid-742 gallery-columns-3 gallery-size-thumbnail'><dl class='gallery-item'>\n\t\t\t<dt class='gallery-icon landscape'>\n\t\t\t\t<a href='https:\/\/kulturweit.blog\/mongolei\/files\/2012\/02\/DSC_0270.jpg'><img loading=\"lazy\" decoding=\"async\" width=\"150\" height=\"150\" src=\"https:\/\/kulturweit.blog\/mongolei\/files\/2012\/02\/DSC_0270-150x150.jpg\" class=\"attachment-thumbnail size-thumbnail\" alt=\"Zusammen mit zwei Deutschkolleginnen anderer Schulen beim Botschaftskarnveal\" \/><\/a>\n\t\t\t<\/dt><\/dl><dl class='gallery-item'>\n\t\t\t<dt class='gallery-icon landscape'>\n\t\t\t\t<a href='https:\/\/kulturweit.blog\/mongolei\/files\/2012\/02\/DSC_0309.jpg'><img loading=\"lazy\" decoding=\"async\" width=\"150\" height=\"150\" src=\"https:\/\/kulturweit.blog\/mongolei\/files\/2012\/02\/DSC_0309-150x150.jpg\" class=\"attachment-thumbnail size-thumbnail\" alt=\"Kollegen der Alexander-von-Humboldt-Schule\" \/><\/a>\n\t\t\t<\/dt><\/dl><dl class='gallery-item'>\n\t\t\t<dt class='gallery-icon landscape'>\n\t\t\t\t<a href='https:\/\/kulturweit.blog\/mongolei\/files\/2012\/02\/DSC_0383.jpg'><img loading=\"lazy\" decoding=\"async\" width=\"150\" height=\"150\" src=\"https:\/\/kulturweit.blog\/mongolei\/files\/2012\/02\/DSC_0383-150x150.jpg\" class=\"attachment-thumbnail size-thumbnail\" alt=\"Gruppenbild mit allen Teilnehmern der Alexander-von-Humboldt-Schule\" \/><\/a>\n\t\t\t<\/dt><\/dl><br style=\"clear: both\" \/><dl class='gallery-item'>\n\t\t\t<dt class='gallery-icon landscape'>\n\t\t\t\t<a href='https:\/\/kulturweit.blog\/mongolei\/files\/2012\/02\/DSC_0385.jpg'><img loading=\"lazy\" decoding=\"async\" width=\"150\" height=\"150\" src=\"https:\/\/kulturweit.blog\/mongolei\/files\/2012\/02\/DSC_0385-150x150.jpg\" class=\"attachment-thumbnail size-thumbnail\" alt=\"Die Mitarbeiter vom Goethe-Institut waren sehr kreativ\" \/><\/a>\n\t\t\t<\/dt><\/dl><dl class='gallery-item'>\n\t\t\t<dt class='gallery-icon landscape'>\n\t\t\t\t<a href='https:\/\/kulturweit.blog\/mongolei\/files\/2012\/02\/DSC_0311.jpg'><img loading=\"lazy\" decoding=\"async\" width=\"150\" height=\"150\" src=\"https:\/\/kulturweit.blog\/mongolei\/files\/2012\/02\/DSC_0311-150x150.jpg\" class=\"attachment-thumbnail size-thumbnail\" alt=\"Auch Professoren der Universit\u00e4t waren da\" \/><\/a>\n\t\t\t<\/dt><\/dl><dl class='gallery-item'>\n\t\t\t<dt class='gallery-icon landscape'>\n\t\t\t\t<a href='https:\/\/kulturweit.blog\/mongolei\/files\/2012\/02\/DSC_0316.jpg'><img loading=\"lazy\" decoding=\"async\" width=\"150\" height=\"150\" src=\"https:\/\/kulturweit.blog\/mongolei\/files\/2012\/02\/DSC_0316-150x150.jpg\" class=\"attachment-thumbnail size-thumbnail\" alt=\"Botschaftsmitarbeiter sorgten f\u00fcr einen gelungen Auftritt in Original-Polizeiuniform\" \/><\/a>\n\t\t\t<\/dt><\/dl><br style=\"clear: both\" \/><dl class='gallery-item'>\n\t\t\t<dt class='gallery-icon landscape'>\n\t\t\t\t<a href='https:\/\/kulturweit.blog\/mongolei\/files\/2012\/02\/DSC_0331.jpg'><img loading=\"lazy\" decoding=\"async\" width=\"150\" height=\"150\" src=\"https:\/\/kulturweit.blog\/mongolei\/files\/2012\/02\/DSC_0331-150x150.jpg\" class=\"attachment-thumbnail size-thumbnail\" alt=\"Mein neues Outfit - was sagt ihr dazu? ;)\" \/><\/a>\n\t\t\t<\/dt><\/dl><dl class='gallery-item'>\n\t\t\t<dt class='gallery-icon landscape'>\n\t\t\t\t<a href='https:\/\/kulturweit.blog\/mongolei\/files\/2012\/02\/DSC_0339.jpg'><img loading=\"lazy\" decoding=\"async\" width=\"150\" height=\"150\" src=\"https:\/\/kulturweit.blog\/mongolei\/files\/2012\/02\/DSC_0339-150x150.jpg\" class=\"attachment-thumbnail size-thumbnail\" alt=\"Hmmm ... lecker. Das Essen in der Deutschen Botschaft\" \/><\/a>\n\t\t\t<\/dt><\/dl><dl class='gallery-item'>\n\t\t\t<dt class='gallery-icon landscape'>\n\t\t\t\t<a href='https:\/\/kulturweit.blog\/mongolei\/files\/2012\/02\/DSC_0344.jpg'><img loading=\"lazy\" decoding=\"async\" width=\"150\" height=\"150\" src=\"https:\/\/kulturweit.blog\/mongolei\/files\/2012\/02\/DSC_0344-150x150.jpg\" class=\"attachment-thumbnail size-thumbnail\" alt=\"Die Stimmung war gut\" \/><\/a>\n\t\t\t<\/dt><\/dl><br style=\"clear: both\" \/><dl class='gallery-item'>\n\t\t\t<dt class='gallery-icon landscape'>\n\t\t\t\t<a href='https:\/\/kulturweit.blog\/mongolei\/files\/2012\/02\/DSC_0388.jpg'><img loading=\"lazy\" decoding=\"async\" width=\"150\" height=\"150\" src=\"https:\/\/kulturweit.blog\/mongolei\/files\/2012\/02\/DSC_0388-150x150.jpg\" class=\"attachment-thumbnail size-thumbnail\" alt=\"&quot;Einen Stern, der deinen Namen tr\u00e4gt ...&quot;\" \/><\/a>\n\t\t\t<\/dt><\/dl>\n\t\t\t<br style='clear: both' \/>\n\t\t<\/div>\n\n","protected":false},"excerpt":{"rendered":"<p>Viele werden die Schnauze voll haben von den Prunksitzungen und Faschingsumz\u00fcgen, die in den letzten Wochen ununterbrochen im Deutschen Fernsehen gezeigt wurden. Egal, wo man war \u2013 \u00fcberall wurde man mit dem Thema Fasching konfrontiert. Sei es im B\u00e4cker, wo die Faschingskrapfen im Angebot waren oder im Supermarkt, wo man drei Pappnasen zum Preis von [&hellip;]<\/p>\n","protected":false},"author":619,"featured_media":744,"comment_status":"open","ping_status":"open","sticky":false,"template":"","format":"standard","meta":{"footnotes":""},"categories":[35688,12,577,307],"tags":[19510,35689,35763,35764],"class_list":["post-742","post","type-post","status-publish","format-standard","hentry","category-deutsche-kultur","category-fotos","category-menschen","category-mentalitat","tag-deutsche-botschaft","tag-fasching","tag-karneval","tag-kostum"],"amp_enabled":true,"_links":{"self":[{"href":"https:\/\/kulturweit.blog\/mongolei\/wp-json\/wp\/v2\/posts\/742"}],"collection":[{"href":"https:\/\/kulturweit.blog\/mongolei\/wp-json\/wp\/v2\/posts"}],"about":[{"href":"https:\/\/kulturweit.blog\/mongolei\/wp-json\/wp\/v2\/types\/post"}],"author":[{"embeddable":true,"href":"https:\/\/kulturweit.blog\/mongolei\/wp-json\/wp\/v2\/users\/619"}],"replies":[{"embeddable":true,"href":"https:\/\/kulturweit.blog\/mongolei\/wp-json\/wp\/v2\/comments?post=742"}],"version-history":[{"count":0,"href":"https:\/\/kulturweit.blog\/mongolei\/wp-json\/wp\/v2\/posts\/742\/revisions"}],"wp:featuredmedia":[{"embeddable":true,"href":"https:\/\/kulturweit.blog\/mongolei\/wp-json\/wp\/v2\/media\/744"}],"wp:attachment":[{"href":"https:\/\/kulturweit.blog\/mongolei\/wp-json\/wp\/v2\/media?parent=742"}],"wp:term":[{"taxonomy":"category","embeddable":true,"href":"https:\/\/kulturweit.blog\/mongolei\/wp-json\/wp\/v2\/categories?post=742"},{"taxonomy":"post_tag","embeddable":true,"href":"https:\/\/kulturweit.blog\/mongolei\/wp-json\/wp\/v2\/tags?post=742"}],"curies":[{"name":"wp","href":"https:\/\/api.w.org\/{rel}","templated":true}]}}