{"id":578,"date":"2011-12-31T14:25:06","date_gmt":"2011-12-31T06:25:06","guid":{"rendered":"https:\/\/kulturweit.blog\/mongolei\/?p=578"},"modified":"2011-12-31T14:25:06","modified_gmt":"2011-12-31T06:25:06","slug":"bye-bye-2011","status":"publish","type":"post","link":"https:\/\/kulturweit.blog\/mongolei\/2011\/12\/31\/bye-bye-2011\/","title":{"rendered":"Bye, bye 2011"},"content":{"rendered":"<p style=\"text-align: justify\">Was f\u00fcr ein Jahr! Heute am letzten Tag des Jahres ist es f\u00fcr mich Zeit, zur\u00fcck zu blicken, auf ein Jahr, welches f\u00fcr mich sehr ereignisreich war. Wohl so ereignisreich, wie kein anderes Jahr meines bisherigen Lebens. Als ich \u00fcber das letzte Jahr nachdachte, musste ich feststellen, dass wirklich jeder Monat f\u00fcr mich von Bedeutung war. Warum das so ist, m\u00f6chte ich in einem kleinen pers\u00f6nlichen Jahresr\u00fcckblick mit pers\u00f6nlichen Gr\u00fc\u00dfen pr\u00e4sentieren.<\/p>\n<p style=\"text-align: justify\"><strong>Januar 2011<\/strong><br \/>\n<a href=\"https:\/\/kulturweit.blog\/mongolei\/files\/2011\/12\/167712_181098948587595_100000624730554_472220_7372223_n.jpg\"><img loading=\"lazy\" decoding=\"async\" class=\"alignright size-medium wp-image-581\" src=\"https:\/\/kulturweit.blog\/mongolei\/files\/2011\/12\/167712_181098948587595_100000624730554_472220_7372223_n-300x200.jpg\" alt=\"Beim Sternsingerempfang im Kanzleramt in Berlin\" width=\"300\" height=\"200\" srcset=\"https:\/\/kulturweit.blog\/mongolei\/files\/2011\/12\/167712_181098948587595_100000624730554_472220_7372223_n-300x200.jpg 300w, https:\/\/kulturweit.blog\/mongolei\/files\/2011\/12\/167712_181098948587595_100000624730554_472220_7372223_n-640x426.jpg 640w, https:\/\/kulturweit.blog\/mongolei\/files\/2011\/12\/167712_181098948587595_100000624730554_472220_7372223_n-450x300.jpg 450w, https:\/\/kulturweit.blog\/mongolei\/files\/2011\/12\/167712_181098948587595_100000624730554_472220_7372223_n.jpg 720w\" sizes=\"(max-width: 300px) 100vw, 300px\" \/><\/a>Als Vertreter des Erzbistums Bamberg fahre ich zusammen mit drei M\u00e4dchen meiner Heimatpfarrei, der Oberen Pfarre in Bamberg, zum Sternsingerempfang der Bundeskanzlerin nach Berlin. Zwar habe ich starkes Fieber, als ich Frau Merkel die Hand sch\u00fcttele, doch werde ich dieses Erlebnis nie vergessen. <em>Gru\u00df an dieser Stelle an Beate, Emma, Anna und Leonie \u2013 sie waren zusammen mit mir in Berlin und die Obere Pfarre in Bamberg.<\/em><\/p>\n<p style=\"text-align: justify\"><strong>Februar 2011<\/strong><br \/>\n<a href=\"https:\/\/kulturweit.blog\/mongolei\/files\/2011\/12\/247387_217811194916370_100000624730554_709192_6823536_n.jpg\"><img loading=\"lazy\" decoding=\"async\" class=\"alignright size-medium wp-image-582\" src=\"https:\/\/kulturweit.blog\/mongolei\/files\/2011\/12\/247387_217811194916370_100000624730554_709192_6823536_n-300x200.jpg\" alt=\"Die Rolle des Wachtmeister Dimpfelmosers gefiel mir sehr gut\" width=\"300\" height=\"200\" srcset=\"https:\/\/kulturweit.blog\/mongolei\/files\/2011\/12\/247387_217811194916370_100000624730554_709192_6823536_n-300x200.jpg 300w, https:\/\/kulturweit.blog\/mongolei\/files\/2011\/12\/247387_217811194916370_100000624730554_709192_6823536_n-640x426.jpg 640w, https:\/\/kulturweit.blog\/mongolei\/files\/2011\/12\/247387_217811194916370_100000624730554_709192_6823536_n-450x300.jpg 450w, https:\/\/kulturweit.blog\/mongolei\/files\/2011\/12\/247387_217811194916370_100000624730554_709192_6823536_n.jpg 720w\" sizes=\"(max-width: 300px) 100vw, 300px\" \/><\/a>Vom Kinder- und Jugendtheater der Stadt Bamberg bekomme ich eine Zusage, dass ich bei der Sommerproduktion \u201eNeues vom R\u00e4uber Hotzenplotz\u201c mitspielen werde. In \u00fcber zwanzig Vorstellungen habe ich dem Wachtmeister Dimpfelmoser Leben geschenkt und jedesmal viel Freude gehabt. <em>An dieser Stelle ein herzlicher Gru\u00df an das komplette Team und alle Schauspielkollegen von Chapeau Claque.<\/em> Es war eine sehr sch\u00f6ne Zeit bei euch.<\/p>\n<p style=\"text-align: justify\"><strong>M\u00e4rz 2011<\/strong><br \/>\nDie K\u00fcnstlerwerkstatt e.V. startet mit ihrer ersten Produktion ins Spieljahr 2011. Beim St\u00fcck \u201enorway.today\u201c habe ich unter anderem Regieassistenz gef\u00fchrt und das Projektmanagement \u00fcbernommen. Das St\u00fcck wird ein gro\u00dfer Erfolg und gerne blicke ich auf die Zusammenarbeit mit allen Kolleginnen und Kollegen zur\u00fcck. <em>Hier gr\u00fc\u00dfe ich insbesondere die Mitglieder der K\u00fcnstlerwerkstatt aus Stegaurach.<\/em><\/p>\n<p style=\"text-align: justify\"><strong>April 2011<\/strong><br \/>\n<a href=\"https:\/\/kulturweit.blog\/mongolei\/files\/2011\/12\/DSC_0738.jpg\"><img loading=\"lazy\" decoding=\"async\" class=\"alignright size-medium wp-image-584\" src=\"https:\/\/kulturweit.blog\/mongolei\/files\/2011\/12\/DSC_0738-300x200.jpg\" alt=\"Ab in die Mongolei! - Vor dem Bamberger Dom\" width=\"300\" height=\"200\" srcset=\"https:\/\/kulturweit.blog\/mongolei\/files\/2011\/12\/DSC_0738-300x200.jpg 300w, https:\/\/kulturweit.blog\/mongolei\/files\/2011\/12\/DSC_0738-449x300.jpg 449w, https:\/\/kulturweit.blog\/mongolei\/files\/2011\/12\/DSC_0738.jpg 640w\" sizes=\"(max-width: 300px) 100vw, 300px\" \/><\/a>Tats\u00e4chlich habe ich es geschafft und wurde f\u00fcr ein Auslandsjahr genommen. Nach langem Bewerbungsverfahren erreicht mich im April ein Stellenangebot aus der Mongolei, welches ich sofort annehme. Meine Familie war im ersten Moment etwas geschockt und traurig, doch dann haben sie sich mit mir gefreut. <em>Ich denke immer wieder an euch und gr\u00fc\u00dfe euch, meine liebe Familie, hier nochmals ganz herzlich.<\/em><\/p>\n<p style=\"text-align: justify\"><strong>Mai 2011<\/strong><br \/>\nDie Vollj\u00e4hrigkeit ist da. Mit vielen Freunden zusammen wird in den 18. Geburtstag gefeiert. Eine Geburtstagsfeier, die ich so schnell nicht vergessen werde. Tolle Leute, tolle Musik und tolle Geschenke \u2013 einfach ein rundum toller Geburtstag. <em>Gru\u00df an alle, die mit mir zusammen gefeiert haben und den Abend zu etwas ganz Besonderem gemacht haben.<\/em><\/p>\n<p style=\"text-align: justify\"><strong>Juni 2011<\/strong><br \/>\nViele Stunden der Theorie und Praxis liegen hinter mir, als ich nach einer drei\u00dfigmin\u00fctigen Pr\u00fcfungsfahrt stolzer Besitzer eines F\u00fchrerscheins bin. Das Autofahren macht gro\u00dfen Spa\u00df \u2013 und bereits in den ersten Tagen nach der Pr\u00fcfung wird das Auto meiner Mama f\u00fcr mich in Beschlag genommen. <em>Ein Gru\u00df an die (meiner Meinung nach) besten Fahrlehrer in Bamberg, Karola und Rainer.<\/em><\/p>\n<p style=\"text-align: justify\"><strong>Juli 2011<\/strong><br \/>\n<a href=\"https:\/\/kulturweit.blog\/mongolei\/files\/2011\/12\/263767_231757953521694_100000624730554_753438_4706146_n.jpg\"><img loading=\"lazy\" decoding=\"async\" class=\"alignright size-medium wp-image-580\" src=\"https:\/\/kulturweit.blog\/mongolei\/files\/2011\/12\/263767_231757953521694_100000624730554_753438_4706146_n-300x199.jpg\" alt=\"W\u00e4hrend der Abiturrede bei der Verleihung der Abiturzeugnisse\" width=\"300\" height=\"199\" srcset=\"https:\/\/kulturweit.blog\/mongolei\/files\/2011\/12\/263767_231757953521694_100000624730554_753438_4706146_n-300x199.jpg 300w, https:\/\/kulturweit.blog\/mongolei\/files\/2011\/12\/263767_231757953521694_100000624730554_753438_4706146_n-640x424.jpg 640w, https:\/\/kulturweit.blog\/mongolei\/files\/2011\/12\/263767_231757953521694_100000624730554_753438_4706146_n-451x300.jpg 451w, https:\/\/kulturweit.blog\/mongolei\/files\/2011\/12\/263767_231757953521694_100000624730554_753438_4706146_n.jpg 720w\" sizes=\"(max-width: 300px) 100vw, 300px\" \/><\/a>Acht Jahre Clavius-Gymnasium gehen zu Ende. Es war ein wehm\u00fctiger Abschied von einer Schule, die ich sehr ins Herz geschlossen habe und mit der Schule auch die ganze Schulfamilie. Die Abiturverleihung war ein sch\u00f6nes Ereignis \u2013 doch gleichzeitig auch ein Abschied von Freunden und Kollegen. <em>Gru\u00df an die komplette Q12 (2009\/2011) und an alle, die sich mit dem CG verbunden f\u00fchlen.<\/em><\/p>\n<p style=\"text-align: justify\"><strong>August 2011<\/strong><br \/>\n<a href=\"https:\/\/kulturweit.blog\/mongolei\/files\/2011\/12\/DSC_0983.jpg\"><img loading=\"lazy\" decoding=\"async\" class=\"alignright size-medium wp-image-583\" src=\"https:\/\/kulturweit.blog\/mongolei\/files\/2011\/12\/DSC_0983-300x200.jpg\" alt=\"In Spanien bei einer Gastfamilie w\u00e4hrend des Weltjugendtags\" width=\"300\" height=\"200\" srcset=\"https:\/\/kulturweit.blog\/mongolei\/files\/2011\/12\/DSC_0983-300x200.jpg 300w, https:\/\/kulturweit.blog\/mongolei\/files\/2011\/12\/DSC_0983-449x300.jpg 449w, https:\/\/kulturweit.blog\/mongolei\/files\/2011\/12\/DSC_0983.jpg 640w\" sizes=\"(max-width: 300px) 100vw, 300px\" \/><\/a>Der Papst ruft und ich komme \u2013 zusammen mit weiteren Jugendlichen aus Bamberg mache ich mich auf nach Madrid zum Weltjugendtag, einem wirklich einzigartigem Event, welches ich so schnell nicht vergessen werde. Die Zeit in Spanien war ein sch\u00f6ner Abschied aus Europa \u2013 <em>ein Gru\u00df an alle, die mit dabei waren.<\/em><\/p>\n<p style=\"text-align: justify\"><strong>September 2011<\/strong><br \/>\n<a href=\"https:\/\/kulturweit.blog\/mongolei\/files\/2011\/09\/DSC_00161.jpg\"><img loading=\"lazy\" decoding=\"async\" class=\"alignright size-medium wp-image-48\" src=\"https:\/\/kulturweit.blog\/mongolei\/files\/2011\/09\/DSC_00161-300x200.jpg\" alt=\"Meine Homezone im Ausw\u00e4rtigen Amt - Freiwillige auf der ganzen Welt\" width=\"300\" height=\"200\" srcset=\"https:\/\/kulturweit.blog\/mongolei\/files\/2011\/09\/DSC_00161-300x200.jpg 300w, https:\/\/kulturweit.blog\/mongolei\/files\/2011\/09\/DSC_00161-640x426.jpg 640w, https:\/\/kulturweit.blog\/mongolei\/files\/2011\/09\/DSC_00161-449x300.jpg 449w, https:\/\/kulturweit.blog\/mongolei\/files\/2011\/09\/DSC_00161.jpg 1024w\" sizes=\"(max-width: 300px) 100vw, 300px\" \/><\/a>Das Freiwillige Soziale Jahr startet. Doch es startet nicht in der Mongolei, sondern in Berlin, bei einem Vorbereitungsseminar. Dort werde ich zusammen mit 200 anderen Freiwilligen auf den Auslandsdienst vorbereitet. <em>Mein Gru\u00df geht an dieser Stelle an alle Mitfreiwilligen (v.a. Janas Homezone), die sich gerade rund um den Globus aufhalten.<\/em><\/p>\n<p style=\"text-align: justify\">Seit Mitte September 2011 bin ich dann hier in der Mongolei und erfahre eine ereignisreiche Zeit und bin sehr froh, das alles hier mitzumachen. Diese Erfahrung kann mir keiner nehmen. Es ist wirklich toll.<\/p>\n<p style=\"text-align: justify\">Ich w\u00fcnsche allen ein gesundes und erfolgreiches neues Jahr 2012 und sage (achtung, das ist Lautschrift, also einfach so lesen, wie ich es geschrieben habe): schinn tsch\u00e4lin baijr churgin<\/p>\n","protected":false},"excerpt":{"rendered":"<p>Was f\u00fcr ein Jahr! Heute am letzten Tag des Jahres ist es f\u00fcr mich Zeit, zur\u00fcck zu blicken, auf ein Jahr, welches f\u00fcr mich sehr ereignisreich war. Wohl so ereignisreich, wie kein anderes Jahr meines bisherigen Lebens. Als ich \u00fcber das letzte Jahr nachdachte, musste ich feststellen, dass wirklich jeder Monat f\u00fcr mich von Bedeutung [&hellip;]<\/p>\n","protected":false},"author":619,"featured_media":581,"comment_status":"open","ping_status":"open","sticky":false,"template":"","format":"standard","meta":{"footnotes":""},"categories":[21,35710,82,563,588,581,16],"tags":[35734],"class_list":["post-578","post","type-post","status-publish","format-standard","hentry","category-allgemein","category-bamberg","category-deutschland","category-erlebnis","category-familie","category-geschichte","category-privat","tag-jahresruckblick"],"amp_enabled":true,"_links":{"self":[{"href":"https:\/\/kulturweit.blog\/mongolei\/wp-json\/wp\/v2\/posts\/578"}],"collection":[{"href":"https:\/\/kulturweit.blog\/mongolei\/wp-json\/wp\/v2\/posts"}],"about":[{"href":"https:\/\/kulturweit.blog\/mongolei\/wp-json\/wp\/v2\/types\/post"}],"author":[{"embeddable":true,"href":"https:\/\/kulturweit.blog\/mongolei\/wp-json\/wp\/v2\/users\/619"}],"replies":[{"embeddable":true,"href":"https:\/\/kulturweit.blog\/mongolei\/wp-json\/wp\/v2\/comments?post=578"}],"version-history":[{"count":0,"href":"https:\/\/kulturweit.blog\/mongolei\/wp-json\/wp\/v2\/posts\/578\/revisions"}],"wp:featuredmedia":[{"embeddable":true,"href":"https:\/\/kulturweit.blog\/mongolei\/wp-json\/wp\/v2\/media\/581"}],"wp:attachment":[{"href":"https:\/\/kulturweit.blog\/mongolei\/wp-json\/wp\/v2\/media?parent=578"}],"wp:term":[{"taxonomy":"category","embeddable":true,"href":"https:\/\/kulturweit.blog\/mongolei\/wp-json\/wp\/v2\/categories?post=578"},{"taxonomy":"post_tag","embeddable":true,"href":"https:\/\/kulturweit.blog\/mongolei\/wp-json\/wp\/v2\/tags?post=578"}],"curies":[{"name":"wp","href":"https:\/\/api.w.org\/{rel}","templated":true}]}}