{"id":455,"date":"2011-11-24T10:47:08","date_gmt":"2011-11-24T02:47:08","guid":{"rendered":"https:\/\/kulturweit.blog\/mongolei\/?p=455"},"modified":"2011-11-24T10:47:08","modified_gmt":"2011-11-24T02:47:08","slug":"von-ub-nach-berlin","status":"publish","type":"post","link":"https:\/\/kulturweit.blog\/mongolei\/2011\/11\/24\/von-ub-nach-berlin\/","title":{"rendered":"Von UB nach Berlin"},"content":{"rendered":"<p style=\"text-align: justify\"><a href=\"https:\/\/kulturweit.blog\/mongolei\/files\/2011\/11\/DSC_0254.jpg\"><img loading=\"lazy\" decoding=\"async\" class=\"alignright size-medium wp-image-457\" src=\"https:\/\/kulturweit.blog\/mongolei\/files\/2011\/11\/DSC_0254-300x200.jpg\" alt=\"Gespannt verfolgen die Sch\u00fclerinnen und Sch\u00fcler die Preisverleihung in Berlin\" width=\"300\" height=\"200\" srcset=\"https:\/\/kulturweit.blog\/mongolei\/files\/2011\/11\/DSC_0254-300x200.jpg 300w, https:\/\/kulturweit.blog\/mongolei\/files\/2011\/11\/DSC_0254-449x300.jpg 449w, https:\/\/kulturweit.blog\/mongolei\/files\/2011\/11\/DSC_0254.jpg 640w\" sizes=\"(max-width: 300px) 100vw, 300px\" \/><\/a>Die Woche hat mit einem gro\u00dfen und wichtigen Ereignis f\u00fcr die Schule angefangen. Wieder einmal dreht es sich nicht um den allt\u00e4glichen Unterricht, sondern um ein Projekt, was viel Zeit und Nerven gekostet hat \u2013 gleichzeitig aber auch sehr interessant und gewinnbringend war.<\/p>\n<p style=\"text-align: justify\">Bereits vor f\u00fcnf Wochen gab es eine Videokonferenz mit Berliner Sch\u00fclern. Organisiert wurde diese Konferenz von Berliner Seite vom Kinderradio jojo. Dieses Radio veranstaltete bereits mehrere Videokonferenzen mit Kindern rund um den Globus. F\u00fcr diese Arbeit erhielt das Radio einen Preis vom Bundesbildungsministerium. Wunsch des Radios war, dass wir \u2013 die Alexander-von-Humboldt-Schule \u2013 bei der Preisverleihung dabei sind, weil es die Sch\u00fclerinnen und Sch\u00fcler von uns besonders gut fand.<\/p>\n<p style=\"text-align: justify\"><a href=\"https:\/\/kulturweit.blog\/mongolei\/files\/2011\/11\/DSC_0270.jpg\"><img loading=\"lazy\" decoding=\"async\" class=\"alignright size-medium wp-image-459\" src=\"https:\/\/kulturweit.blog\/mongolei\/files\/2011\/11\/DSC_0270-300x200.jpg\" alt=\"Auf Leinweind wird \u00fcbertragen, was sich in Berlin abspielt\" width=\"300\" height=\"200\" srcset=\"https:\/\/kulturweit.blog\/mongolei\/files\/2011\/11\/DSC_0270-300x200.jpg 300w, https:\/\/kulturweit.blog\/mongolei\/files\/2011\/11\/DSC_0270-449x300.jpg 449w, https:\/\/kulturweit.blog\/mongolei\/files\/2011\/11\/DSC_0270.jpg 640w\" sizes=\"(max-width: 300px) 100vw, 300px\" \/><\/a>Selbstverst\u00e4ndlich waren wir sofort dabei und haben zugesagt und so begann die Vorbereitung f\u00fcr die Videokonferenz bereits rund eine Woche zuvor. Der Preis wurde nicht direkt von der Bildungsministerin \u00fcbergeben, daf\u00fcr aber von ihrer Staatssekret\u00e4rin \u2013 eine ebenso wichtige Politikerin in Deutschland. Gerade auch deswegen wollten wir uns nat\u00fcrlich von unserer besten Seite zeigen.<\/p>\n<p style=\"text-align: justify\">Unsere Aula wurde sch\u00f6n hergerichtet, der Hintergrund mit Pflanzen versch\u00f6nert und f\u00fcr ein kleines Theaterst\u00fcck extra eine kleine B\u00fchne aufgebaut. Herr Dippe, Deutschlehrer an der Schule, hat die Sch\u00fcler auf die Konferenz vorbereitet \u2013 mit den Sch\u00fclern Fragen besprochen, die sie dann der Staatssekret\u00e4rin stellten.<\/p>\n<p style=\"text-align: justify\"><a href=\"https:\/\/kulturweit.blog\/mongolei\/files\/2011\/11\/DSC_0262.jpg\"><img loading=\"lazy\" decoding=\"async\" class=\"alignright size-medium wp-image-458\" src=\"https:\/\/kulturweit.blog\/mongolei\/files\/2011\/11\/DSC_0262-300x200.jpg\" alt=\"Der zerbrochene Krug: Licht und Adam im Gespr\u00e4ch\" width=\"300\" height=\"200\" srcset=\"https:\/\/kulturweit.blog\/mongolei\/files\/2011\/11\/DSC_0262-300x200.jpg 300w, https:\/\/kulturweit.blog\/mongolei\/files\/2011\/11\/DSC_0262-449x300.jpg 449w, https:\/\/kulturweit.blog\/mongolei\/files\/2011\/11\/DSC_0262.jpg 640w\" sizes=\"(max-width: 300px) 100vw, 300px\" \/><\/a>Das Programm durfte nicht zu lang sein, alles musste vorher genau abgesprochen werden. Am Montag war zeitgleich auch der 200. Todestag vom deutschen Autor Heinrich von Kleist. Aus diesem Grund <a href=\"https:\/\/kulturweit.blog\/mongolei\/files\/2011\/11\/DSC_0278.jpg\"><img loading=\"lazy\" decoding=\"async\" class=\"alignright size-medium wp-image-460\" src=\"https:\/\/kulturweit.blog\/mongolei\/files\/2011\/11\/DSC_0278-300x200.jpg\" alt=\"Ein H\u00f6rvergn\u00fcgen f\u00fcr die Ohren: Die mongolische Pferdekopfgeige\" width=\"300\" height=\"200\" srcset=\"https:\/\/kulturweit.blog\/mongolei\/files\/2011\/11\/DSC_0278-300x200.jpg 300w, https:\/\/kulturweit.blog\/mongolei\/files\/2011\/11\/DSC_0278-449x300.jpg 449w, https:\/\/kulturweit.blog\/mongolei\/files\/2011\/11\/DSC_0278.jpg 640w\" sizes=\"(max-width: 300px) 100vw, 300px\" \/><\/a>bereitete ich mit einem kleinen Team die erste Szene aus dem Zerbrochenen Krug vor, die wir dann w\u00e4hrend der Videokonferenz auff\u00fchrten. Die Deutschen waren begeistert vom Einsatz und Talent der Sch\u00fcler. Denn auch deutsche Kultur spielt bei uns eine Rolle, so wurde auch ein Wintergedicht von einem deutschen Autor vorgetragen. Selbstverst\u00e4ndlich durfte traditionelle mongolische Musik nicht fehlen. Zwei Sch\u00fcler spielten ein St\u00fcck auf ihrer Pferdekopfgeige, einer sang sogar dazu.<\/p>\n<p style=\"text-align: justify\">Staatssekret\u00e4rin Quennet-Thielen sagt: \u201eEuer Deutsch ist super. Macht weiter so.\u201c Das hat unsere Sch\u00fclerinnen und Sch\u00fcler nat\u00fcrlich sehr gefreut. Allgemein k\u00f6nnen wir sagen, dass diese Videokonferenz erneut ein voller Erfolg war. Viel Energie wurde in dieses kleine Projekt hineingesteckt \u2013 anf\u00e4ngliche Schwierigkeiten mit der Technik wurden dann doch schnell behoben und so ist ein klasse Ergebnis entstanden. Es ist gut, mit Muttersprachlern auf Deutsch zu sprechen, dazu bietet das Internet eine ideale Plattform in Sache der Videokonferenz. Bald wird es an unserer Schule eine weitere Videokonferenz geben. Dieses Mal nicht mit Muttersprachlern, sondern mit Gleichgesinnten: Sch\u00fclerinnen und Sch\u00fclern, die Deutsch als Fremdsprache lernen. Und zwar in <strong>Armenien<\/strong>. Darauf freuen wir uns schon sehr.<\/p>\n","protected":false},"excerpt":{"rendered":"<p>Die Woche hat mit einem gro\u00dfen und wichtigen Ereignis f\u00fcr die Schule angefangen. Wieder einmal dreht es sich nicht um den allt\u00e4glichen Unterricht, sondern um ein Projekt, was viel Zeit und Nerven gekostet hat \u2013 gleichzeitig aber auch sehr interessant und gewinnbringend war. Bereits vor f\u00fcnf Wochen gab es eine Videokonferenz mit Berliner Sch\u00fclern. Organisiert [&hellip;]<\/p>\n","protected":false},"author":619,"featured_media":457,"comment_status":"open","ping_status":"open","sticky":false,"template":"","format":"standard","meta":{"footnotes":""},"categories":[578,35688,39,386,35717],"tags":[99,35719,410,35718,52255],"class_list":["post-455","post","type-post","status-publish","format-standard","hentry","category-arbeitmitkindern","category-deutsche-kultur","category-medien","category-musik","category-videokonferenz","tag-berlin","tag-der-zerbrochene-krug","tag-internet","tag-kleist","tag-videokonferenz"],"amp_enabled":true,"_links":{"self":[{"href":"https:\/\/kulturweit.blog\/mongolei\/wp-json\/wp\/v2\/posts\/455"}],"collection":[{"href":"https:\/\/kulturweit.blog\/mongolei\/wp-json\/wp\/v2\/posts"}],"about":[{"href":"https:\/\/kulturweit.blog\/mongolei\/wp-json\/wp\/v2\/types\/post"}],"author":[{"embeddable":true,"href":"https:\/\/kulturweit.blog\/mongolei\/wp-json\/wp\/v2\/users\/619"}],"replies":[{"embeddable":true,"href":"https:\/\/kulturweit.blog\/mongolei\/wp-json\/wp\/v2\/comments?post=455"}],"version-history":[{"count":0,"href":"https:\/\/kulturweit.blog\/mongolei\/wp-json\/wp\/v2\/posts\/455\/revisions"}],"wp:featuredmedia":[{"embeddable":true,"href":"https:\/\/kulturweit.blog\/mongolei\/wp-json\/wp\/v2\/media\/457"}],"wp:attachment":[{"href":"https:\/\/kulturweit.blog\/mongolei\/wp-json\/wp\/v2\/media?parent=455"}],"wp:term":[{"taxonomy":"category","embeddable":true,"href":"https:\/\/kulturweit.blog\/mongolei\/wp-json\/wp\/v2\/categories?post=455"},{"taxonomy":"post_tag","embeddable":true,"href":"https:\/\/kulturweit.blog\/mongolei\/wp-json\/wp\/v2\/tags?post=455"}],"curies":[{"name":"wp","href":"https:\/\/api.w.org\/{rel}","templated":true}]}}