{"id":423,"date":"2011-11-23T20:08:03","date_gmt":"2011-11-23T12:08:03","guid":{"rendered":"https:\/\/kulturweit.blog\/mongolei\/?p=423"},"modified":"2011-11-23T20:08:03","modified_gmt":"2011-11-23T12:08:03","slug":"der-winter-ist-da","status":"publish","type":"post","link":"https:\/\/kulturweit.blog\/mongolei\/2011\/11\/23\/der-winter-ist-da\/","title":{"rendered":"Der Winter ist da"},"content":{"rendered":"<p style=\"text-align: justify\"><a href=\"https:\/\/kulturweit.blog\/mongolei\/files\/2011\/11\/DSC_0284.jpg\"><img loading=\"lazy\" decoding=\"async\" class=\"alignright size-medium wp-image-427\" src=\"https:\/\/kulturweit.blog\/mongolei\/files\/2011\/11\/DSC_0284-300x200.jpg\" alt=\"Leise rieselt der Schnee ... besonders hier in der Mongolei\" width=\"300\" height=\"200\" srcset=\"https:\/\/kulturweit.blog\/mongolei\/files\/2011\/11\/DSC_0284-300x200.jpg 300w, https:\/\/kulturweit.blog\/mongolei\/files\/2011\/11\/DSC_0284-449x300.jpg 449w, https:\/\/kulturweit.blog\/mongolei\/files\/2011\/11\/DSC_0284.jpg 640w\" sizes=\"(max-width: 300px) 100vw, 300px\" \/><\/a>Endlich ist es also soweit. Der mongolische Winter kommt langsam aber sicher. Es gibt noch so viel, was ich berichten m\u00f6chte, aber durch die stressige \u2013 aber wirklich zeitgleich sehr interessante \u2013 Arbeit komme ich nicht immer dazu, alles das aufzuschreiben, was ich in der vergangenen Woche erlebt habe. Gerne w\u00fcrde ich auch anfangen, Postkarten zu schreiben und nach Deutschland zu schicken, doch nicht einmal daf\u00fcr ist Zeit. Es ist einfach so viel geboten hier. Keine Angst \u2026 Woche f\u00fcr Woche wird es hier im Blog weiter gehen. Ich freue mich \u00fcber alle Leser!<\/p>\n<p style=\"text-align: justify\">Seit gut einer Woche haben sich die Temperaturen in Ulan Bator enorm ge\u00e4ndert. Konnte man zuvor teilweise noch mit luftiger Jacke auf die Stra\u00dfe gehen, ist dies nun absolut unm\u00f6glich. Ab sofort ist also komplette Skiausr\u00fcstung gefragt. In den N\u00e4chten k\u00fchlt es teilweise auf bis zu -30\u00b0C ab \u2013 am Tag hat es durchschnittlich -15\u00b0C. Positive Temperaturen k\u00f6nnen wir hier f\u00fcr die n\u00e4chsten Monate vergessen.<\/p>\n<p style=\"text-align: justify\">Jeden Morgen beginnt also das \u201eK\u00f6rper-Einpacken\u201c: Angefangen von der langen Unterw\u00e4sche und den Skisocken, bis zum dicken Schal, der Skijacke und den Winterstiefeln. Ungelogen muss man sagen, dass diese Kleidung momentan noch ganz gut ausreicht. Lediglich das Gesicht sorgt f\u00fcr Probleme bei Spazierg\u00e4ngen. Nach nur f\u00fcnf Minuten f\u00fchlt sich die Nase wie ein Klotz an, man hat kein Gef\u00fchl mehr darin und kann durch die Nase nicht mehr atmen. Etwas eklig f\u00fchlt es sich schon an, zugegeben! Ist man etwas l\u00e4nger drau\u00dfen unterwegs, kann es gut passieren, dass die Wimpern pl\u00f6tzlich sch\u00f6n wei\u00df sind und beim Blinzeln verhaken. Kein Scherz, ist mir alles schon passiert. Gerne h\u00e4tte ich all dies fotografiert, doch m\u00f6chte ich meine Kamera nicht den extremen Temperaturen aussetzen \u2013 zumindest nicht f\u00fcr l\u00e4ngere Zeit.<\/p>\n<p style=\"text-align: justify\">Und jetzt kommt es: Das alles ist erst der Anfang. Alle Mongolen sagen mir: \u201eAch, DAS ist noch gar nichts. Warte mal die kommenden Monate ab.\u201c Im Moment bin ich noch recht zuversichtlich, was das alles angeht \u2013 aber wollen wir mal abwarten, wie es aussieht, wenn Johanna und ich von unserem Zwischenseminar in China zur\u00fcck kommen werden (Mitte Dezember), ob wir dann immer noch mit unserer deutschen extrem-warmen Ausr\u00fcstung auskommen oder ob wir dann doch Material vor Ort kaufen m\u00fcssen?<\/p>\n<p style=\"text-align: justify\"><a href=\"https:\/\/kulturweit.blog\/mongolei\/files\/2011\/11\/Wetteranzeige.jpg\"><img loading=\"lazy\" decoding=\"async\" class=\"alignright size-medium wp-image-425\" src=\"https:\/\/kulturweit.blog\/mongolei\/files\/2011\/11\/Wetteranzeige-234x300.jpg\" alt=\"Die Wettervorhersage meldet Rauch\" width=\"234\" height=\"300\" srcset=\"https:\/\/kulturweit.blog\/mongolei\/files\/2011\/11\/Wetteranzeige-234x300.jpg 234w, https:\/\/kulturweit.blog\/mongolei\/files\/2011\/11\/Wetteranzeige.jpg 300w\" sizes=\"(max-width: 234px) 100vw, 234px\" \/><\/a>Eine interessante Sache zum Thema Wetter gibt es noch zu sagen: Hier auf meinem Blog steht die aktuelle Wetteranzeige von der mongolischen Hauptstadt. Man kann also mit verfolgen, wie kalt es hier zunehmend wird. Sehr lustig fand ich neulich die Wettermeldung: \u201eRauch\u201c. F\u00fcr all diejenigen, die es mir nicht glauben, gibt es hier die Wettermeldung mit der Meldung: \u201eRauch\u201c. Und tats\u00e4chlich ist diese Meldung nicht verkehrt. Nicht zuletzt durch den einsetzenden kalten Winter m\u00fcssen die Menschen, die in den Jurten leben, ihre \u00d6fen ansch\u00fcren. Aus den \u00d6fen steigt Rauch und dieser zeigt sich in einer riesigen Wolke \u00fcber der Stadt.<\/p>\n<p style=\"text-align: justify\">Doch das f\u00fchre ich mir nicht jeden Tag vor Augen, sonst w\u00e4re ich hier schon l\u00e4ngst auf den Stra\u00dfen erstickt bei geschlossenem Mund, denn durch die Nase kann man ja nicht atmen \u2026<\/p>\n","protected":false},"excerpt":{"rendered":"<p>Endlich ist es also soweit. Der mongolische Winter kommt langsam aber sicher. Es gibt noch so viel, was ich berichten m\u00f6chte, aber durch die stressige \u2013 aber wirklich zeitgleich sehr interessante \u2013 Arbeit komme ich nicht immer dazu, alles das aufzuschreiben, was ich in der vergangenen Woche erlebt habe. Gerne w\u00fcrde ich auch anfangen, Postkarten [&hellip;]<\/p>\n","protected":false},"author":619,"featured_media":427,"comment_status":"open","ping_status":"open","sticky":false,"template":"","format":"standard","meta":{"footnotes":""},"categories":[356],"tags":[323,52251,151],"class_list":["post-423","post","type-post","status-publish","format-standard","hentry","category-wetter","tag-schnee","tag-wetter","tag-winter"],"amp_enabled":true,"_links":{"self":[{"href":"https:\/\/kulturweit.blog\/mongolei\/wp-json\/wp\/v2\/posts\/423"}],"collection":[{"href":"https:\/\/kulturweit.blog\/mongolei\/wp-json\/wp\/v2\/posts"}],"about":[{"href":"https:\/\/kulturweit.blog\/mongolei\/wp-json\/wp\/v2\/types\/post"}],"author":[{"embeddable":true,"href":"https:\/\/kulturweit.blog\/mongolei\/wp-json\/wp\/v2\/users\/619"}],"replies":[{"embeddable":true,"href":"https:\/\/kulturweit.blog\/mongolei\/wp-json\/wp\/v2\/comments?post=423"}],"version-history":[{"count":0,"href":"https:\/\/kulturweit.blog\/mongolei\/wp-json\/wp\/v2\/posts\/423\/revisions"}],"wp:featuredmedia":[{"embeddable":true,"href":"https:\/\/kulturweit.blog\/mongolei\/wp-json\/wp\/v2\/media\/427"}],"wp:attachment":[{"href":"https:\/\/kulturweit.blog\/mongolei\/wp-json\/wp\/v2\/media?parent=423"}],"wp:term":[{"taxonomy":"category","embeddable":true,"href":"https:\/\/kulturweit.blog\/mongolei\/wp-json\/wp\/v2\/categories?post=423"},{"taxonomy":"post_tag","embeddable":true,"href":"https:\/\/kulturweit.blog\/mongolei\/wp-json\/wp\/v2\/tags?post=423"}],"curies":[{"name":"wp","href":"https:\/\/api.w.org\/{rel}","templated":true}]}}