{"id":416,"date":"2011-11-16T19:35:14","date_gmt":"2011-11-16T11:35:14","guid":{"rendered":"https:\/\/kulturweit.blog\/mongolei\/?p=416"},"modified":"2011-11-23T20:11:24","modified_gmt":"2011-11-23T12:11:24","slug":"der-tag-des-unglucks","status":"publish","type":"post","link":"https:\/\/kulturweit.blog\/mongolei\/2011\/11\/16\/der-tag-des-unglucks\/","title":{"rendered":"Der Tag des Ungl\u00fccks"},"content":{"rendered":"<p style=\"text-align: justify\"><a href=\"https:\/\/kulturweit.blog\/mongolei\/files\/2011\/11\/DSC_0229.jpg\"><img loading=\"lazy\" decoding=\"async\" class=\"alignright size-medium wp-image-418\" src=\"https:\/\/kulturweit.blog\/mongolei\/files\/2011\/11\/DSC_0229-300x200.jpg\" alt=\"Die Sonne geht unter ... die b\u00f6sen \u00dcberraschungen kommen\" width=\"300\" height=\"200\" srcset=\"https:\/\/kulturweit.blog\/mongolei\/files\/2011\/11\/DSC_0229-300x200.jpg 300w, https:\/\/kulturweit.blog\/mongolei\/files\/2011\/11\/DSC_0229-449x300.jpg 449w, https:\/\/kulturweit.blog\/mongolei\/files\/2011\/11\/DSC_0229.jpg 640w\" sizes=\"(max-width: 300px) 100vw, 300px\" \/><\/a>Einige haben es in der \u201eEilmeldung\u201c gelesen: Mein Handy ist mir gestern abhanden gekommen. Allgemein war der gestrige Tage \u2013 der letzte Ferientag der ersten Quartalsferien \u2013 eine totale Katastrophe. Geht es euch manchmal auch so, dass es Tage gibt, an denen man denkt: \u201eWarum muss es immer mir passieren?\u201c Eine typische Anh\u00e4ufung von ungl\u00fccklichen Zuf\u00e4llen \u2026<\/p>\n<p style=\"text-align: justify\">Alles fing am Morgen an: F\u00fcr die Sch\u00fcler der neunten Klasse hatte ich einen Extra-Kurs vorbereitet, weil sie es sich gew\u00fcnscht haben. Zum Thema \u201eTypisch deutsch\u201c habe ich etwas konzipiert, Arbeitsbl\u00e4tter gemacht usw., doch anscheinend hat es niemand f\u00fcr n\u00f6tig empfunden, zu kommen. Ich sa\u00df also im extra vorbereiteten Klassenzimmer alleine ohne Sch\u00fcler. Das war schon einmal der <strong>erste<\/strong> Minuspunkt. Macht aber im Gro\u00dfen und Ganzen nichts, denn die Einheit ist vorbereitet und kann jederzeit dann mal im normalen Unterricht eingesetzt werden.<\/p>\n<p style=\"text-align: justify\">Dann ging es weiter: Letzten Freitag war das Kochprojekt \u201eweltweit lecker\u201c hier bei uns in der Mongolei. Dabei wurden viele Fotos gemacht. Die Fotowand in der Schule sollte mit diesen Fotos gestaltet werden. Eigentlich wollte ein Sch\u00fcler vorbeikommen und mir den Laden zeigen, wo man die Fotos entwickeln kann. Er kam zwar, hat aber gesagt, dass er keine Zeit hat, weil er zu Hause bei seiner Mutter sein muss. Gut \u2026 dann bin ich mit einem anderen Sch\u00fcler hingegangen und wen sehe ich auf dem Weg? Genau den Sch\u00fcler, mit dem es eigentlich ausgemacht war. Hier also der <strong>zweite<\/strong> Minuspunkt.<\/p>\n<p style=\"text-align: justify\">Schlie\u00dflich hab ich die Fotos abgegeben, das Entwickeln dauerte etwa 20 Minuten. In der Wartezeit bin ich in den nahe gelegenen Supermarkt gegangen, habe dort Studentenfutter gekauft und dann kam das gro\u00dfe Problem an der Kasse: Vor mir stand ein Betrunkener, der mich die ganze Zeit anp\u00f6belte, dann dr\u00e4ngelt sich noch eine Mongolin vor und die Frau an der Kasse war unf\u00e4hig, ihre Kasse aufzubekommen, weil sie den Schl\u00fcssel daf\u00fcr nicht fand. So stand ich also die komplette Wartezeit in der Schlange beim Supermarkt. Das war Minuspunkt Nummer <strong>drei<\/strong>.<\/p>\n<p style=\"text-align: justify\">Alles gipfelte am Abend, als ich wohl bei einer Taxifahrt mein Handy verloren habe \u2026 (inklusive Sim-Karte). Es ist wohl aus der Hose gerutscht, als ich meinen Geldbeutel zum Bezahlen z\u00fcckte. Wir haben gleich danach angerufen =&gt; es war und ist immer noch ausgeschalten. Darf ich pr\u00e4sentieren? Minuspunkt Nummer <strong>vier<\/strong>.<\/p>\n<p style=\"text-align: justify\"><a href=\"https:\/\/kulturweit.blog\/mongolei\/files\/2011\/11\/DSC_0249.jpg\"><img loading=\"lazy\" decoding=\"async\" class=\"alignright size-medium wp-image-417\" src=\"https:\/\/kulturweit.blog\/mongolei\/files\/2011\/11\/DSC_0249-300x200.jpg\" alt=\"Das neue Handy (Samsung) mit Touchscreen in meinen H\u00e4nden\" width=\"300\" height=\"200\" srcset=\"https:\/\/kulturweit.blog\/mongolei\/files\/2011\/11\/DSC_0249-300x200.jpg 300w, https:\/\/kulturweit.blog\/mongolei\/files\/2011\/11\/DSC_0249-449x300.jpg 449w, https:\/\/kulturweit.blog\/mongolei\/files\/2011\/11\/DSC_0249.jpg 640w\" sizes=\"(max-width: 300px) 100vw, 300px\" \/><\/a>Gott sei Dank habe ich so eine liebe Mitbewohnerin, dass sie mich wieder aufgebaut hat und dass heute alles wieder wirklich wunderbar ist. Solche Tage w\u00fcrde man am liebsten vergessen, aber es geh\u00f6rt zum Menschsein dazu: Nicht jeder Tag kann gut sein. Heute sind wir dann gleich ein neues Handy kaufen gegangen und so bin ich seit heute stolzer Besitzer eines Samsung GALAXY Gio. Morgen beginnt das neue Quartal in der Schule. Mal sehen, welche \u00dcberraschungen dann auf mich zukommen werden.<\/p>\n","protected":false},"excerpt":{"rendered":"<p>Einige haben es in der \u201eEilmeldung\u201c gelesen: Mein Handy ist mir gestern abhanden gekommen. Allgemein war der gestrige Tage \u2013 der letzte Ferientag der ersten Quartalsferien \u2013 eine totale Katastrophe. Geht es euch manchmal auch so, dass es Tage gibt, an denen man denkt: \u201eWarum muss es immer mir passieren?\u201c Eine typische Anh\u00e4ufung von ungl\u00fccklichen [&hellip;]<\/p>\n","protected":false},"author":619,"featured_media":418,"comment_status":"open","ping_status":"open","sticky":false,"template":"","format":"standard","meta":{"footnotes":""},"categories":[563],"tags":[31888,35683,35684],"class_list":["post-416","post","type-post","status-publish","format-standard","hentry","category-erlebnis","tag-handy","tag-negative-erlebnisse","tag-ungluck"],"amp_enabled":true,"_links":{"self":[{"href":"https:\/\/kulturweit.blog\/mongolei\/wp-json\/wp\/v2\/posts\/416"}],"collection":[{"href":"https:\/\/kulturweit.blog\/mongolei\/wp-json\/wp\/v2\/posts"}],"about":[{"href":"https:\/\/kulturweit.blog\/mongolei\/wp-json\/wp\/v2\/types\/post"}],"author":[{"embeddable":true,"href":"https:\/\/kulturweit.blog\/mongolei\/wp-json\/wp\/v2\/users\/619"}],"replies":[{"embeddable":true,"href":"https:\/\/kulturweit.blog\/mongolei\/wp-json\/wp\/v2\/comments?post=416"}],"version-history":[{"count":1,"href":"https:\/\/kulturweit.blog\/mongolei\/wp-json\/wp\/v2\/posts\/416\/revisions"}],"predecessor-version":[{"id":429,"href":"https:\/\/kulturweit.blog\/mongolei\/wp-json\/wp\/v2\/posts\/416\/revisions\/429"}],"wp:featuredmedia":[{"embeddable":true,"href":"https:\/\/kulturweit.blog\/mongolei\/wp-json\/wp\/v2\/media\/418"}],"wp:attachment":[{"href":"https:\/\/kulturweit.blog\/mongolei\/wp-json\/wp\/v2\/media?parent=416"}],"wp:term":[{"taxonomy":"category","embeddable":true,"href":"https:\/\/kulturweit.blog\/mongolei\/wp-json\/wp\/v2\/categories?post=416"},{"taxonomy":"post_tag","embeddable":true,"href":"https:\/\/kulturweit.blog\/mongolei\/wp-json\/wp\/v2\/tags?post=416"}],"curies":[{"name":"wp","href":"https:\/\/api.w.org\/{rel}","templated":true}]}}