{"id":39,"date":"2011-09-15T21:38:17","date_gmt":"2011-09-15T19:38:17","guid":{"rendered":"https:\/\/kulturweit.blog\/mongolei\/?p=39"},"modified":"2011-11-23T20:28:34","modified_gmt":"2011-11-23T12:28:34","slug":"hasen-adieu","status":"publish","type":"post","link":"https:\/\/kulturweit.blog\/mongolei\/2011\/09\/15\/hasen-adieu\/","title":{"rendered":"Hasen Adieu!"},"content":{"rendered":"<p style=\"text-align: justify\"><a href=\"https:\/\/kulturweit.blog\/mongolei\/files\/2011\/09\/DSC_00162.jpg\"><img loading=\"lazy\" decoding=\"async\" class=\"alignright size-medium wp-image-76\" src=\"https:\/\/kulturweit.blog\/mongolei\/files\/2011\/09\/DSC_00162-300x200.jpg\" alt=\"Janas Hasenh\u00f6hle im Ausw\u00e4rtigen Amt - Gruppenfoto mit den besten!\" width=\"300\" height=\"200\" srcset=\"https:\/\/kulturweit.blog\/mongolei\/files\/2011\/09\/DSC_00162-300x200.jpg 300w, https:\/\/kulturweit.blog\/mongolei\/files\/2011\/09\/DSC_00162-640x426.jpg 640w, https:\/\/kulturweit.blog\/mongolei\/files\/2011\/09\/DSC_00162-449x300.jpg 449w, https:\/\/kulturweit.blog\/mongolei\/files\/2011\/09\/DSC_00162.jpg 1024w\" sizes=\"(max-width: 300px) 100vw, 300px\" \/><\/a>Zehn Tage Vorbereitungsseminar sind heute am Werbellinsee bei Berlin zu Ende gegangen. Es war eine sehr tolle und eine sehr beeindruckende Zeit und Grund daf\u00fcr, dass ich diese ersten zehn Tage meines Freiwilligen Sozialen Jahres nicht vergessen werde, sind Hasenmama Jana und weitere zw\u00f6lf Hasen (Tanja, Thesi, Carmina, Wiebke, Josy, Bonny, Tarek, Vincent, Karla, Trang, Dennis, Johanna).<\/p>\n<p style=\"text-align: justify\">Alle Freiwilligen wurden zu Beginn des Seminars in eine \u201eHomezone\u201c eingeteilt, eine Kleingruppe, in der die Vorbereitungsthemen \u201eFreiwilligkeit\u201c, \u201eKultur\u201c, \u201eSicherheit\u201c und \u201eMeine Rolle in der Gesellschaft\u201c besprochen wurden. Da uns allerdings der Name \u201eHomezone\u201c nicht so sehr gefiel, haben wir uns schnell in \u201eHasenh\u00f6hle\u201c umbenannt und waren von nun an dreizehn Hasen mit Hasenmama Jana, die uns jeden Tag am Morgen mit einem Energizer wach r\u00fcckelte und uns durch ihre grandiose Art auf unseren Freiwilligendienst vorbereitete. An dieser Stelle: Danke an Jana f\u00fcr alles! Du bist die beste! \ud83d\ude42<\/p>\n<p style=\"text-align: justify\">Doch nicht nur Gespr\u00e4che und Diskussionen standen an, sondern auch Treffen mit den Partnerorganisationen, Infoveranstaltungen zu Versicherungen, ein Besuch im Ausw\u00e4rtigen Amt, ein Kulturabend und die Abschiedsparty am letzten Abend.<\/p>\n<p style=\"text-align: justify\">Der P\u00e4dagogische Austauschdienst informierte alle Freiwilligen \u00fcber das PASCH-Netzwerk und erkl\u00e4rte m\u00f6gliche Projekte, die an den Auslandsschulen durchgef\u00fchrt werden k\u00f6nnten. Zwei Vertreterinnen der Dr. Walter-Versicherung GmbH standen Rede und Antwort in allen Fragen rund um Auslandsversicherungen und am letzten Abend schlie\u00dflich wurde in der Disco mit drei DJs nochmal alles gegeben, um motiviert und voller Freude ins Ausland zu fahren.<\/p>\n<p style=\"text-align: justify\">Es war eine beeindruckende Zeit am Werbellinsee und ich freue mich schon jetzt, viele in einem Jahr zum Nachbereitungsseminar dort wieder zu sehen. Kaum zu glauben, aber bereits \u00fcbermorgen geht mein Flug in die Mongolei. Jetzt geht es noch darum, alle wichtigen (warmen!) Sachen zusammen zu suchen, zu packen und dann sollte eigentlich nichts mehr schief gehen, oder?<\/p>\n<p style=\"text-align: justify\">Hier habe ich \u00fcbrigens noch ausgew\u00e4hlte Fotos (inkl. Bildunterschriften f\u00fcr alle Unwissenden) von mir zusammen gestellt. Sie sollen einen kleinen R\u00fcckblick sein f\u00fcr zehn ereignisreiche Tage. Viel Spa\u00df damit!<\/p>\n\n\t\t<style type=\"text\/css\">\n\t\t\t#gallery-1 {\n\t\t\t\tmargin: auto;\n\t\t\t}\n\t\t\t#gallery-1 .gallery-item {\n\t\t\t\tfloat: left;\n\t\t\t\tmargin-top: 10px;\n\t\t\t\ttext-align: center;\n\t\t\t\twidth: 33%;\n\t\t\t}\n\t\t\t#gallery-1 img {\n\t\t\t\tborder: 2px solid #cfcfcf;\n\t\t\t}\n\t\t\t#gallery-1 .gallery-caption {\n\t\t\t\tmargin-left: 0;\n\t\t\t}\n\t\t\t\/* see gallery_shortcode() in wp-includes\/media.php *\/\n\t\t<\/style>\n\t\t<div id='gallery-1' class='gallery galleryid-39 gallery-columns-3 gallery-size-thumbnail'><dl class='gallery-item'>\n\t\t\t<dt class='gallery-icon landscape'>\n\t\t\t\t<a href='https:\/\/kulturweit.blog\/mongolei\/2011\/09\/15\/hasen-adieu\/dsc_0325-2\/'><img loading=\"lazy\" decoding=\"async\" width=\"150\" height=\"150\" src=\"https:\/\/kulturweit.blog\/mongolei\/files\/2011\/09\/DSC_03251-150x150.jpg\" class=\"attachment-thumbnail size-thumbnail\" alt=\"Ein letzter Blick auf die Flip Chart: Aktuelle Informationen und \u00c4nderungen f\u00fcr den Tag\" aria-describedby=\"gallery-1-88\" \/><\/a>\n\t\t\t<\/dt>\n\t\t\t\t<dd class='wp-caption-text gallery-caption' id='gallery-1-88'>\n\t\t\t\tEin letzter Blick auf die Flip Chart: Aktuelle Informationen und \u00c4nderungen f\u00fcr den Tag\n\t\t\t\t<\/dd><\/dl><dl class='gallery-item'>\n\t\t\t<dt class='gallery-icon portrait'>\n\t\t\t\t<a href='https:\/\/kulturweit.blog\/mongolei\/2011\/09\/15\/hasen-adieu\/dsc_0101-2\/'><img loading=\"lazy\" decoding=\"async\" width=\"150\" height=\"150\" src=\"https:\/\/kulturweit.blog\/mongolei\/files\/2011\/09\/DSC_01011-150x150.jpg\" class=\"attachment-thumbnail size-thumbnail\" alt=\"Eine &quot;Never-Ending-Story&quot;: Jeder schreibt einen Satz und am Ende entsteht eine verr\u00fcckte Geschichte\" aria-describedby=\"gallery-1-81\" \/><\/a>\n\t\t\t<\/dt>\n\t\t\t\t<dd class='wp-caption-text gallery-caption' id='gallery-1-81'>\n\t\t\t\tEine &#8222;Never-Ending-Story&#8220;: Jeder schreibt einen Satz und am Ende entsteht eine verr\u00fcckte Geschichte\n\t\t\t\t<\/dd><\/dl><dl class='gallery-item'>\n\t\t\t<dt class='gallery-icon landscape'>\n\t\t\t\t<a href='https:\/\/kulturweit.blog\/mongolei\/2011\/09\/15\/hasen-adieu\/dsc_0099-2\/'><img loading=\"lazy\" decoding=\"async\" width=\"150\" height=\"150\" src=\"https:\/\/kulturweit.blog\/mongolei\/files\/2011\/09\/DSC_00991-150x150.jpg\" class=\"attachment-thumbnail size-thumbnail\" alt=\"Auf der &quot;Suche-Biete-Tafel&quot; war viel los: Chormitglieder gesucht, Mitfahrgelegenheiten angeboten, Sprachkurse gesucht, Massagen angeboten, usw...\" aria-describedby=\"gallery-1-80\" \/><\/a>\n\t\t\t<\/dt>\n\t\t\t\t<dd class='wp-caption-text gallery-caption' id='gallery-1-80'>\n\t\t\t\tAuf der &#8222;Suche-Biete-Tafel&#8220; war viel los: Chormitglieder gesucht, Mitfahrgelegenheiten angeboten, Sprachkurse gesucht, Massagen angeboten, usw&#8230;\n\t\t\t\t<\/dd><\/dl><br style=\"clear: both\" \/><dl class='gallery-item'>\n\t\t\t<dt class='gallery-icon portrait'>\n\t\t\t\t<a href='https:\/\/kulturweit.blog\/mongolei\/2011\/09\/15\/hasen-adieu\/dsc_0171-2\/'><img loading=\"lazy\" decoding=\"async\" width=\"150\" height=\"150\" src=\"https:\/\/kulturweit.blog\/mongolei\/files\/2011\/09\/DSC_01711-150x150.jpg\" class=\"attachment-thumbnail size-thumbnail\" alt=\"Umfrage f\u00fcr die Seminarzeitschrift ... fast jeder war mit dabei\" aria-describedby=\"gallery-1-84\" \/><\/a>\n\t\t\t<\/dt>\n\t\t\t\t<dd class='wp-caption-text gallery-caption' id='gallery-1-84'>\n\t\t\t\tUmfrage f\u00fcr die Seminarzeitschrift &#8230; fast jeder war mit dabei\n\t\t\t\t<\/dd><\/dl><dl class='gallery-item'>\n\t\t\t<dt class='gallery-icon landscape'>\n\t\t\t\t<a href='https:\/\/kulturweit.blog\/mongolei\/2011\/09\/15\/hasen-adieu\/dsc_0037-2\/'><img loading=\"lazy\" decoding=\"async\" width=\"150\" height=\"150\" src=\"https:\/\/kulturweit.blog\/mongolei\/files\/2011\/09\/DSC_00371-150x150.jpg\" class=\"attachment-thumbnail size-thumbnail\" alt=\"Das Wetter war toll - das Wasser war ... machmal kalt. Trotzdem: Der Sprung ins kalte Wasser\" aria-describedby=\"gallery-1-78\" \/><\/a>\n\t\t\t<\/dt>\n\t\t\t\t<dd class='wp-caption-text gallery-caption' id='gallery-1-78'>\n\t\t\t\tDas Wetter war toll &#8211; das Wasser war &#8230; machmal kalt. Trotzdem: Der Sprung ins kalte Wasser\n\t\t\t\t<\/dd><\/dl><dl class='gallery-item'>\n\t\t\t<dt class='gallery-icon portrait'>\n\t\t\t\t<a href='https:\/\/kulturweit.blog\/mongolei\/2011\/09\/15\/hasen-adieu\/dsc_0198-2\/'><img loading=\"lazy\" decoding=\"async\" width=\"150\" height=\"150\" src=\"https:\/\/kulturweit.blog\/mongolei\/files\/2011\/09\/DSC_01981-150x150.jpg\" class=\"attachment-thumbnail size-thumbnail\" alt=\"Sie haben alles getan, um in die Seminarzeitschrift zu kommen ... UND sie haben es geschafft!\" aria-describedby=\"gallery-1-85\" \/><\/a>\n\t\t\t<\/dt>\n\t\t\t\t<dd class='wp-caption-text gallery-caption' id='gallery-1-85'>\n\t\t\t\tSie haben alles getan, um in die Seminarzeitschrift zu kommen &#8230; UND sie haben es geschafft!\n\t\t\t\t<\/dd><\/dl><br style=\"clear: both\" \/><dl class='gallery-item'>\n\t\t\t<dt class='gallery-icon landscape'>\n\t\t\t\t<a href='https:\/\/kulturweit.blog\/mongolei\/2011\/09\/15\/hasen-adieu\/dsc_0017-2\/'><img loading=\"lazy\" decoding=\"async\" width=\"150\" height=\"150\" src=\"https:\/\/kulturweit.blog\/mongolei\/files\/2011\/09\/DSC_00171-150x150.jpg\" class=\"attachment-thumbnail size-thumbnail\" alt=\"Vertreter des P\u00e4dagogischen Austauschdienstes bzw. der Zentralstelle f\u00fcr Auslandsschulwesen kl\u00e4rten \u00fcber die Organisationen auf\" aria-describedby=\"gallery-1-77\" \/><\/a>\n\t\t\t<\/dt>\n\t\t\t\t<dd class='wp-caption-text gallery-caption' id='gallery-1-77'>\n\t\t\t\tVertreter des P\u00e4dagogischen Austauschdienstes bzw. der Zentralstelle f\u00fcr Auslandsschulwesen kl\u00e4rten \u00fcber die Organisationen auf\n\t\t\t\t<\/dd><\/dl><dl class='gallery-item'>\n\t\t\t<dt class='gallery-icon landscape'>\n\t\t\t\t<a href='https:\/\/kulturweit.blog\/mongolei\/2011\/09\/15\/hasen-adieu\/dsc_0084-2\/'><img loading=\"lazy\" decoding=\"async\" width=\"150\" height=\"150\" src=\"https:\/\/kulturweit.blog\/mongolei\/files\/2011\/09\/DSC_00841-150x150.jpg\" class=\"attachment-thumbnail size-thumbnail\" alt=\"Workshoptag: Teach like a rockstar ... neue und kreative Unterrichtsmethoden f\u00fcr Kinder und Jugendliche\" aria-describedby=\"gallery-1-79\" \/><\/a>\n\t\t\t<\/dt>\n\t\t\t\t<dd class='wp-caption-text gallery-caption' id='gallery-1-79'>\n\t\t\t\tWorkshoptag: Teach like a rockstar &#8230; neue und kreative Unterrichtsmethoden f\u00fcr Kinder und Jugendliche\n\t\t\t\t<\/dd><\/dl><dl class='gallery-item'>\n\t\t\t<dt class='gallery-icon landscape'>\n\t\t\t\t<a href='https:\/\/kulturweit.blog\/mongolei\/2011\/09\/15\/hasen-adieu\/dsc_0002-2\/'><img loading=\"lazy\" decoding=\"async\" width=\"150\" height=\"150\" src=\"https:\/\/kulturweit.blog\/mongolei\/files\/2011\/09\/DSC_00021-150x150.jpg\" class=\"attachment-thumbnail size-thumbnail\" alt=\"Eine Berlinerin zwischen zwei Bayrischen M\u00e4dels im Ausw\u00e4rtigen Amt ... warten, bis die Veranstaltung beginnt.\" aria-describedby=\"gallery-1-75\" \/><\/a>\n\t\t\t<\/dt>\n\t\t\t\t<dd class='wp-caption-text gallery-caption' id='gallery-1-75'>\n\t\t\t\tEine Berlinerin zwischen zwei Bayrischen M\u00e4dels im Ausw\u00e4rtigen Amt &#8230; warten, bis die Veranstaltung beginnt.\n\t\t\t\t<\/dd><\/dl><br style=\"clear: both\" \/><dl class='gallery-item'>\n\t\t\t<dt class='gallery-icon landscape'>\n\t\t\t\t<a href='https:\/\/kulturweit.blog\/mongolei\/2011\/09\/15\/hasen-adieu\/dsc_0016-3\/'><img loading=\"lazy\" decoding=\"async\" width=\"150\" height=\"150\" src=\"https:\/\/kulturweit.blog\/mongolei\/files\/2011\/09\/DSC_00162-150x150.jpg\" class=\"attachment-thumbnail size-thumbnail\" alt=\"Janas Hasenh\u00f6hle im Ausw\u00e4rtigen Amt - Gruppenfoto mit den besten!\" \/><\/a>\n\t\t\t<\/dt><\/dl><dl class='gallery-item'>\n\t\t\t<dt class='gallery-icon landscape'>\n\t\t\t\t<a href='https:\/\/kulturweit.blog\/mongolei\/2011\/09\/15\/hasen-adieu\/dsc_0102-2\/'><img loading=\"lazy\" decoding=\"async\" width=\"150\" height=\"150\" src=\"https:\/\/kulturweit.blog\/mongolei\/files\/2011\/09\/DSC_01021-150x150.jpg\" class=\"attachment-thumbnail size-thumbnail\" alt=\"Ein Teil von Janas Hasenh\u00f6hle vor dem Brandenburger Tor in Berlin\" aria-describedby=\"gallery-1-82\" \/><\/a>\n\t\t\t<\/dt>\n\t\t\t\t<dd class='wp-caption-text gallery-caption' id='gallery-1-82'>\n\t\t\t\tEin Teil von Janas Hasenh\u00f6hle vor dem Brandenburger Tor in Berlin\n\t\t\t\t<\/dd><\/dl><dl class='gallery-item'>\n\t\t\t<dt class='gallery-icon landscape'>\n\t\t\t\t<a href='https:\/\/kulturweit.blog\/mongolei\/2011\/09\/15\/hasen-adieu\/dsc_0130-2\/'><img loading=\"lazy\" decoding=\"async\" width=\"150\" height=\"150\" src=\"https:\/\/kulturweit.blog\/mongolei\/files\/2011\/09\/DSC_01301-150x150.jpg\" class=\"attachment-thumbnail size-thumbnail\" alt=\"&quot;Flashmob&quot; vor dem Reichstag: Freiwillige bauen eine Menschenpyramide\" aria-describedby=\"gallery-1-83\" \/><\/a>\n\t\t\t<\/dt>\n\t\t\t\t<dd class='wp-caption-text gallery-caption' id='gallery-1-83'>\n\t\t\t\t&#8222;Flashmob&#8220; vor dem Reichstag: Freiwillige bauen eine Menschenpyramide\n\t\t\t\t<\/dd><\/dl><br style=\"clear: both\" \/><dl class='gallery-item'>\n\t\t\t<dt class='gallery-icon landscape'>\n\t\t\t\t<a href='https:\/\/kulturweit.blog\/mongolei\/2011\/09\/15\/hasen-adieu\/dsc_0296-2\/'><img loading=\"lazy\" decoding=\"async\" width=\"150\" height=\"150\" src=\"https:\/\/kulturweit.blog\/mongolei\/files\/2011\/09\/DSC_02961-150x150.jpg\" class=\"attachment-thumbnail size-thumbnail\" alt=\"&quot;Wir verbrennen unsere \u00c4ngste&quot; - Zweiter Platz beim Fotowettbewerb\" aria-describedby=\"gallery-1-87\" \/><\/a>\n\t\t\t<\/dt>\n\t\t\t\t<dd class='wp-caption-text gallery-caption' id='gallery-1-87'>\n\t\t\t\t&#8222;Wir verbrennen unsere \u00c4ngste&#8220; &#8211; Zweiter Platz beim Fotowettbewerb\n\t\t\t\t<\/dd><\/dl><dl class='gallery-item'>\n\t\t\t<dt class='gallery-icon landscape'>\n\t\t\t\t<a href='https:\/\/kulturweit.blog\/mongolei\/2011\/09\/15\/hasen-adieu\/dsc_0480-2\/'><img loading=\"lazy\" decoding=\"async\" width=\"150\" height=\"150\" src=\"https:\/\/kulturweit.blog\/mongolei\/files\/2011\/09\/DSC_04801-150x150.jpg\" class=\"attachment-thumbnail size-thumbnail\" alt=\"Die zwei Starfotografen des Vorbereitungsseminars r\u00e4umen beim Fotowettbewerb ab\" aria-describedby=\"gallery-1-92\" \/><\/a>\n\t\t\t<\/dt>\n\t\t\t\t<dd class='wp-caption-text gallery-caption' id='gallery-1-92'>\n\t\t\t\tDie zwei Starfotografen des Vorbereitungsseminars r\u00e4umen beim Fotowettbewerb ab\n\t\t\t\t<\/dd><\/dl><dl class='gallery-item'>\n\t\t\t<dt class='gallery-icon landscape'>\n\t\t\t\t<a href='https:\/\/kulturweit.blog\/mongolei\/2011\/09\/15\/hasen-adieu\/dsc_0397-2\/'><img loading=\"lazy\" decoding=\"async\" width=\"150\" height=\"150\" src=\"https:\/\/kulturweit.blog\/mongolei\/files\/2011\/09\/DSC_03971-150x150.jpg\" class=\"attachment-thumbnail size-thumbnail\" alt=\"Infoveranstaltung zu Versicherungen im Ausland ... wann wird mir was warum gezahlt?\" aria-describedby=\"gallery-1-90\" \/><\/a>\n\t\t\t<\/dt>\n\t\t\t\t<dd class='wp-caption-text gallery-caption' id='gallery-1-90'>\n\t\t\t\tInfoveranstaltung zu Versicherungen im Ausland &#8230; wann wird mir was warum gezahlt?\n\t\t\t\t<\/dd><\/dl><br style=\"clear: both\" \/><dl class='gallery-item'>\n\t\t\t<dt class='gallery-icon landscape'>\n\t\t\t\t<a href='https:\/\/kulturweit.blog\/mongolei\/2011\/09\/15\/hasen-adieu\/dsc_0368-2\/'><img loading=\"lazy\" decoding=\"async\" width=\"150\" height=\"150\" src=\"https:\/\/kulturweit.blog\/mongolei\/files\/2011\/09\/DSC_03681-150x150.jpg\" class=\"attachment-thumbnail size-thumbnail\" alt=\"Gruppenbild der Redakteure und Fotografen aus der Seminarzeitschrift\" aria-describedby=\"gallery-1-89\" \/><\/a>\n\t\t\t<\/dt>\n\t\t\t\t<dd class='wp-caption-text gallery-caption' id='gallery-1-89'>\n\t\t\t\tGruppenbild der Redakteure und Fotografen aus der Seminarzeitschrift\n\t\t\t\t<\/dd><\/dl><dl class='gallery-item'>\n\t\t\t<dt class='gallery-icon portrait'>\n\t\t\t\t<a href='https:\/\/kulturweit.blog\/mongolei\/2011\/09\/15\/hasen-adieu\/dsc_0215-2\/'><img loading=\"lazy\" decoding=\"async\" width=\"150\" height=\"150\" src=\"https:\/\/kulturweit.blog\/mongolei\/files\/2011\/09\/DSC_02151-150x150.jpg\" class=\"attachment-thumbnail size-thumbnail\" alt=\"In Regionengruppen wurde \u00fcber die Themen Sicherheit, Gesundheit, Gender und Politik gesprochen\" aria-describedby=\"gallery-1-86\" \/><\/a>\n\t\t\t<\/dt>\n\t\t\t\t<dd class='wp-caption-text gallery-caption' id='gallery-1-86'>\n\t\t\t\tIn Regionengruppen wurde \u00fcber die Themen Sicherheit, Gesundheit, Gender und Politik gesprochen\n\t\t\t\t<\/dd><\/dl><dl class='gallery-item'>\n\t\t\t<dt class='gallery-icon landscape'>\n\t\t\t\t<a href='https:\/\/kulturweit.blog\/mongolei\/2011\/09\/15\/hasen-adieu\/dsc_0398-2\/'><img loading=\"lazy\" decoding=\"async\" width=\"150\" height=\"150\" src=\"https:\/\/kulturweit.blog\/mongolei\/files\/2011\/09\/DSC_03981-150x150.jpg\" class=\"attachment-thumbnail size-thumbnail\" alt=\"Sonnenuntergang am Werbellinsee: Immer wieder sch\u00f6n!\" aria-describedby=\"gallery-1-91\" \/><\/a>\n\t\t\t<\/dt>\n\t\t\t\t<dd class='wp-caption-text gallery-caption' id='gallery-1-91'>\n\t\t\t\tSonnenuntergang am Werbellinsee: Immer wieder sch\u00f6n!\n\t\t\t\t<\/dd><\/dl><br style=\"clear: both\" \/><dl class='gallery-item'>\n\t\t\t<dt class='gallery-icon landscape'>\n\t\t\t\t<a href='https:\/\/kulturweit.blog\/mongolei\/2011\/09\/15\/hasen-adieu\/dsc_0499-2\/'><img loading=\"lazy\" decoding=\"async\" width=\"150\" height=\"150\" src=\"https:\/\/kulturweit.blog\/mongolei\/files\/2011\/09\/DSC_04991-150x150.jpg\" class=\"attachment-thumbnail size-thumbnail\" alt=\"Nach einem gelungenen Projekt muss gejubelt werden, das wurde ordentlich gemacht\" aria-describedby=\"gallery-1-93\" \/><\/a>\n\t\t\t<\/dt>\n\t\t\t\t<dd class='wp-caption-text gallery-caption' id='gallery-1-93'>\n\t\t\t\tNach einem gelungenen Projekt muss gejubelt werden, das wurde ordentlich gemacht\n\t\t\t\t<\/dd><\/dl>\n\t\t\t<br style='clear: both' \/>\n\t\t<\/div>\n\n<p style=\"text-align: justify\">\n","protected":false},"excerpt":{"rendered":"<p>Zehn Tage Vorbereitungsseminar sind heute am Werbellinsee bei Berlin zu Ende gegangen. Es war eine sehr tolle und eine sehr beeindruckende Zeit und Grund daf\u00fcr, dass ich diese ersten zehn Tage meines Freiwilligen Sozialen Jahres nicht vergessen werde, sind Hasenmama Jana und weitere zw\u00f6lf Hasen (Tanja, Thesi, Carmina, Wiebke, Josy, Bonny, Tarek, Vincent, Karla, Trang, [&hellip;]<\/p>\n","protected":false},"author":619,"featured_media":76,"comment_status":"open","ping_status":"open","sticky":false,"template":"","format":"standard","meta":{"footnotes":""},"categories":[114,65,112],"tags":[99,106],"class_list":["post-39","post","type-post","status-publish","format-standard","hentry","category-freiwillige","category-kulturweit","category-seminar","tag-berlin","tag-vorbereitungsseminar"],"amp_enabled":true,"_links":{"self":[{"href":"https:\/\/kulturweit.blog\/mongolei\/wp-json\/wp\/v2\/posts\/39"}],"collection":[{"href":"https:\/\/kulturweit.blog\/mongolei\/wp-json\/wp\/v2\/posts"}],"about":[{"href":"https:\/\/kulturweit.blog\/mongolei\/wp-json\/wp\/v2\/types\/post"}],"author":[{"embeddable":true,"href":"https:\/\/kulturweit.blog\/mongolei\/wp-json\/wp\/v2\/users\/619"}],"replies":[{"embeddable":true,"href":"https:\/\/kulturweit.blog\/mongolei\/wp-json\/wp\/v2\/comments?post=39"}],"version-history":[{"count":1,"href":"https:\/\/kulturweit.blog\/mongolei\/wp-json\/wp\/v2\/posts\/39\/revisions"}],"predecessor-version":[{"id":71,"href":"https:\/\/kulturweit.blog\/mongolei\/wp-json\/wp\/v2\/posts\/39\/revisions\/71"}],"wp:featuredmedia":[{"embeddable":true,"href":"https:\/\/kulturweit.blog\/mongolei\/wp-json\/wp\/v2\/media\/76"}],"wp:attachment":[{"href":"https:\/\/kulturweit.blog\/mongolei\/wp-json\/wp\/v2\/media?parent=39"}],"wp:term":[{"taxonomy":"category","embeddable":true,"href":"https:\/\/kulturweit.blog\/mongolei\/wp-json\/wp\/v2\/categories?post=39"},{"taxonomy":"post_tag","embeddable":true,"href":"https:\/\/kulturweit.blog\/mongolei\/wp-json\/wp\/v2\/tags?post=39"}],"curies":[{"name":"wp","href":"https:\/\/api.w.org\/{rel}","templated":true}]}}