{"id":29,"date":"2011-09-05T21:03:02","date_gmt":"2011-09-05T19:03:02","guid":{"rendered":"https:\/\/kulturweit.blog\/mongolei\/?p=29"},"modified":"2011-11-23T20:29:34","modified_gmt":"2011-11-23T12:29:34","slug":"das-fsj-beginnt","status":"publish","type":"post","link":"https:\/\/kulturweit.blog\/mongolei\/2011\/09\/05\/das-fsj-beginnt\/","title":{"rendered":"Das FSJ beginnt"},"content":{"rendered":"<p style=\"text-align: justify\">Ab morgen beginnt mein Freiwilliges Soziales Jahr. Mit einem zehnt\u00e4gigen Vorbereitungsseminar werde ich in Berlin auf meinen Aufenthalt in der Mongolei vorbereitet und lerne alle anderen Freiwilligen kennen, die ebenso wie ich im September 2011 ihr FSJ unter Tr\u00e4gerschaft des Ausw\u00e4rtigen Amts in Kooperation mit der Deutschen UNESCO-Kommission beginnen. Am Werbellinsee wird mich ein interaktives Seminarprogramm erwarten, welches mich auf unterschiedlichen Ebenen inhaltlich, mental und praktisch auf meine Zeit als Freiwilliger vorbereiten soll.<\/p>\n<p style=\"text-align: justify\"><a href=\"https:\/\/kulturweit.blog\/mongolei\/files\/2011\/09\/DSC_0754.jpg\"><img loading=\"lazy\" decoding=\"async\" class=\"size-medium wp-image-30 alignright\" src=\"https:\/\/kulturweit.blog\/mongolei\/files\/2011\/09\/DSC_0754-200x300.jpg\" alt=\"Sebastian vor der Bamberger Altstadtkulisse mit der mongolischen Nationalflagge\" width=\"200\" height=\"300\" srcset=\"https:\/\/kulturweit.blog\/mongolei\/files\/2011\/09\/DSC_0754-200x300.jpg 200w, https:\/\/kulturweit.blog\/mongolei\/files\/2011\/09\/DSC_0754-426x640.jpg 426w, https:\/\/kulturweit.blog\/mongolei\/files\/2011\/09\/DSC_0754.jpg 683w\" sizes=\"(max-width: 200px) 100vw, 200px\" \/><\/a>Ab Oktober werde ich regelm\u00e4\u00dfig mit einem kleinen Beitrag im Stadtmagazin \u201eMOHR\u201c \u00fcber mein Auslandsjahr berichten, aber selbstverst\u00e4ndlich werde ich immer die aktuellsten Dinge hier in meinem Blog ver\u00f6ffentlichen. Noch zw\u00f6lf Tage bis zum Abflug in Frankfurt. Der Abschied in Bamberg ist nicht leicht gefallen, aber die Freude auf den offiziellen Start in Asien steigt immer mehr.<\/p>\n<p style=\"text-align: justify\">P\u00fcnktlich zum Abflug gibt es dann den neuen Blog-Artikel und auch weitere Hintergrund-Seiten, die ich im Laufe meines Seminars erarbeiten werde. Doch jetzt m\u00fcssen erst noch die Koffer f\u00fcr Berlin gepackt werden \u2026<\/p>\n","protected":false},"excerpt":{"rendered":"<p>Ab morgen beginnt mein Freiwilliges Soziales Jahr. Mit einem zehnt\u00e4gigen Vorbereitungsseminar werde ich in Berlin auf meinen Aufenthalt in der Mongolei vorbereitet und lerne alle anderen Freiwilligen kennen, die ebenso wie ich im September 2011 ihr FSJ unter Tr\u00e4gerschaft des Ausw\u00e4rtigen Amts in Kooperation mit der Deutschen UNESCO-Kommission beginnen. Am Werbellinsee wird mich ein interaktives [&hellip;]<\/p>\n","protected":false},"author":619,"featured_media":30,"comment_status":"open","ping_status":"open","sticky":false,"template":"","format":"standard","meta":{"footnotes":""},"categories":[21,35710,164,65],"tags":[],"class_list":["post-29","post","type-post","status-publish","format-standard","hentry","category-allgemein","category-bamberg","category-freiwilligenarbeit","category-kulturweit"],"amp_enabled":true,"_links":{"self":[{"href":"https:\/\/kulturweit.blog\/mongolei\/wp-json\/wp\/v2\/posts\/29"}],"collection":[{"href":"https:\/\/kulturweit.blog\/mongolei\/wp-json\/wp\/v2\/posts"}],"about":[{"href":"https:\/\/kulturweit.blog\/mongolei\/wp-json\/wp\/v2\/types\/post"}],"author":[{"embeddable":true,"href":"https:\/\/kulturweit.blog\/mongolei\/wp-json\/wp\/v2\/users\/619"}],"replies":[{"embeddable":true,"href":"https:\/\/kulturweit.blog\/mongolei\/wp-json\/wp\/v2\/comments?post=29"}],"version-history":[{"count":0,"href":"https:\/\/kulturweit.blog\/mongolei\/wp-json\/wp\/v2\/posts\/29\/revisions"}],"wp:featuredmedia":[{"embeddable":true,"href":"https:\/\/kulturweit.blog\/mongolei\/wp-json\/wp\/v2\/media\/30"}],"wp:attachment":[{"href":"https:\/\/kulturweit.blog\/mongolei\/wp-json\/wp\/v2\/media?parent=29"}],"wp:term":[{"taxonomy":"category","embeddable":true,"href":"https:\/\/kulturweit.blog\/mongolei\/wp-json\/wp\/v2\/categories?post=29"},{"taxonomy":"post_tag","embeddable":true,"href":"https:\/\/kulturweit.blog\/mongolei\/wp-json\/wp\/v2\/tags?post=29"}],"curies":[{"name":"wp","href":"https:\/\/api.w.org\/{rel}","templated":true}]}}