{"id":1066,"date":"2012-06-05T23:00:31","date_gmt":"2012-06-05T15:00:31","guid":{"rendered":"https:\/\/kulturweit.blog\/mongolei\/?p=1066"},"modified":"2012-06-05T21:58:10","modified_gmt":"2012-06-05T13:58:10","slug":"die-erste-nacht-im-ger","status":"publish","type":"post","link":"https:\/\/kulturweit.blog\/mongolei\/2012\/06\/05\/die-erste-nacht-im-ger\/","title":{"rendered":"Die erste Nacht im Ger"},"content":{"rendered":"<p style=\"text-align: justify\"><a href=\"https:\/\/kulturweit.blog\/mongolei\/files\/2012\/06\/DSC2402.jpg\"><img loading=\"lazy\" decoding=\"async\" class=\"alignright size-medium wp-image-1071\" src=\"https:\/\/kulturweit.blog\/mongolei\/files\/2012\/06\/DSC2402-300x198.jpg\" alt=\"Auch am Abend muss auf's Feuer Acht gegeben werden\" width=\"300\" height=\"198\" srcset=\"https:\/\/kulturweit.blog\/mongolei\/files\/2012\/06\/DSC2402-300x198.jpg 300w, https:\/\/kulturweit.blog\/mongolei\/files\/2012\/06\/DSC2402.jpg 640w\" sizes=\"(max-width: 300px) 100vw, 300px\" \/><\/a>Mittlerweile ist es nun schon fast einen Monat her, als ich meine erste Nacht in einem mongolischen Ger verbracht habe. Diese \u00dcbernachtung stand in Zusammenhang mit einem Geburtstag, n\u00e4mlich dem einer Kollegin von der Goethe-Schule. Simon, \u00bbkulturweit\u00ab-Freiwilliger an der Goethe-Schule und ich waren zust\u00e4ndig f\u00fcr Speis \u2026 und den Trank \u00fcbernahm die Kollegin selbst. \ud83d\ude09<\/p>\n<p style=\"text-align: justify\">An einem sch\u00f6nen und sonnigen Freitagnachmittag starteten wir in Richtung Osten. Unser Ziel war ein privates Ger-Camp, wo wir unter uns waren und tun und lassen konnten, was wir wollten. Dort angekommen bezogen Simon und ich erstmal unser Ger und besch\u00e4ftigten uns danach mit dem Grill, wo wir den Abend eingesetzt werden sollten. Dieser Grill war jedoch \u201eein bisschen\u201c verrostet, vor allem die Halterung des St\u00e4nders. Dies hatte zur Folge, dass der Halt des Grills sehr unsicher war, vor allem bei der einen oder anderen Windb\u00f6e. Mit einem genialen Trick sind wir dem allerdings entgegen gegangen und haben einfach links und rechts neben dem Grill zwei Tische gestellt, sodass der Grill eingeklemmt war und nicht umfallen konnte, geschwankt hat er dennoch.<\/p>\n<p style=\"text-align: justify\"><a href=\"https:\/\/kulturweit.blog\/mongolei\/files\/2012\/06\/DSC2007.jpg\"><img loading=\"lazy\" decoding=\"async\" class=\"alignright size-medium wp-image-1069\" src=\"https:\/\/kulturweit.blog\/mongolei\/files\/2012\/06\/DSC2007-300x159.jpg\" alt=\"Bis die ersten G\u00e4ste kamen, musste man sich eben die Zeit vertreiben\" width=\"300\" height=\"159\" srcset=\"https:\/\/kulturweit.blog\/mongolei\/files\/2012\/06\/DSC2007-300x159.jpg 300w, https:\/\/kulturweit.blog\/mongolei\/files\/2012\/06\/DSC2007.jpg 640w\" sizes=\"(max-width: 300px) 100vw, 300px\" \/><\/a>Typisch mongolisch kamen die ersten G\u00e4ste knapp eine Stunde nach offiziellem Beginn, sodass das Ansch\u00fcren des Grills anfangs v\u00f6llig unn\u00f6tig gewesen war. Wie gut, dass wir keine Kohle verbrannten, sondern erst mal mit Holz den Grill anheizten. Denn Kohle war Mangelware, reichte aber dennoch f\u00fcr das Grillen der ber\u00fchmten N\u00fcrnberger Bratw\u00fcrste, die hier in der Mongolei mindestens doppelt so gro\u00df und doppelt so dick sind wie die Originale und dar\u00fcber hinaus aus Hammelfelsich bestehen. Neben diesen so genannten N\u00fcrnbergern gab es dann noch Schaschlik, welches zuvor liebevoll von der Kollegin gesteckt wurde.<\/p>\n<p style=\"text-align: justify\">Die Atmosph\u00e4re im Ger-Camp war wirklich sehr, sehr angenehm. Alle sa\u00dfen drau\u00dfen zusammen und als es k\u00e4lter wurde, sind wir ins Restaurant-Ger gegangen, wo viel gequatscht, gesungen und gelacht wurde. Sp\u00e4t am Abend waren so gut wie alle G\u00e4ste noch da, die eigentlich nicht vorhatten, dort zu \u00fcbernachten. Am n\u00e4chsten Morgen sah man jedoch alle (teilweise verkaterten) Gesichter beim Fr\u00fchst\u00fcck mit Rum-Torte und Milchtee wieder.<\/p>\n<p style=\"text-align: justify\"><a href=\"https:\/\/kulturweit.blog\/mongolei\/files\/2012\/06\/DSC2759.jpg\"><img loading=\"lazy\" decoding=\"async\" class=\"alignright size-medium wp-image-1073\" src=\"https:\/\/kulturweit.blog\/mongolei\/files\/2012\/06\/DSC2759-300x198.jpg\" alt=\"Das private Ger-Camp war am Fluss gelegen - ein traumhafter Anblick am Morgen\" width=\"300\" height=\"198\" srcset=\"https:\/\/kulturweit.blog\/mongolei\/files\/2012\/06\/DSC2759-300x198.jpg 300w, https:\/\/kulturweit.blog\/mongolei\/files\/2012\/06\/DSC2759.jpg 640w\" sizes=\"(max-width: 300px) 100vw, 300px\" \/><\/a>Der erste Schritt in Richtung Nomadenleben war mit dieser \u00dcbernachtung im Ger also getan, auch wenn es kein \u201erichtiges\u201c Ger war. Einen Ofen besa\u00df es n\u00e4mlich nicht, es wurde elektrisch mit einem Ofen geheizt, den wir in der Nacht aufgrund seiner brummenden Ger\u00e4usche jedoch ausschalteten. Folglich hatte ich am n\u00e4chsten Tag eine leichte Erk\u00e4ltung, denn in den N\u00e4chten k\u00fchlt es trotz der warmen bis hei\u00dfen Tagestemperaturen stark ab. Warten wir ab, wie die \u00dcbernachtungen w\u00e4hrend der gro\u00dfen Tour werden.<\/p>\n\n\t\t<style type=\"text\/css\">\n\t\t\t#gallery-1 {\n\t\t\t\tmargin: auto;\n\t\t\t}\n\t\t\t#gallery-1 .gallery-item {\n\t\t\t\tfloat: left;\n\t\t\t\tmargin-top: 10px;\n\t\t\t\ttext-align: center;\n\t\t\t\twidth: 33%;\n\t\t\t}\n\t\t\t#gallery-1 img {\n\t\t\t\tborder: 2px solid #cfcfcf;\n\t\t\t}\n\t\t\t#gallery-1 .gallery-caption {\n\t\t\t\tmargin-left: 0;\n\t\t\t}\n\t\t\t\/* see gallery_shortcode() in wp-includes\/media.php *\/\n\t\t<\/style>\n\t\t<div id='gallery-1' class='gallery galleryid-1066 gallery-columns-3 gallery-size-thumbnail'><dl class='gallery-item'>\n\t\t\t<dt class='gallery-icon landscape'>\n\t\t\t\t<a href='https:\/\/kulturweit.blog\/mongolei\/files\/2012\/06\/DSC_0053.jpg'><img loading=\"lazy\" decoding=\"async\" width=\"150\" height=\"150\" src=\"https:\/\/kulturweit.blog\/mongolei\/files\/2012\/06\/DSC_0053-150x150.jpg\" class=\"attachment-thumbnail size-thumbnail\" alt=\"Warten, bis die Arbeit beginnt - im Hintergrund sieht man das Holzgestell. Dort sa\u00dfen wir abends zusammen, im Ger rechts schliefen wir\" \/><\/a>\n\t\t\t<\/dt><\/dl><dl class='gallery-item'>\n\t\t\t<dt class='gallery-icon landscape'>\n\t\t\t\t<a href='https:\/\/kulturweit.blog\/mongolei\/files\/2012\/06\/DSC2007.jpg'><img loading=\"lazy\" decoding=\"async\" width=\"150\" height=\"150\" src=\"https:\/\/kulturweit.blog\/mongolei\/files\/2012\/06\/DSC2007-150x150.jpg\" class=\"attachment-thumbnail size-thumbnail\" alt=\"Bis die ersten G\u00e4ste kamen, musste man sich eben die Zeit vertreiben\" \/><\/a>\n\t\t\t<\/dt><\/dl><dl class='gallery-item'>\n\t\t\t<dt class='gallery-icon landscape'>\n\t\t\t\t<a href='https:\/\/kulturweit.blog\/mongolei\/files\/2012\/06\/DSC_0059.jpg'><img loading=\"lazy\" decoding=\"async\" width=\"150\" height=\"150\" src=\"https:\/\/kulturweit.blog\/mongolei\/files\/2012\/06\/DSC_0059-150x150.jpg\" class=\"attachment-thumbnail size-thumbnail\" alt=\"Hmmm ... lecker. Das schmeckt!\" \/><\/a>\n\t\t\t<\/dt><\/dl><br style=\"clear: both\" \/><dl class='gallery-item'>\n\t\t\t<dt class='gallery-icon landscape'>\n\t\t\t\t<a href='https:\/\/kulturweit.blog\/mongolei\/files\/2012\/06\/DSC2267.jpg'><img loading=\"lazy\" decoding=\"async\" width=\"150\" height=\"150\" src=\"https:\/\/kulturweit.blog\/mongolei\/files\/2012\/06\/DSC2267-150x150.jpg\" class=\"attachment-thumbnail size-thumbnail\" alt=\"W\u00e4hrend der Geburtstagsansprache herrscht Ruhe und Aufmerksamkeit\" \/><\/a>\n\t\t\t<\/dt><\/dl><dl class='gallery-item'>\n\t\t\t<dt class='gallery-icon landscape'>\n\t\t\t\t<a href='https:\/\/kulturweit.blog\/mongolei\/files\/2012\/06\/DSC_0140.jpg'><img loading=\"lazy\" decoding=\"async\" width=\"150\" height=\"150\" src=\"https:\/\/kulturweit.blog\/mongolei\/files\/2012\/06\/DSC_0140-150x150.jpg\" class=\"attachment-thumbnail size-thumbnail\" alt=\"Als es kalt wurde, verzog man sich hierrein: Ins Restaurant-Ger mit K\u00fchlschrank, Tischen und St\u00fchlen\" \/><\/a>\n\t\t\t<\/dt><\/dl><dl class='gallery-item'>\n\t\t\t<dt class='gallery-icon landscape'>\n\t\t\t\t<a href='https:\/\/kulturweit.blog\/mongolei\/files\/2012\/06\/DSC2402.jpg'><img loading=\"lazy\" decoding=\"async\" width=\"150\" height=\"150\" src=\"https:\/\/kulturweit.blog\/mongolei\/files\/2012\/06\/DSC2402-150x150.jpg\" class=\"attachment-thumbnail size-thumbnail\" alt=\"Auch am Abend muss auf&#039;s Feuer Acht gegeben werden\" \/><\/a>\n\t\t\t<\/dt><\/dl><br style=\"clear: both\" \/><dl class='gallery-item'>\n\t\t\t<dt class='gallery-icon landscape'>\n\t\t\t\t<a href='https:\/\/kulturweit.blog\/mongolei\/files\/2012\/06\/DSC_0084.jpg'><img loading=\"lazy\" decoding=\"async\" width=\"150\" height=\"150\" src=\"https:\/\/kulturweit.blog\/mongolei\/files\/2012\/06\/DSC_0084-150x150.jpg\" class=\"attachment-thumbnail size-thumbnail\" alt=\"Die Bratw\u00fcrste und das Schaschlick werden auf dem Grill gegrillt\" \/><\/a>\n\t\t\t<\/dt><\/dl><dl class='gallery-item'>\n\t\t\t<dt class='gallery-icon landscape'>\n\t\t\t\t<a href='https:\/\/kulturweit.blog\/mongolei\/files\/2012\/06\/DSC2538.jpg'><img loading=\"lazy\" decoding=\"async\" width=\"150\" height=\"150\" src=\"https:\/\/kulturweit.blog\/mongolei\/files\/2012\/06\/DSC2538-150x150.jpg\" class=\"attachment-thumbnail size-thumbnail\" alt=\"Auch die Deutschen sangen ein Geburtstagslied f\u00fcr die Kollegin\" \/><\/a>\n\t\t\t<\/dt><\/dl><dl class='gallery-item'>\n\t\t\t<dt class='gallery-icon landscape'>\n\t\t\t\t<a href='https:\/\/kulturweit.blog\/mongolei\/files\/2012\/06\/DSC2759.jpg'><img loading=\"lazy\" decoding=\"async\" width=\"150\" height=\"150\" src=\"https:\/\/kulturweit.blog\/mongolei\/files\/2012\/06\/DSC2759-150x150.jpg\" class=\"attachment-thumbnail size-thumbnail\" alt=\"Das private Ger-Camp war am Fluss gelegen - ein traumhafter Anblick am Morgen\" \/><\/a>\n\t\t\t<\/dt><\/dl><br style=\"clear: both\" \/>\n\t\t<\/div>\n\n","protected":false},"excerpt":{"rendered":"<p>Mittlerweile ist es nun schon fast einen Monat her, als ich meine erste Nacht in einem mongolischen Ger verbracht habe. Diese \u00dcbernachtung stand in Zusammenhang mit einem Geburtstag, n\u00e4mlich dem einer Kollegin von der Goethe-Schule. Simon, \u00bbkulturweit\u00ab-Freiwilliger an der Goethe-Schule und ich waren zust\u00e4ndig f\u00fcr Speis \u2026 und den Trank \u00fcbernahm die Kollegin selbst. \ud83d\ude09 [&hellip;]<\/p>\n","protected":false},"author":619,"featured_media":1077,"comment_status":"open","ping_status":"open","sticky":false,"template":"","format":"standard","meta":{"footnotes":""},"categories":[341,12,299,577,307],"tags":[47048,47029,166,47027,43682,47047,47045],"class_list":["post-1066","post","type-post","status-publish","format-standard","hentry","category-ausflug","category-fotos","category-kulinarisch","category-menschen","category-mentalitat","tag-bratwurste","tag-camp","tag-geburtstag","tag-ger","tag-grillen","tag-schaschlick","tag-ubernachtung"],"amp_enabled":true,"_links":{"self":[{"href":"https:\/\/kulturweit.blog\/mongolei\/wp-json\/wp\/v2\/posts\/1066"}],"collection":[{"href":"https:\/\/kulturweit.blog\/mongolei\/wp-json\/wp\/v2\/posts"}],"about":[{"href":"https:\/\/kulturweit.blog\/mongolei\/wp-json\/wp\/v2\/types\/post"}],"author":[{"embeddable":true,"href":"https:\/\/kulturweit.blog\/mongolei\/wp-json\/wp\/v2\/users\/619"}],"replies":[{"embeddable":true,"href":"https:\/\/kulturweit.blog\/mongolei\/wp-json\/wp\/v2\/comments?post=1066"}],"version-history":[{"count":1,"href":"https:\/\/kulturweit.blog\/mongolei\/wp-json\/wp\/v2\/posts\/1066\/revisions"}],"predecessor-version":[{"id":1068,"href":"https:\/\/kulturweit.blog\/mongolei\/wp-json\/wp\/v2\/posts\/1066\/revisions\/1068"}],"wp:featuredmedia":[{"embeddable":true,"href":"https:\/\/kulturweit.blog\/mongolei\/wp-json\/wp\/v2\/media\/1077"}],"wp:attachment":[{"href":"https:\/\/kulturweit.blog\/mongolei\/wp-json\/wp\/v2\/media?parent=1066"}],"wp:term":[{"taxonomy":"category","embeddable":true,"href":"https:\/\/kulturweit.blog\/mongolei\/wp-json\/wp\/v2\/categories?post=1066"},{"taxonomy":"post_tag","embeddable":true,"href":"https:\/\/kulturweit.blog\/mongolei\/wp-json\/wp\/v2\/tags?post=1066"}],"curies":[{"name":"wp","href":"https:\/\/api.w.org\/{rel}","templated":true}]}}