{"id":1054,"date":"2012-06-06T12:00:30","date_gmt":"2012-06-06T04:00:30","guid":{"rendered":"https:\/\/kulturweit.blog\/mongolei\/?p=1054"},"modified":"2012-06-05T22:20:32","modified_gmt":"2012-06-05T14:20:32","slug":"abschlussfahrt-der-elften-klasse","status":"publish","type":"post","link":"https:\/\/kulturweit.blog\/mongolei\/2012\/06\/06\/abschlussfahrt-der-elften-klasse\/","title":{"rendered":"Abschlussfahrt der elften Klasse"},"content":{"rendered":"<p style=\"text-align: justify\"><a href=\"https:\/\/kulturweit.blog\/mongolei\/files\/2012\/06\/DSC_0124.jpg\"><img loading=\"lazy\" decoding=\"async\" class=\"alignright size-medium wp-image-1082\" src=\"https:\/\/kulturweit.blog\/mongolei\/files\/2012\/06\/DSC_0124-300x200.jpg\" alt=\"Ein traumhaftes Landschaftsbild - entstand am letzten Abend des Ausflugs\" width=\"300\" height=\"200\" srcset=\"https:\/\/kulturweit.blog\/mongolei\/files\/2012\/06\/DSC_0124-300x200.jpg 300w, https:\/\/kulturweit.blog\/mongolei\/files\/2012\/06\/DSC_0124.jpg 640w\" sizes=\"(max-width: 300px) 100vw, 300px\" \/><\/a>Wie gut kann ich mich noch an meine Schulzeit erinnern und die Angebote der Studienfahrten in der elften Klasse, die von Nepal \u00fcber Amsterdam und Madrid bis nach Rom reichten. Wenn ich hier sehe, mit welcher Fahrt sich die mongolischen Elftkl\u00e4ssler zufrieden geben, muss ich \u00fcber den Tumult damals an meiner Schule sehr l\u00e4cheln.<\/p>\n<p style=\"text-align: justify\"><a href=\"https:\/\/kulturweit.blog\/mongolei\/files\/2012\/06\/DSC_0075.jpg\"><img loading=\"lazy\" decoding=\"async\" class=\"alignright size-medium wp-image-1079\" src=\"https:\/\/kulturweit.blog\/mongolei\/files\/2012\/06\/DSC_0075-300x200.jpg\" alt=\"Diese Jurten waren das Ausflugsziel der elften Klasse\" width=\"300\" height=\"200\" srcset=\"https:\/\/kulturweit.blog\/mongolei\/files\/2012\/06\/DSC_0075-300x200.jpg 300w, https:\/\/kulturweit.blog\/mongolei\/files\/2012\/06\/DSC_0075.jpg 640w\" sizes=\"(max-width: 300px) 100vw, 300px\" \/><\/a>Wie man es von Mongolen erwartet, f\u00fchrt die Abschlussfahrt nat\u00fcrlich aufs Land, in ein knapp eineinhalb Stunden von der Schule entferntes Camp, wo man drei Tage und zwei N\u00e4chte das Nomadenleben hautnah erlebt. Von Ganaa, einer Deutschlehrerin und Klassenlehrerin einer elften Klasse, wurde ich gefragt, ob ich nicht Lust h\u00e4tte, auf die Abschlussfahrt ihrer Klasse mitzufahren. Gar nicht lange habe ich \u00fcberlegt, sondern direkt ja gesagt.<\/p>\n<p style=\"text-align: justify\"><a href=\"https:\/\/kulturweit.blog\/mongolei\/files\/2012\/06\/DSC_0095.jpg\"><img loading=\"lazy\" decoding=\"async\" class=\"alignright size-medium wp-image-1080\" src=\"https:\/\/kulturweit.blog\/mongolei\/files\/2012\/06\/DSC_0095-300x200.jpg\" alt=\"Ein starkes Team - das sind wir!\" width=\"300\" height=\"200\" srcset=\"https:\/\/kulturweit.blog\/mongolei\/files\/2012\/06\/DSC_0095-300x200.jpg 300w, https:\/\/kulturweit.blog\/mongolei\/files\/2012\/06\/DSC_0095.jpg 640w\" sizes=\"(max-width: 300px) 100vw, 300px\" \/><\/a>Leider hat das Wetter nicht ganz so mitgespielt, wie wir es uns vorstellten. Dennoch waren es drei wundersch\u00f6ne Tage auf dem Land mit einem echt klasse Team. Wir hatten immer viel Spa\u00df zusammen und dieses Mal konnte ich einen weiteren Einblick in das richtige Nomadenleben bekommen. Dieses Mal war die \u00dcbernachtung im Ger interessanter und spannender, da es einerseits regnete und man mit den Witterungsbedingungen k\u00e4mpfen musste und da es andererseits einen Ofen im Ger gab und man selbst st\u00e4ndig sch\u00fcren musste, damit die Temperatur angenehm war.<\/p>\n<p style=\"text-align: justify\"><a href=\"https:\/\/kulturweit.blog\/mongolei\/files\/2012\/06\/DSC_0111.jpg\"><img loading=\"lazy\" decoding=\"async\" class=\"alignright size-medium wp-image-1081\" src=\"https:\/\/kulturweit.blog\/mongolei\/files\/2012\/06\/DSC_0111-300x200.jpg\" alt=\"Khorkhog: Die hei\u00dfen Steine werden in die Milchkanne gelegt\" width=\"300\" height=\"200\" srcset=\"https:\/\/kulturweit.blog\/mongolei\/files\/2012\/06\/DSC_0111-300x200.jpg 300w, https:\/\/kulturweit.blog\/mongolei\/files\/2012\/06\/DSC_0111.jpg 640w\" sizes=\"(max-width: 300px) 100vw, 300px\" \/><\/a>Den Tag \u00fcber wurde nomadisch gekocht, einmal gab es \u201eKhorkhog\u201c. Hierbei werden in eine gro\u00dfe Milchkanne ein Schaf (zerteilt) sowie hei\u00dfe Steine gelegt, hinzu geben kann man noch Kartoffeln, M\u00f6hren und Kohl. Nach einer knappen dreiviertel Stunde auf dem Ger-Ofen ist die Mahlzeit fertig und das leckere Fleisch kann gegessen werden. Dar\u00fcber hinaus gab es verschiedene Suppen und nat\u00fcrlich auch den traditionellen Milchtee in seiner traditionellen Herstellung mit Fett, Mehl, Salz und Milch.<\/p>\n<p style=\"text-align: justify\"><a href=\"https:\/\/kulturweit.blog\/mongolei\/files\/2012\/06\/DSC_0135.jpg\"><img loading=\"lazy\" decoding=\"async\" class=\"alignright size-medium wp-image-1083\" src=\"https:\/\/kulturweit.blog\/mongolei\/files\/2012\/06\/DSC_0135-300x200.jpg\" alt=\"Mein Bett f\u00fcr zwei N\u00e4chte in der mongolischen Jurte\" width=\"300\" height=\"200\" srcset=\"https:\/\/kulturweit.blog\/mongolei\/files\/2012\/06\/DSC_0135-300x200.jpg 300w, https:\/\/kulturweit.blog\/mongolei\/files\/2012\/06\/DSC_0135.jpg 640w\" sizes=\"(max-width: 300px) 100vw, 300px\" \/><\/a>Tats\u00e4chlich erinnerten mich diese drei Tage stark ans Zelten bei der katholischen Jugend. Wenn man im Zelt liegt und den Regen h\u00f6rt, der auf die Plane prasselt; wenn man drau\u00dfen Gitarre und Stimmen h\u00f6rt, wenn man zusammen musiziert; wenn man eine halbe Ewigkeit zum Klo laufen muss; wenn man das frische Gras riechen kann, usw. Der Trip zum Ger-Camp war echt toll und es hat mich sehr gefreut, dass ich dabei sein durfte.<\/p>\n","protected":false},"excerpt":{"rendered":"<p>Wie gut kann ich mich noch an meine Schulzeit erinnern und die Angebote der Studienfahrten in der elften Klasse, die von Nepal \u00fcber Amsterdam und Madrid bis nach Rom reichten. Wenn ich hier sehe, mit welcher Fahrt sich die mongolischen Elftkl\u00e4ssler zufrieden geben, muss ich \u00fcber den Tumult damals an meiner Schule sehr l\u00e4cheln. Wie [&hellip;]<\/p>\n","protected":false},"author":619,"featured_media":1083,"comment_status":"open","ping_status":"open","sticky":false,"template":"","format":"standard","meta":{"footnotes":""},"categories":[341,12,299,829,356],"tags":[47030,47031,47029,47027,47032,355],"class_list":["post-1054","post","type-post","status-publish","format-standard","hentry","category-ausflug","category-fotos","category-kulinarisch","category-natur","category-wetter","tag-11-klasse","tag-abschlussfahrt","tag-camp","tag-ger","tag-khorkhog","tag-regen"],"amp_enabled":true,"_links":{"self":[{"href":"https:\/\/kulturweit.blog\/mongolei\/wp-json\/wp\/v2\/posts\/1054"}],"collection":[{"href":"https:\/\/kulturweit.blog\/mongolei\/wp-json\/wp\/v2\/posts"}],"about":[{"href":"https:\/\/kulturweit.blog\/mongolei\/wp-json\/wp\/v2\/types\/post"}],"author":[{"embeddable":true,"href":"https:\/\/kulturweit.blog\/mongolei\/wp-json\/wp\/v2\/users\/619"}],"replies":[{"embeddable":true,"href":"https:\/\/kulturweit.blog\/mongolei\/wp-json\/wp\/v2\/comments?post=1054"}],"version-history":[{"count":1,"href":"https:\/\/kulturweit.blog\/mongolei\/wp-json\/wp\/v2\/posts\/1054\/revisions"}],"predecessor-version":[{"id":1084,"href":"https:\/\/kulturweit.blog\/mongolei\/wp-json\/wp\/v2\/posts\/1054\/revisions\/1084"}],"wp:featuredmedia":[{"embeddable":true,"href":"https:\/\/kulturweit.blog\/mongolei\/wp-json\/wp\/v2\/media\/1083"}],"wp:attachment":[{"href":"https:\/\/kulturweit.blog\/mongolei\/wp-json\/wp\/v2\/media?parent=1054"}],"wp:term":[{"taxonomy":"category","embeddable":true,"href":"https:\/\/kulturweit.blog\/mongolei\/wp-json\/wp\/v2\/categories?post=1054"},{"taxonomy":"post_tag","embeddable":true,"href":"https:\/\/kulturweit.blog\/mongolei\/wp-json\/wp\/v2\/tags?post=1054"}],"curies":[{"name":"wp","href":"https:\/\/api.w.org\/{rel}","templated":true}]}}