{"id":55,"date":"2020-04-20T20:18:30","date_gmt":"2020-04-20T18:18:30","guid":{"rendered":"https:\/\/kulturweit.blog\/minhasp\/?p=55"},"modified":"2020-04-22T11:04:28","modified_gmt":"2020-04-22T09:04:28","slug":"kleiner-aprilscherz","status":"publish","type":"post","link":"https:\/\/kulturweit.blog\/minhasp\/2020\/04\/20\/kleiner-aprilscherz\/","title":{"rendered":"Kleiner Aprilscherz!"},"content":{"rendered":"<p><a href=\"https:\/\/kulturweit.blog\/minhasp\/files\/2020\/04\/tumblr_nllclnpUEZ1rexc04o1_500.jpg\"><img loading=\"lazy\" decoding=\"async\" class=\"size-medium wp-image-59 aligncenter\" src=\"https:\/\/kulturweit.blog\/minhasp\/files\/2020\/04\/tumblr_nllclnpUEZ1rexc04o1_500-300x300.jpg\" alt=\"\" width=\"300\" height=\"300\" srcset=\"https:\/\/kulturweit.blog\/minhasp\/files\/2020\/04\/tumblr_nllclnpUEZ1rexc04o1_500-300x300.jpg 300w, https:\/\/kulturweit.blog\/minhasp\/files\/2020\/04\/tumblr_nllclnpUEZ1rexc04o1_500-150x150.jpg 150w, https:\/\/kulturweit.blog\/minhasp\/files\/2020\/04\/tumblr_nllclnpUEZ1rexc04o1_500-1x1.jpg 1w, https:\/\/kulturweit.blog\/minhasp\/files\/2020\/04\/tumblr_nllclnpUEZ1rexc04o1_500.jpg 500w\" sizes=\"(max-width: 300px) 100vw, 300px\" \/><\/a>F\u00fcr die sch\u00e4tzungsweise null Leser*innen, die sich vielleicht gefragt haben, was in der Zwischenzeit so passiert ist, wie es mir ergeht, ob ich gut angekommen bin und warum ich so lange nichts mehr geschrieben habe. Einen kulturweit-Blog verspricht sie uns, und dann endet er mit guten W\u00fcnschen der Vorg\u00e4ngerin, endet an der Stelle, wo es erst anf\u00e4ngt, richtig interessant zu werden!<\/p>\n<p>Tja, das hat folgenden Grund: Mein kulturweit ist geendet an der Stelle, wo es anfing, erst richtig interessant zu werden. Und zwar mit folgender eMail:<\/p>\n<p><strong>Sent: Thu 12.3.2020 10:33<\/strong><br \/>\n<strong>From: freiwillige<span class=\"\">@kulturweit.d<\/span>e<\/strong><br \/>\n<strong>Betreff: Sofortiger Stopp aller kulturweit-Ausreisen<\/strong><\/p>\n<p><span style=\"color: #000080\">Liebe Freiwillige,<\/span><\/p>\n<p><span style=\"color: #000080\">angesichts der stetigen Versch\u00e4rfung der Situation haben wir gemeinsam mit den Partner und dem Ausw\u00e4rtigen Amt die Entscheidung getroffen, alle Ausreisen sofort abzusagen.<\/span><\/p>\n<p><span style=\"color: #000080\">Bitte sagen Sie sofort alle Reisepl\u00e4ne ab. Wenn Sie bereits losgefahren sind, kehren Sie um.<\/span><\/p>\n<p><span style=\"color: #000080\">Die Entscheidung ist uns nicht leicht gefallen, allerdings ist sie im Moment die einzig verantwortliche f\u00fcr alle Betroffenen: f\u00fcr Sie, die Einsatzstellen und Ihre Gastl\u00e4nder. Die Situation in den vergangenen Tagen hat sich so un\u00fcbersichtlich entwickelt &#8211; Schulschlie\u00dfungen, Einreisesperren, Flugabsagen, unklaren Quarant\u00e4neregelungen etc., dass wir uns zu diesem Schritt entscheiden mussten.<\/span><\/p>\n<p><span style=\"color: #000080\">Wir informieren die Partner und die Einsatzstellen.<\/span><\/p>\n<p><span style=\"color: #000080\">Mehr Informationen folgen, bitte warten Sie mit R\u00fcckfragen. Alle Freiwilligen die bereits im Ausland sind, werden wir in K\u00fcrze kontaktieren.<\/span><br \/>\n<span style=\"color: #000080\">In Anbetracht der volatilen weltweiten Gesamtsituation gibt es keine andere M\u00f6glichkeit.<\/span><\/p>\n<p><span style=\"color: #000080\">Mit vielen Gr\u00fc\u00dfen &amp; Bleiben Sie gesund<\/span><br \/>\n<span style=\"color: #000080\">Anna Veigel und das kulturweit-Team<\/p>\n<p><a href=\"https:\/\/kulturweit.blog\/minhasp\/files\/2020\/04\/tumblr_oi4ym7lXnT1s297too1_500.jpg\"><img loading=\"lazy\" decoding=\"async\" class=\"size-medium wp-image-61 alignleft\" src=\"https:\/\/kulturweit.blog\/minhasp\/files\/2020\/04\/tumblr_oi4ym7lXnT1s297too1_500-300x385.jpg\" alt=\"\" width=\"300\" height=\"385\" srcset=\"https:\/\/kulturweit.blog\/minhasp\/files\/2020\/04\/tumblr_oi4ym7lXnT1s297too1_500-300x385.jpg 300w, https:\/\/kulturweit.blog\/minhasp\/files\/2020\/04\/tumblr_oi4ym7lXnT1s297too1_500-1x1.jpg 1w, https:\/\/kulturweit.blog\/minhasp\/files\/2020\/04\/tumblr_oi4ym7lXnT1s297too1_500.jpg 500w\" sizes=\"(max-width: 300px) 100vw, 300px\" \/><\/a><\/span><span style=\"color: #000000\">Um es nochmal sehr deutlich zu machen (und auch f\u00fcr mich selber, da ich es nach vier Wochen immer noch nicht ganz durchdrungen habe, weswegen ich auch geflissentlich diesen Blog ignoriert und das dazugeh\u00f6rige Lesezeichen aus meiner Taskleiste gel\u00f6scht habe.)<br \/>\nIch bin nicht in S\u00e3o Paulo.<\/span><br \/>\n<span style=\"color: #000000\">Ich werde auch nicht hinfahren.<\/span><br \/>\n<span style=\"color: #000000\">Stattdessen sitze ich in Bremen auf dem Sofa meiner Mama.<\/span><br \/>\n<span style=\"color: #000000\">Mein kulturweit-Vertrag endet in zehn Tagen. (Und ich kann froh sein, dass sich seit der Absage der ein oder andere Sachverhalt gekl\u00e4rt hat und ich nicht mehr, wie an Tag Null, so ganz ohne Studierendenstatus, Krankenkasse, Kindergeld, Job, Wohnung oder Plan dastehe.)<br \/>\n<\/span><br \/>\n<span style=\"color: #000000\">Ich war genau zwei Monate lang Freiwillige und habe es gerade so eben zum gepackten Koffer und zum leerger\u00e4umten Zimmer geschafft. Meine Mutter sa\u00df im Zug zu mir nach Hamburg, um\u00a0mit mir Abschied zu feiern,\u00a0als ich ihr und all meinen wichtigen Kontakten ohne einen weiteren Kommentar den Screenshot der eMail schickte, woraufhin wir ein laut meinem Telefonprotokoll 30-sek\u00fcndiges Gespr\u00e4ch f\u00fchrten, das ungef\u00e4hr so verlief:<\/p>\n<p>&#8222;Ich hab gerade eine Nachricht von dir gekriegt, die ist nicht wahr, oder?&#8220;<br \/>\n&#8222;Doch, f\u00fcrchte schon.&#8220;<br \/>\n&#8222;Hei\u00dft die das, was ich denke, was sie hei\u00dft?&#8220;<br \/>\n&#8222;Jap, f\u00fcrchte schon.&#8220;<br \/>\n&#8222;Ok, ich komm erstmal trotzdem, und dann schauen wir weiter, ok?&#8220;<br \/>\n&#8222;Jau, bis gleich.&#8220;<\/span><\/p>\n<p><span style=\"color: #000000\">Seitdem hat sich eine Menge getan. Ein Haufen Pl\u00e4ne wurden geschmiedet und verworfen, unter anderem der, diesen Blog weiterzuf\u00fchren und ihn zu einem Stattdessen-Blog zu machen. Ich hatte sogar schon ein wahnsinnig originelles Motto: \u201c Quando se fecha uma porta, abre-se uma janela\u201c, schrieb mir meine Betreuerin beim Goethe-Institut, die zugegebenerma\u00dfen sehr lieb ist und es nur gut meinte. Ich habe wohl ein recht sparsames Gesicht gemacht beim Lesen dieser Weisheit, das versprochene Fenster habe ich bislang weder gefunden noch ge\u00f6ffnet.<\/span><br \/>\n<span style=\"color: #000000\">Dieser Blog aber ist heute mit folgenden Worten zur\u00fcck ins Leben gerufen worden, die mir einer meiner liebsten kulturweit-Menschen schrieb: &#8222;Tut irgendwie gut, sowas zu lesen, auch in dieser schwierigen Zeit (&#8230;) Ich freue mich auf deine Berichte:)&#8220; Manchmal braucht es nicht mehr als das.<\/span><br \/>\n<span style=\"color: #000000\">Und ja, es tut gut, zu wissen, dass 200 andere Menschen in derselben Schei\u00dfsituation festsitzen, und es tut unendlich gut, diese Menschen pers\u00f6nlich kennengelernt zu haben, in zehn unvergesslichen Tagen am Werbellinsee beim EInf\u00fchrungsseminar, \u00fcber das ich eigentlich auch hatte berichten wollen, w\u00e4re nicht etwas dazwischengekommen.<\/span><br \/>\n<span style=\"color: #000000\">Aber jetzt.<\/span><br \/>\n<span style=\"color: #000000\">Ich werde das Brasilianische Feuilleton weiterf\u00fchren mit allen B\u00fcchern und Filmen, die ich nun mal als Vorbereitung gelesen und geschaut und zu denen ich mir Notizen gemacht und EIntr\u00e4ge entworfen habe.<\/span><br \/>\n<span style=\"color: #000000\">Ich werde von den Menschen beim Einf\u00fchrungsseminar berichten, von meiner geliebten Homezone, von diesen zehn Menschen, ohne die die letzten Wochen noch sehr viel spa\u00dfloser und frustrierender gewesen w\u00e4ren, als sie letztendlich waren.<\/span><br \/>\n<span style=\"color: #000000\">Ich werde von allen Schnapsideen erz\u00e4hlen, die wir uns in der Zwischenzeit als kulturweit-Alternative ausgedacht haben, von unseren Isolations-Breakdowns, von stundenlangen Skype-Gespr\u00e4chen und Palo-Santo-Gelagen, von to-do-Listen f\u00fcr 2020, bis 2030 und bis zu unserem unvermeidlichen Dahinscheiden (irgendwann in 500 Jahren vielleicht).<\/span><br \/>\n<span style=\"color: #000000\">Ich werde alle Stadien der Wut, der Resignation und der neuen Hoffnung dokumentieren, die es von uns gibt.<\/span><\/p>\n<p><span style=\"color: #000000\">Schei\u00dfegal, ob irgendjemand das liest, aber ich brauche was zu tun und einen Raum f\u00fcr Eigentherapie. Und ich freue mich auf die Blogs aller Freiwilligen, die etwas \u00c4hnliches tun, denn, trotz allem &#8211; sind wir zum Gl\u00fcck nicht allein!<\/span><\/p>\n<p><span style=\"color: #000000\">Soviel zu meinen Pl\u00e4nen und genug f\u00fcr heute. At\u00e9 j\u00e1!<\/span><\/p>\n","protected":false},"excerpt":{"rendered":"<p>F\u00fcr die sch\u00e4tzungsweise null Leser*innen, die sich vielleicht gefragt haben, was in der Zwischenzeit so passiert ist, wie es mir ergeht, ob ich gut angekommen bin und warum ich so lange nichts mehr geschrieben habe. Einen kulturweit-Blog verspricht sie uns, und dann endet er mit guten W\u00fcnschen der Vorg\u00e4ngerin, endet an der Stelle, wo es [&hellip;]<\/p>\n","protected":false},"author":2833,"featured_media":0,"comment_status":"open","ping_status":"open","sticky":false,"template":"","format":"standard","meta":{"footnotes":""},"categories":[114,65,587,159260,579],"tags":[],"class_list":["post-55","post","type-post","status-publish","format-standard","hentry","category-freiwillige","category-kulturweit","category-nachrichten","category-ueberforderung","category-zuhause"],"amp_enabled":true,"_links":{"self":[{"href":"https:\/\/kulturweit.blog\/minhasp\/wp-json\/wp\/v2\/posts\/55"}],"collection":[{"href":"https:\/\/kulturweit.blog\/minhasp\/wp-json\/wp\/v2\/posts"}],"about":[{"href":"https:\/\/kulturweit.blog\/minhasp\/wp-json\/wp\/v2\/types\/post"}],"author":[{"embeddable":true,"href":"https:\/\/kulturweit.blog\/minhasp\/wp-json\/wp\/v2\/users\/2833"}],"replies":[{"embeddable":true,"href":"https:\/\/kulturweit.blog\/minhasp\/wp-json\/wp\/v2\/comments?post=55"}],"version-history":[{"count":3,"href":"https:\/\/kulturweit.blog\/minhasp\/wp-json\/wp\/v2\/posts\/55\/revisions"}],"predecessor-version":[{"id":62,"href":"https:\/\/kulturweit.blog\/minhasp\/wp-json\/wp\/v2\/posts\/55\/revisions\/62"}],"wp:attachment":[{"href":"https:\/\/kulturweit.blog\/minhasp\/wp-json\/wp\/v2\/media?parent=55"}],"wp:term":[{"taxonomy":"category","embeddable":true,"href":"https:\/\/kulturweit.blog\/minhasp\/wp-json\/wp\/v2\/categories?post=55"},{"taxonomy":"post_tag","embeddable":true,"href":"https:\/\/kulturweit.blog\/minhasp\/wp-json\/wp\/v2\/tags?post=55"}],"curies":[{"name":"wp","href":"https:\/\/api.w.org\/{rel}","templated":true}]}}