{"id":49,"date":"2020-02-23T17:01:15","date_gmt":"2020-02-23T16:01:15","guid":{"rendered":"https:\/\/kulturweit.blog\/minhasp\/?p=49"},"modified":"2020-02-23T17:01:15","modified_gmt":"2020-02-23T16:01:15","slug":"tzelin-teilt-ihre-beruhigungsspritze","status":"publish","type":"post","link":"https:\/\/kulturweit.blog\/minhasp\/2020\/02\/23\/tzelin-teilt-ihre-beruhigungsspritze\/","title":{"rendered":"Tzelin teilt ihre Beruhigungsspritze"},"content":{"rendered":"<p><em>Fl\u00fcge gebucht, Visum erhalten, Zimmer klargemacht, Untermieterin gefunden, mehr oder weniger hinter mir aufger\u00e4umt: Es scheint fast, als w\u00fcrde ich in genau einer Woche schon in Berlin beim Einf\u00fchrungsseminar herumeiern und keine zwei Wochen sp\u00e4ter &#8211; LOSFLIEGEN. Ich erspare mir jetzt die verwirrte Suche nach der verschwundenen Zeit und versuche mich darauf zu konzentrieren, was ich bislang im Trubel des neuen Jahres, mehrerer Jobs und dem Abschluss meines Studiums vollst\u00e4ndig vernachl\u00e4ssigt habe: mich mental vorbereiten. Nat\u00fcrlich kann man die to-do-Listen im Griff und die Deadlines im Auge haben, sich ohne gr\u00f6\u00dfere Nervenzusammenbr\u00fcche um die Logistik k\u00fcmmern und\u00a0 allm\u00e4hlich vom Freundeskreis und den Gro\u00dfeltern verabschieden, aber das alles n\u00fctzt nichts f\u00fcr das stetig wachsende Gef\u00fchl von Kontrollverlust, das sich in meinem Kopf und meinem Herz ausbreitet, wenn ich merke, wie wenig ich mich eigentlich mit dem auseinandergesetzt habe, was auf mich zukommt, und wie wenig ich absch\u00e4tzen kann, was mich erwartet, was von mir erwartet wird, was ich von mir erwarte.<\/p>\n<p><\/em><em>Auch in weiser Voraussicht auf die n\u00e4chsten Kohorten ver\u00e4ngstigter Kulturweitler, die in ferner Zukunft vielleicht \u00fcber diesen Blog stolpern und zwischen Filmrezensionen und Gedichtschnipseln nach irgendetwas Hilfreichem forsten, m\u00f6chte ich eine originale eMail-Korrespondenz meiner wunderbaren Vorg\u00e4ngerin am Goethe-Institut und mir mit euch teilen. Ich hatte eigentlich nur gefragt, wie viel Miete sie zahlt, und bekam auf meinen Dreizeiler zwei\u00a0 wundervolle, ellenlange eMails zur\u00fcck, die meine Stressfaktoren Nr. 1, 2, 7, 15 und 34 sang- und klanglos in Luft aufgel\u00f6st haben &#8211; gerade die, die ich nicht selber im Vorhinein positiv beeinflussen konnte. Ich war und bin unglaublich dankbar f\u00fcr diese herzliche, zugewandte Hilfe und Unterst\u00fctzung und hoffe, dass sowohl die praktischen Infos als auch die verbalen Beruhigungsmittel auch noch weiteren Leuten zugutekommen. Achja &#8211; sobald wir\u00a0 in derselben Stadt sind, bekommt sie mindestens drei DANKE-Biere oder -Kaffees ausgegeben!<\/em><\/p>\n<p><strong>Sent:<\/strong> Wednesday, January 22, 2020 4:21 PM<br \/>\n<strong>To:<\/strong> C\u00e9line Schneidewind<br \/>\n<strong>Subject:<\/strong> AW: Zimmer :)<\/p>\n<p><span style=\"color: #000080\">Hi Hi C\u00e9line,<\/span><\/p>\n<p><span style=\"color: #000080\">Na klar, kann man noch ein sch\u00f6nes Neues w\u00fcnschen, finde ich \u2013 Also Frohes Neues! :) <\/span><br \/>\n<span style=\"color: #000080\">(&#8230;) Die Frage nach dem Budget ist eine sehr wichtige und durchaus sehr berechtigte Frage. Diese habe ich meiner Vorg\u00e4ngerin auch gestellt, muss aber sagen, obwohl sie mir eine wirklich sehr liebe Mail geschrieben hat, war ich am Ende etwas \u00fcberrumpelt von den Kosten, daher versuche ich dir alles bestm\u00f6glichst aufzulisten. Tut mir Leid, wenn ich dich mit Text \u00fcberschwemme, aber so kannst du dich vielleicht schon etwas auf die Zeit hier eingrooven. Ich \u00fcberschlage den Wechselkurs Reais \u2013 Eur immer auf 4,5, schau gerne mal nach dem genauen Wechselkurs ;).<\/span><\/p>\n<p><span style=\"color: #000080\"><strong>Miete:<\/strong><\/span><br \/>\n<span style=\"color: #000080\">(&#8230;) \u00dcberweisungskosten in das Ausland sind unversch\u00e4mt hoch, vermeide das einfach. Ich bezahle alles bar oder per Kreditkarte, denn daf\u00fcr fallen keine Geb\u00fchren an. Bei der Bank hier um die Ecke kannst du sogar kostenfrei Geld mit der Kreditkarte abheben. Falls du die Kreditkarte bei Sparkasse, Volksbank oder Co. hast, kannst du deinem Ansprechpartner dort, deinen Aufenthalt in Brasilien mitteilen. Auf diese Weise verhinderst du wom\u00f6glich, dass die Karte unangek\u00fcndigt aus einer Sicherheitsma\u00dfnahme heraus gesperrt wird. Ich habe die Visa-Karte von der DKB und bin super zufrieden.<\/span><\/p>\n<p><span style=\"color: #000080\"><strong>Transport:<\/strong><\/span><br \/>\n<span style=\"color: #000080\">Installiere dir Uber, es ist nicht nur praktisch, sondern auch g\u00fcnstig hier. Ich behaupte nun mal, dass du f\u00fcr viele Trips in die Innenstadt mit Uber um die 13-25 BRL bezahlen wirst (SP ist gro\u00df, daher kommt es nat\u00fcrlich an, welche Strecke du zur\u00fccklegen wirst). Da du zum Institut laufen kannst, f\u00e4llt dabei nicht tagt\u00e4glich Kosten f\u00fcr dich an. F\u00fcr Trips mit dem Bus oder Metro wird dich jedoch auch eine Fahrt nur 4,30 BRL kosten, also unter einen Euro. Zweiter App Tipp, installiere dir Moovit, so kommst du super mit den \u00d6ffis im Gro\u00dfstadtdschungel \u00fcberall hin.<\/span><br \/>\n<span style=\"color: #000080\">Fernbusse f\u00fcr eventuelle Reisen sind auch sehr erschwinglich und gut zu buchen.<\/span><\/p>\n<p><span style=\"color: #000080\"><strong>Lebensmittel:<\/strong><\/span><br \/>\n<span style=\"color: #000080\">Jaaa mhh, die doch hohen Kosten im Supermarkt haben mich zugegebenerma\u00dfen \u00fcberrascht. Dienstleistungen sind hier g\u00fcnstig, jedoch Supermarkt ist einen mini-Ticken teuerer als in Deutschland, w\u00fcrde ich behaupten. Unglaublich leckere Fr\u00fcchte und Gem\u00fcse sind g\u00fcnstig, alles andere kann schon etwas teuerer sein. Liegt jedoch aber auch an unserer super Lage hier in Pinheiros. In \u00e4rmeren Viertel kann man bestimmt auch sparen. Meine Tipps f\u00fcr die Umgebung hier:<\/span><\/p>\n<p><span style=\"color: #000080\">TOP: Mercardo Municipal Pinheiros, P\u00e3o de A\u00e7\u00facar (dort mache ich meinen normalen Einkauf, Rewe\/Edeka-\u00e4hnlich), in verschiedenen Abst\u00e4nden finden auch Feiras Livres (Stra\u00dfenm\u00e4rkte) hier statt, einfach mal nach Zeiten und Standorten googeln.<\/span><br \/>\n<span style=\"color: #000080\">OK: Dia (ist etwas die Aldi, Lidl-Variante nur in schlechter :D Dort kann aber super so Basics wie Reis, Nudeln, bla kaufen)<\/span><br \/>\n<span style=\"color: #000080\">Ich w\u00fcrde Oba HortiFruti meiden, viiiiiiiiel zu teuer :D<\/span><br \/>\n<span style=\"color: #000080\">Aber finde einfach selbst raus, was dir gef\u00e4llt. Dazu erg\u00e4nzend gibt es nat\u00fcrlich noch kleinere Gesch\u00e4fte, tolle B\u00e4ckereien und alles weitere.<\/span><\/p>\n<p><span style=\"color: #000080\">Mit allem (ab und zu Mittags essen gehen, Einkauf) w\u00fcrde ich sagen, dass du etwa 200-250 EUR rechnen musst. Nat\u00fcrlich sssseehr \u00fcberschlagen und schwierig zu sagen, da jede Person da anders ist, jeder Monat mal anders ist, jedoch sollte man diesen Kostenfaktor nicht untersch\u00e4tzen.<\/span><\/p>\n<p><span style=\"color: #000080\"><strong>Freizeit:<\/strong><\/span><br \/>\n<span style=\"color: #000080\">Theater und Museen sind eher g\u00fcnstig und es gibt viele Konzerte und Kulturangebote umsonst. Da kannst du dir viel anschauen :)! Kino, Clubg\u00e4nge oder Shopping sind wiederum etwa gleich teuer.\u00a0<\/span><span style=\"color: #000080\">(&#8230;)<\/span><\/p>\n<p><span style=\"color: #000080\">Uff das war nun viel Text. Ich glaube ich m\u00f6chte dir bereits auf der Schriftform etwas Begeisterung mitschicken ;).<\/span><br \/>\n<span style=\"color: #000080\">Lass mich wissen, wenn du noch Fragen hast. (&#8230;)<\/span><\/p>\n<p><span style=\"color: #000080\">Beijo<\/span><br \/>\n<span style=\"color: #000080\">M.<\/span><\/p>\n<p><strong>Von:<\/strong> C\u00e9line Schneidewind<br \/>\n<strong>Gesendet:<\/strong> Sonntag, 2. Februar 2020 10:47<br \/>\n<strong>Betreff:<\/strong> RE: Zimmer :)<\/p>\n<p><span style=\"color: #800000\">Liebe M.,<\/span><\/p>\n<p><span style=\"color: #800000\">oh man, du entschuldigst dich, wenn du zwei Tage zum Antworten brauchst, und ich brauche mal eben zehn\u2026 tut mir wirklich sehr leid, ich hatte saum\u00e4\u00dfig viel um die Ohren!<\/span><\/p>\n<p><span style=\"color: #800000\">Vielen, vielen, herzlichen, fetten Dank f\u00fcr diese ausf\u00fchrliche, beruhigende und Vorfreude stiftende eMail, und lass es dir blo\u00df nicht einfallen, dich daf\u00fcr zu entschuldigen, dass sie so lang ist (; zumal ich tats\u00e4chlich eigentlich nur die Miete erfragen wollte! :D Aber im Ernst: es hat mir sehr viel Spa\u00df und Freude gemacht, sie zu lesen, und ich bin mir sicher, dass ich auf alle diese vielen Informationen noch dankbar zur\u00fcckgreifen werde. (Au\u00dferdem habe ich sie zu Beruhigungszwecken meiner Mutter weitergeleitet und es hat funktioniert \u2013 vielen Dank also auch daf\u00fcr). Das klingt alles wirklich wundervoll, und ich freu mich schon sehr!<\/span><\/p>\n<p><span style=\"color: #800000\">Wo du dir nun schon die M\u00fche gemacht hast, mir so viel zu erkl\u00e4ren, habe ich tats\u00e4chlich die eine oder andere kleine R\u00fcckfrage\u2026 ich habe von vielen Seiten geh\u00f6rt, dass Uber und \u00d6vis nicht die beste und sicherste Idee sind \u2013 h\u00e4ltst du das f\u00fcr Quatsch? Ich w\u00fcrde dir da im Zweifel sehr viel mehr trauen als irgendwelchen vermeintlichen Brasilien-Expert*innen, to be honest. (&#8230;)<\/span><\/p>\n<p><span style=\"color: #800000\">Gleich im Anschluss daran meine eigentlich dringendste Frage: wie gut konntest du Portugiesisch, als du in S\u00e3o Paulo ankamst, und wie viel davon benutzt man tats\u00e4chlich bei der Arbeit im Goethe-Institut?<\/span><\/p>\n<p><span style=\"color: #800000\">Ich frage deshalb so \u00e4ngstlich, weil ich zwar offiziell auf B1.2-Niveau bin, aber nach monatelangem Schweigen wirklich EXTREM eingerostet (eher so A2). Ich glaube zwar schon, dass ich schnell wieder reinkommen und dann auch fix dazulernen werde, aber ich habe ein bisschen Horror vor den ersten Tagen und davor, mich ma\u00dflos zu blamieren und \u00fcberhaupt nicht zurechtzufinden. Wie war das bei dir?<\/span><\/p>\n<p><span style=\"color: #800000\">Ich danke dir von Herzen f\u00fcr deine wunderbare Vorab-\u201eBetreuung\u201c und die ausf\u00fchrlichen Antworten auf meine endlose Fragerei\u2026 wirklich, das ist eine Riesenhilfe!<\/span><\/p>\n<p><span style=\"color: #800000\">Hab ein paar wundersch\u00f6ne letzte Wochen und nicht allzu viel Herzschmerz beim Abschied \u2013<\/span><br \/>\n<span style=\"color: #800000\">Beijo,<\/span><br \/>\n<span style=\"color: #800000\">C\u00e9line<\/span><\/p>\n<p><strong>Sent:<\/strong> Monday, February 3, 2020 7:34 PM<br \/>\n<strong>To:<\/strong> C\u00e9line Schneidewind<br \/>\n<strong>Subject:<\/strong> AW: Zimmer :)<\/p>\n<p><span style=\"color: #000080\">Oi C\u00e9line,<\/span><br \/>\n<span style=\"font-size: 14px;color: #000080\">(&#8230;) Lieben Gru\u00df auch an Mama, sie hat berechtigte Sorgen, die ich aber gr\u00f6\u00dftenteils ausradieren kann. Wie in jeder (Gro\u00df-)Stadt, muss man etwas auf das Bauchgef\u00fchl h\u00f6ren und gewisse Regeln beachten, d.h. in einer vollgestopften Metrobahn w\u00fcrde ich auch in Hamburg nicht mein Handy unbedingt in meine Po-Hosentasche unbeachtet stecken oder meine 100 Euro f\u00fcr alle sichtbar z\u00e4hlen. Ansonsten ist man, wie gesagt besonders hier im Viertel, aber auch sonst recht sicher in SP unterwegs. Auch wenn ich hier alleine als M\u00e4del unterwegs war, ist mir nie etwas Unangenehmes oder Bl\u00f6des passiert, auch alle meine Wertsachen sind noch nach 5 Monaten bei mir. Auch beim Reisen in Brasilien kann ich das so best\u00e4tigen.\u00a0<\/span><\/p>\n<p><span style=\"color: #000080\">Ich habe von irgendeiner Ecke mal geh\u00f6rt, dass man auch aufpassen muss, wann und wo man sein Smartphone heraus holt. Auch das kann ich aus meiner Erfahrung keinesfalls so best\u00e4tigen, denn hier hat jeder \u00fcberall sein Handy in der Hand und jeder besitzt eins. Vielleicht war das mal vor 10 Jahren ein Problem, als Smartphones noch ein \u201eneues Ding\u201c war und nicht so erschwinglich. Aber du kannst beruhigt, dein Handy heraus holen. <\/span><\/p>\n<p><span style=\"color: #000080\">Dass \u00d6ffis und\/oder Uber unsicher sein sollte, ist nun sehr neu f\u00fcr mich und ist wirklich nicht so. Uber hat sogar einige Sicherheitsvorrichtungen von sich aus eingestellt: D.h. du siehst Informationen zu Fahrer und Fahrzeug, so dass du nicht in das falsche Auto einsteigen kannst und bereits etwas \u00fcber Fahrer und seine Fahr-Erfahrungen kennenlernen kannst. Au\u00dferdem kannst du jederzeit die Strecke mitverfolgen, so dass du jede Abweichung sofort bemerken w\u00fcrdest. Zus\u00e4tzlich kannst du noch deine Fahrt live an Freunde\/Familie teilen, so dass die auch Abweichungen merken w\u00fcrden. Wenn mich nicht alles t\u00e4uscht, gibt es sogar einen \u201eNotknopf\u201c an die Uber-Zentrale in der App. Die Autos sind auch alle gut in Schuss und es wird wert darauf gelegt, dass du dich anschnallst. Ich habe wirklich, weder hier noch anderenorts, Schlechtes \u00fcber Uber geh\u00f6rt.<\/span><\/p>\n<p><span style=\"color: #000080\">Und nun zu den \u00d6ffis: Die Metro hier ist sehr gut \u00fcberwacht, sehr sauber und recht modern. Die kannst du ohne Bedenken nutzen. Der Metrobetrieb legt auch eine Nachtpause ein, so dass sie zu den vermeintlich unsicheren Stunden gar nicht erst verkehrt. Dann nimm einfach bequem das Uber. Die Busse m\u00f6gen vielleicht etwas chaotisch sein und es ist nicht ganz einfach, die richtige Linie zu finden (deshalb auch die App \u201eMoovit\u201c oder eine andere), aber als unsicher sehe ich die auch nicht an. Die Busfahrer haben manchmal einen Speed drauf aber sonst legen sie keine gef\u00e4hrliche Fahrman\u00f6ver hin und von Unf\u00e4llen habe ich auch noch nichts geh\u00f6rt.<\/span><\/p>\n<p><span style=\"color: #000080\">Hihi meine Portugiesisch-Kenntnisse waren bei A0 als ich her kam &#8211; Du bist mir also um einiges voraus ;)!<\/span><br \/>\n<span style=\"color: #000080\">Also keine Sorge, denn du wirst hier mit einem Handkuss empfangen, wenn du schon Kenntnisse mitbringst. Blamieren wirst du dich keinesfalls, denn auch ich musste mich erst durchboxen und das hat jeder mit Geduld hingenommen. Du wirst hier manchmal in das kalte Wasser geschmissen, aber eigentlich bekommst du keine Aufgaben, die du nicht auf deinem Portugiesisch l\u00f6sen k\u00f6nntest. Ich habe dadurch gute Vorschritte gemacht und \u00fcbernehme auch ein paar Aufgaben, wo die Kommunikation dann nur \u00fcber Portugiesisch l\u00e4uft. Viele Kollegen am Goethe (z.B. dein ganzes Team in der Programmabteilung) k\u00f6nnen Deutsch, auch wenn sie sich freuen, wenn du Portugiesisch sprichst. Teammeetings laufen aber beispielsweise auch auf Deutsch ab. Also kurzum: Keine Sorge! Du bist auf einem sehr guten Weg, wenn du bereits sogar Vorkenntnisse mitbringst J.<\/span><\/p>\n<p><span style=\"color: #000080\">Lass mich wissen, wenn ich dir vorab noch Sorgen oder Fragen abnehmen kann. Ich kann die Fragerei ja mehr als gut verstehen, wir sitzen ja alle in einem Boot.<\/span><br \/>\n<span style=\"color: #000080\">Ich\u00a0<span style=\"font-family: 'Open Sans', sans-serif;font-size: 14px;font-style: normal;font-weight: 400\">versuche derweil mein Abschieds-Herzschmerz etwas zu lindern und dr\u00fccke dir weiterhin die Daumen f\u00fcr das Visum.<\/span><\/span><\/p>\n<p><span style=\"font-family: 'Open Sans', sans-serif;font-size: 14px;font-style: normal;font-weight: 400;color: #000080\">Beijo e um abra\u00e7o<\/span><br \/>\n<span style=\"font-family: 'Open Sans', sans-serif;font-size: 14px;font-style: normal;font-weight: 400;color: #000080\">M.<\/span><\/p>\n","protected":false},"excerpt":{"rendered":"<p>Fl\u00fcge gebucht, Visum erhalten, Zimmer klargemacht, Untermieterin gefunden, mehr oder weniger hinter mir aufger\u00e4umt: Es scheint fast, als w\u00fcrde ich in genau einer Woche schon in Berlin beim Einf\u00fchrungsseminar herumeiern und keine zwei Wochen sp\u00e4ter &#8211; LOSFLIEGEN. Ich erspare mir jetzt die verwirrte Suche nach der verschwundenen Zeit und versuche mich darauf zu konzentrieren, was [&hellip;]<\/p>\n","protected":false},"author":2833,"featured_media":0,"comment_status":"open","ping_status":"open","sticky":false,"template":"","format":"standard","meta":{"footnotes":""},"categories":[690,114,332,65,31,579],"tags":[],"class_list":["post-49","post","type-post","status-publish","format-standard","hentry","category-ankommen","category-freiwillige","category-goethe","category-kulturweit","category-vorbereitung","category-zuhause"],"amp_enabled":true,"_links":{"self":[{"href":"https:\/\/kulturweit.blog\/minhasp\/wp-json\/wp\/v2\/posts\/49"}],"collection":[{"href":"https:\/\/kulturweit.blog\/minhasp\/wp-json\/wp\/v2\/posts"}],"about":[{"href":"https:\/\/kulturweit.blog\/minhasp\/wp-json\/wp\/v2\/types\/post"}],"author":[{"embeddable":true,"href":"https:\/\/kulturweit.blog\/minhasp\/wp-json\/wp\/v2\/users\/2833"}],"replies":[{"embeddable":true,"href":"https:\/\/kulturweit.blog\/minhasp\/wp-json\/wp\/v2\/comments?post=49"}],"version-history":[{"count":1,"href":"https:\/\/kulturweit.blog\/minhasp\/wp-json\/wp\/v2\/posts\/49\/revisions"}],"predecessor-version":[{"id":50,"href":"https:\/\/kulturweit.blog\/minhasp\/wp-json\/wp\/v2\/posts\/49\/revisions\/50"}],"wp:attachment":[{"href":"https:\/\/kulturweit.blog\/minhasp\/wp-json\/wp\/v2\/media?parent=49"}],"wp:term":[{"taxonomy":"category","embeddable":true,"href":"https:\/\/kulturweit.blog\/minhasp\/wp-json\/wp\/v2\/categories?post=49"},{"taxonomy":"post_tag","embeddable":true,"href":"https:\/\/kulturweit.blog\/minhasp\/wp-json\/wp\/v2\/tags?post=49"}],"curies":[{"name":"wp","href":"https:\/\/api.w.org\/{rel}","templated":true}]}}