{"id":1,"date":"2019-12-27T15:58:55","date_gmt":"2019-12-27T14:58:55","guid":{"rendered":"https:\/\/kulturweit.blog\/minhasp\/?p=1"},"modified":"2019-12-28T15:35:37","modified_gmt":"2019-12-28T14:35:37","slug":"hallo-welt","status":"publish","type":"post","link":"https:\/\/kulturweit.blog\/minhasp\/2019\/12\/27\/hallo-welt\/","title":{"rendered":"Goddayum"},"content":{"rendered":"<p>Ein lakonischer erster Eintrag ohne viel Inhalt, bis auf den Ausdruck meiner allgemeinen \u00dcberforderung, meine langsam keimenden Vorfreude, die vermutlich im Laufe der Zeit so grenzenlos wird wie das Betonmeer, in das ich ziehen werde, und ein Zitat, das h\u00fcbsch und passend ist und vorgibt, ich k\u00f6nnte wer wei\u00df wie toll Portugiesisch &#8211; mein geliebter Portugal-Nationaldichter, nicht Cam\u00f5es, sondern dieser merkw\u00fcrdig pluralistische Eigenbr\u00f6tler namens Pessoa&#8230;<\/p>\n<p style=\"text-align: center\"><strong>A vida \u00e9 o que fazemos dela. As viagens s\u00e3o os viajantes. O que vemos n\u00e3o \u00e9 o que vemos, sen\u00e3o o que somos.<\/strong><\/p>\n","protected":false},"excerpt":{"rendered":"<p>Ein lakonischer erster Eintrag ohne viel Inhalt, bis auf den Ausdruck meiner allgemeinen \u00dcberforderung, meine langsam keimenden Vorfreude, die vermutlich im Laufe der Zeit so grenzenlos wird wie das Betonmeer, in das ich ziehen werde, und ein Zitat, das h\u00fcbsch und passend ist und vorgibt, ich k\u00f6nnte wer wei\u00df wie toll Portugiesisch &#8211; mein geliebter [&hellip;]<\/p>\n","protected":false},"author":2833,"featured_media":0,"comment_status":"open","ping_status":"open","sticky":false,"template":"","format":"standard","meta":{"footnotes":""},"categories":[21,159259,81,159260],"tags":[],"class_list":["post-1","post","type-post","status-publish","format-standard","hentry","category-allgemein","category-poesia","category-sprache","category-ueberforderung"],"amp_enabled":true,"_links":{"self":[{"href":"https:\/\/kulturweit.blog\/minhasp\/wp-json\/wp\/v2\/posts\/1"}],"collection":[{"href":"https:\/\/kulturweit.blog\/minhasp\/wp-json\/wp\/v2\/posts"}],"about":[{"href":"https:\/\/kulturweit.blog\/minhasp\/wp-json\/wp\/v2\/types\/post"}],"author":[{"embeddable":true,"href":"https:\/\/kulturweit.blog\/minhasp\/wp-json\/wp\/v2\/users\/2833"}],"replies":[{"embeddable":true,"href":"https:\/\/kulturweit.blog\/minhasp\/wp-json\/wp\/v2\/comments?post=1"}],"version-history":[{"count":2,"href":"https:\/\/kulturweit.blog\/minhasp\/wp-json\/wp\/v2\/posts\/1\/revisions"}],"predecessor-version":[{"id":29,"href":"https:\/\/kulturweit.blog\/minhasp\/wp-json\/wp\/v2\/posts\/1\/revisions\/29"}],"wp:attachment":[{"href":"https:\/\/kulturweit.blog\/minhasp\/wp-json\/wp\/v2\/media?parent=1"}],"wp:term":[{"taxonomy":"category","embeddable":true,"href":"https:\/\/kulturweit.blog\/minhasp\/wp-json\/wp\/v2\/categories?post=1"},{"taxonomy":"post_tag","embeddable":true,"href":"https:\/\/kulturweit.blog\/minhasp\/wp-json\/wp\/v2\/tags?post=1"}],"curies":[{"name":"wp","href":"https:\/\/api.w.org\/{rel}","templated":true}]}}