{"id":28,"date":"2011-04-05T19:10:12","date_gmt":"2011-04-05T17:10:12","guid":{"rendered":"https:\/\/kulturweit.blog\/matthiaskannkeinlettisch\/?p=28"},"modified":"2011-04-05T19:10:12","modified_gmt":"2011-04-05T17:10:12","slug":"matthias-in-der-schokoladenfabrik-2","status":"publish","type":"post","link":"https:\/\/kulturweit.blog\/matthiaskannkeinlettisch\/2011\/04\/05\/matthias-in-der-schokoladenfabrik-2\/","title":{"rendered":"Matthias in der Schokoladenfabrik"},"content":{"rendered":"<p>Ein kleiner Nachtrag zu meinem Artikel zum Essensthema. Ich hatte das   unglaubliche Gl\u00fcck mit meinen B\u00fcrokollegen und der kompletten   \u00d6ffentlichkeitsabteilung der TU Riga in die Laima-Schokoladenfabrik zu   fahren. Ja, ihr meint erstaunt sein aber hier gibt es nicht nur   unglaublich schmackhafte Quarkbrocken sondern auch Schokolade.<\/p>\n<p>Und es gab alles, was zu einer F\u00fchrung in einer Schokoladenfabrik   dazugeh\u00f6rt. Das hei\u00dft nat\u00fcrlich auch Gratiskostproben. Sehr sehr gut!!!   Das f\u00fchrte dazu, dass uns bereits am Anfang der F\u00fchrung schlecht war.   Daher hatten wir w\u00e4hrend der gesamten restlichen Zeit ein flaues Gef\u00fchl   im Magen, was durch den Kakaogeruch und die Temperaturen in der Fabrik   noch verst\u00e4rkt wird. Ich m\u00f6chte ja eigentlich keine Tr\u00e4ume zerst\u00f6ren   aber Freunde das ist definitiv nicht der Traumarbeitsplatz.<\/p>\n<p>Bevor jetzt eurerseits Vorurteile gegen\u00fcber den Zust\u00e4nden in   osteurop\u00e4ischen Lebensmittelfabriken aufkommen, muss ich   dazwischengr\u00e4tschen. Die Produktionsst\u00e4tten waren wie auch die   Mitarbeiterhygiene in tadellosen Zustand (sonst w\u00fcrden sie wohl auch   kaum F\u00fchrungen zulassen) nur allein das Geb\u00e4ude l\u00e4sst zu w\u00fcnschen \u00fcbrig.   An der Laima-Fabrik kann man sehr gut die Wellenbewegungen der   lettischen Wirtschaft verfolgen. Eine neue Fabrik ist schon seit Jahren   in Planung aber immer wenn es so aussieht, dass genug Geld da ist,   trifft eine Rezession die heimische Wirtschaft und die Pl\u00e4ne m\u00fcssen auf   Eis gelegt werden. Da hilft nur eins Freunde: Vergesst Milka! Vergesst   Schogetten! Vergesst Ritter Sport! Kauft LAIMA!!!<\/p>\n<p>Aber dennoch ein gro\u00dfartiges Erlebnis! Ich und mein Blutzuckerspiegel   hatten ein pers\u00f6nliches Hoch und mein Magen ein pers\u00f6nliches Tief.  Aber  was tut man nicht alles f\u00fcr kulturelle Erfahrungen?!<\/p>\n<p>Ach ja, ich habe wirklich in jede Ecke gesehen, jeden Schrank   aufgemacht und jeden befragt aber es gab keine Umpa Lumpas und keinen   Johnny Depp. Glaubt nicht, was euch die westlichen Medien weismachen   wollen. ALLES L\u00dcGE!!!<\/p>\n","protected":false},"excerpt":{"rendered":"<p>Ein kleiner Nachtrag zu meinem Artikel zum Essensthema. Ich hatte das unglaubliche Gl\u00fcck mit meinen B\u00fcrokollegen und der kompletten \u00d6ffentlichkeitsabteilung der TU Riga in die Laima-Schokoladenfabrik zu fahren. Ja, ihr meint erstaunt sein aber hier gibt es nicht nur unglaublich &hellip; <a href=\"https:\/\/kulturweit.blog\/matthiaskannkeinlettisch\/2011\/04\/05\/matthias-in-der-schokoladenfabrik-2\/\">Weiterlesen <span class=\"meta-nav\">&rarr;<\/span><\/a><\/p>\n","protected":false},"author":498,"featured_media":0,"comment_status":"open","ping_status":"open","sticky":false,"template":"","format":"standard","meta":{"footnotes":""},"categories":[21],"tags":[],"class_list":["post-28","post","type-post","status-publish","format-standard","hentry","category-allgemein"],"amp_enabled":true,"_links":{"self":[{"href":"https:\/\/kulturweit.blog\/matthiaskannkeinlettisch\/wp-json\/wp\/v2\/posts\/28"}],"collection":[{"href":"https:\/\/kulturweit.blog\/matthiaskannkeinlettisch\/wp-json\/wp\/v2\/posts"}],"about":[{"href":"https:\/\/kulturweit.blog\/matthiaskannkeinlettisch\/wp-json\/wp\/v2\/types\/post"}],"author":[{"embeddable":true,"href":"https:\/\/kulturweit.blog\/matthiaskannkeinlettisch\/wp-json\/wp\/v2\/users\/498"}],"replies":[{"embeddable":true,"href":"https:\/\/kulturweit.blog\/matthiaskannkeinlettisch\/wp-json\/wp\/v2\/comments?post=28"}],"version-history":[{"count":0,"href":"https:\/\/kulturweit.blog\/matthiaskannkeinlettisch\/wp-json\/wp\/v2\/posts\/28\/revisions"}],"wp:attachment":[{"href":"https:\/\/kulturweit.blog\/matthiaskannkeinlettisch\/wp-json\/wp\/v2\/media?parent=28"}],"wp:term":[{"taxonomy":"category","embeddable":true,"href":"https:\/\/kulturweit.blog\/matthiaskannkeinlettisch\/wp-json\/wp\/v2\/categories?post=28"},{"taxonomy":"post_tag","embeddable":true,"href":"https:\/\/kulturweit.blog\/matthiaskannkeinlettisch\/wp-json\/wp\/v2\/tags?post=28"}],"curies":[{"name":"wp","href":"https:\/\/api.w.org\/{rel}","templated":true}]}}