{"id":90,"date":"2014-08-16T16:33:22","date_gmt":"2014-08-16T14:33:22","guid":{"rendered":"https:\/\/kulturweit.blog\/leonore\/?p=90"},"modified":"2022-03-29T17:04:28","modified_gmt":"2022-03-29T15:04:28","slug":"jahreszeiten","status":"publish","type":"post","link":"https:\/\/kulturweit.blog\/leonore\/2014\/08\/16\/jahreszeiten\/","title":{"rendered":"Jahreszeiten"},"content":{"rendered":"<div id=\"attachment_68\" style=\"width: 310px\" class=\"wp-caption alignleft\"><a href=\"https:\/\/kulturweit.blog\/leonore\/files\/2020\/08\/IMG_3168.jpg\"><img loading=\"lazy\" decoding=\"async\" aria-describedby=\"caption-attachment-68\" class=\"wp-image-68 size-medium\" src=\"https:\/\/kulturweit.blog\/leonore\/files\/2020\/08\/IMG_3168-300x225.jpg\" alt=\"\" width=\"300\" height=\"225\" srcset=\"https:\/\/kulturweit.blog\/leonore\/files\/2020\/08\/IMG_3168-300x225.jpg 300w, https:\/\/kulturweit.blog\/leonore\/files\/2020\/08\/IMG_3168-768x576.jpg 768w, https:\/\/kulturweit.blog\/leonore\/files\/2020\/08\/IMG_3168.jpg 1024w\" sizes=\"(max-width: 300px) 100vw, 300px\" \/><\/a><p id=\"caption-attachment-68\" class=\"wp-caption-text\">Herbst in Taschkent ist die perfekte Zeit zu Reisen: Das Wetter ist wundersch\u00f6n, nicht kalt, fast gar kein Regen, nicht heiss und die Farben der B\u00e4ume und der Sonne sind unschlagbar.<\/p><\/div>\n<div id=\"attachment_83\" style=\"width: 310px\" class=\"wp-caption alignright\"><a href=\"https:\/\/kulturweit.blog\/leonore\/files\/2020\/08\/IMG_4951.jpg\"><img loading=\"lazy\" decoding=\"async\" aria-describedby=\"caption-attachment-83\" class=\"wp-image-83 size-medium\" src=\"https:\/\/kulturweit.blog\/leonore\/files\/2020\/08\/IMG_4951-300x532.jpg\" alt=\"\" width=\"300\" height=\"532\" srcset=\"https:\/\/kulturweit.blog\/leonore\/files\/2020\/08\/IMG_4951-300x532.jpg 300w, https:\/\/kulturweit.blog\/leonore\/files\/2020\/08\/IMG_4951.jpg 577w\" sizes=\"(max-width: 300px) 100vw, 300px\" \/><\/a><p id=\"caption-attachment-83\" class=\"wp-caption-text\">37 Grad geh\u00f6rt zum usbekischen standard Sommer-Wetter<\/p><\/div>\n<p>Usbekistan hat insgesamt ein kontinentales Klima. Es gibt einen verh\u00e4ltnism\u00e4\u00dfigen kalten Winter und einen sehr warmen Sommer, bei ziemlich trockenen Klima (welchesw nicht zuletzt an Haar und Haut sp\u00fcrbar ist :D).<br \/>\nIch kam im September in Taschkent an und es f\u00fchlte sich f\u00fcr mich, als Europ\u00e4erin, ziemlich sommerlich an. Ich packte zun\u00e4chst f\u00fcr ein halbes Jahr, also packte ich Klamotten insbesondere f\u00fcr einen sehr kalten Winter. Es lag zwar den ganz Winter Schnee, aber es f\u00fchlte sich nicht sonderlich kalt an. Insbesondere da in Usbekistan, gef\u00fchlt, das ganze Jahr \u00fcber die Sonne scheint. Die Regen tage des ganzen Jahres, kann ich an meinen Fingern abz\u00e4hlen. Ein gr\u00f6\u00dferes Problem war f\u00fcr mich pers\u00f6nlich tats\u00e4chlich die Hitze in den Sommermonaten und auch die Sonneneinstrahlung im Sommer. Manchmal hatte ich richtig Panik viel Zeit drau\u00dfen zu verbringen, teilweise ging die Temperatur \u00fcber 40 Grad und meine (sehr wei\u00dfe) Haut verbrannte selbst mit hohen Lichtschutzfaktor schnell. Auch die Locals meiden in diesen Monaten drau\u00dfen zu sein und viele Geb\u00e4ude sind mit Klimaanlagen ausgestattet. Mein absolute Lieblingsjahreszeit war der Herbst, denn nicht nur die Temperatur ist zu dieser Zeit perfekt, sondern auch die Farben der Bl\u00e4tter und das goldene Licht der Herbst-Monate war mein absolutes Highlight.<\/p>\n<p>&nbsp;<\/p>\n<p>&nbsp;<\/p>\n<p>&nbsp;<\/p>\n","protected":false},"excerpt":{"rendered":"<p>Usbekistan hat insgesamt ein kontinentales Klima. Es gibt einen verh\u00e4ltnism\u00e4\u00dfigen kalten Winter und einen sehr warmen Sommer, bei ziemlich trockenen Klima (welchesw nicht zuletzt an Haar und Haut sp\u00fcrbar ist :D). Ich kam im September in Taschkent an und es f\u00fchlte sich f\u00fcr mich, als Europ\u00e4erin, ziemlich sommerlich an. Ich packte zun\u00e4chst f\u00fcr ein halbes&#8230;<\/p>\n","protected":false},"author":1423,"featured_media":0,"comment_status":"open","ping_status":"open","sticky":false,"template":"","format":"standard","meta":{"footnotes":""},"categories":[21],"tags":[],"class_list":["post-90","post","type-post","status-publish","format-standard","hentry","category-allgemein"],"amp_enabled":true,"_links":{"self":[{"href":"https:\/\/kulturweit.blog\/leonore\/wp-json\/wp\/v2\/posts\/90"}],"collection":[{"href":"https:\/\/kulturweit.blog\/leonore\/wp-json\/wp\/v2\/posts"}],"about":[{"href":"https:\/\/kulturweit.blog\/leonore\/wp-json\/wp\/v2\/types\/post"}],"author":[{"embeddable":true,"href":"https:\/\/kulturweit.blog\/leonore\/wp-json\/wp\/v2\/users\/1423"}],"replies":[{"embeddable":true,"href":"https:\/\/kulturweit.blog\/leonore\/wp-json\/wp\/v2\/comments?post=90"}],"version-history":[{"count":3,"href":"https:\/\/kulturweit.blog\/leonore\/wp-json\/wp\/v2\/posts\/90\/revisions"}],"predecessor-version":[{"id":133,"href":"https:\/\/kulturweit.blog\/leonore\/wp-json\/wp\/v2\/posts\/90\/revisions\/133"}],"wp:attachment":[{"href":"https:\/\/kulturweit.blog\/leonore\/wp-json\/wp\/v2\/media?parent=90"}],"wp:term":[{"taxonomy":"category","embeddable":true,"href":"https:\/\/kulturweit.blog\/leonore\/wp-json\/wp\/v2\/categories?post=90"},{"taxonomy":"post_tag","embeddable":true,"href":"https:\/\/kulturweit.blog\/leonore\/wp-json\/wp\/v2\/tags?post=90"}],"curies":[{"name":"wp","href":"https:\/\/api.w.org\/{rel}","templated":true}]}}