{"id":112,"date":"2014-08-03T17:05:07","date_gmt":"2014-08-03T15:05:07","guid":{"rendered":"https:\/\/kulturweit.blog\/leonore\/?p=112"},"modified":"2022-03-29T17:37:53","modified_gmt":"2022-03-29T15:37:53","slug":"sprache","status":"publish","type":"post","link":"https:\/\/kulturweit.blog\/leonore\/2014\/08\/03\/sprache\/","title":{"rendered":"Sprache"},"content":{"rendered":"<div id=\"attachment_72\" style=\"width: 310px\" class=\"wp-caption alignleft\"><a href=\"https:\/\/kulturweit.blog\/leonore\/files\/2020\/08\/IMG_3334.jpg\"><img loading=\"lazy\" decoding=\"async\" aria-describedby=\"caption-attachment-72\" class=\"wp-image-72\" src=\"https:\/\/kulturweit.blog\/leonore\/files\/2020\/08\/IMG_3334.jpg\" alt=\"\" width=\"300\" height=\"225\" srcset=\"https:\/\/kulturweit.blog\/leonore\/files\/2020\/08\/IMG_3334.jpg 1024w, https:\/\/kulturweit.blog\/leonore\/files\/2020\/08\/IMG_3334-300x225.jpg 300w, https:\/\/kulturweit.blog\/leonore\/files\/2020\/08\/IMG_3334-768x576.jpg 768w\" sizes=\"(max-width: 300px) 100vw, 300px\" \/><\/a><p id=\"caption-attachment-72\" class=\"wp-caption-text\">Ich, wie immer sehr engagiert, im Sprachunterricht mit meiner Privatlehrerin (wusste nicht, welches Bild ich sonst h\u00e4tte hochladen k\u00f6nnen)<\/p><\/div>\n<p>Die Amtssprache in Usbekistan ist usbekisch, welches eine Turksprache ist. De facto wurde aber an den Veranstaltungen, an denen ich teilnehmen musste (beruflich) sehr viel Russisch gesprochen. Russisch ist nach wie vor sehr wichtig f\u00fcr die akademischen, kulturellen, elit\u00e4ren Kreise Usbekistans.<\/p>\n<p>Nat\u00fcrlich macht das historisch einigen Sinn. W\u00e4hrend der sowjetischen Besetzung Usbekistans, war logischerweise Russisch die Amtssprache, nach dem Zerfall sollte die usbekische Sprache wieder etabliert werden, was sich dann als gar nicht so einfach gestaltete, da viele kulturelle Infrastrukturen (wie die Universit\u00e4ten beispielsweise) duch die Sowjetunion stark gepr\u00e4gt, wenn nicht sogar durch diese erbaut, wurde.<\/p>\n<p>Auch verbindet die russische Sprache, die vielen verschiedenen ethnischen Herk\u00fcnfte der Usbek*innen (ja dort spricht man von Ethnien und diese sogenannte Ethnie steht sogar im Pass der Individuen). So traf ich in Taschkent einige Tatar*innen, Koreaner*innen, Russ*innen, Armenier*innen oder nat\u00fcrlich Menschen mit verschiedenen Migrationshintergr\u00fcnden.<\/p>\n<p>Insgesamt sind mir wenig Menschen begegnet, die gar kein Russisch sprachen (innerhalb der Hauptstadt), doch in St\u00e4dten wie Samarkand und Buchara kam es h\u00e4ufiger vor. Es ist daher wirklich sehr hilfreich die Russisch basics, sowie die kyrillische Schrift zu beherrschen. Es ist allerdings fast unm\u00f6glich nur mit English im Alltag zurecht zukommen. Lediglich die j\u00fcngeren Menschen sprachen teilweise Englisch, oder manchmal sogar Deutsch.<\/p>\n","protected":false},"excerpt":{"rendered":"<p>Die Amtssprache in Usbekistan ist usbekisch, welches eine Turksprache ist. De facto wurde aber an den Veranstaltungen, an denen ich teilnehmen musste (beruflich) sehr viel Russisch gesprochen. Russisch ist nach wie vor sehr wichtig f\u00fcr die akademischen, kulturellen, elit\u00e4ren Kreise Usbekistans. Nat\u00fcrlich macht das historisch einigen Sinn. W\u00e4hrend der sowjetischen Besetzung Usbekistans, war logischerweise Russisch&#8230;<\/p>\n","protected":false},"author":1423,"featured_media":0,"comment_status":"open","ping_status":"open","sticky":false,"template":"","format":"standard","meta":{"footnotes":""},"categories":[21],"tags":[],"class_list":["post-112","post","type-post","status-publish","format-standard","hentry","category-allgemein"],"amp_enabled":true,"_links":{"self":[{"href":"https:\/\/kulturweit.blog\/leonore\/wp-json\/wp\/v2\/posts\/112"}],"collection":[{"href":"https:\/\/kulturweit.blog\/leonore\/wp-json\/wp\/v2\/posts"}],"about":[{"href":"https:\/\/kulturweit.blog\/leonore\/wp-json\/wp\/v2\/types\/post"}],"author":[{"embeddable":true,"href":"https:\/\/kulturweit.blog\/leonore\/wp-json\/wp\/v2\/users\/1423"}],"replies":[{"embeddable":true,"href":"https:\/\/kulturweit.blog\/leonore\/wp-json\/wp\/v2\/comments?post=112"}],"version-history":[{"count":2,"href":"https:\/\/kulturweit.blog\/leonore\/wp-json\/wp\/v2\/posts\/112\/revisions"}],"predecessor-version":[{"id":134,"href":"https:\/\/kulturweit.blog\/leonore\/wp-json\/wp\/v2\/posts\/112\/revisions\/134"}],"wp:attachment":[{"href":"https:\/\/kulturweit.blog\/leonore\/wp-json\/wp\/v2\/media?parent=112"}],"wp:term":[{"taxonomy":"category","embeddable":true,"href":"https:\/\/kulturweit.blog\/leonore\/wp-json\/wp\/v2\/categories?post=112"},{"taxonomy":"post_tag","embeddable":true,"href":"https:\/\/kulturweit.blog\/leonore\/wp-json\/wp\/v2\/tags?post=112"}],"curies":[{"name":"wp","href":"https:\/\/api.w.org\/{rel}","templated":true}]}}