{"id":5784,"date":"2017-03-16T15:04:35","date_gmt":"2017-03-16T13:04:35","guid":{"rendered":"https:\/\/kulturweit.blog\/kulturweit\/?p=5784"},"modified":"2017-03-16T15:04:35","modified_gmt":"2017-03-16T13:04:35","slug":"wettbewerb-der-narrative-zur-globalen-krise-liberaler-erzaehlungen","status":"publish","type":"post","link":"https:\/\/kulturweit.blog\/kulturweit\/2017\/03\/16\/wettbewerb-der-narrative-zur-globalen-krise-liberaler-erzaehlungen\/","title":{"rendered":"Wettbewerb der Narrative: Zur globalen Krise liberaler Erz\u00e4hlungen"},"content":{"rendered":"<p>Das Goethe-Institut, die Heinrich-B\u00f6ll-Stiftung, der Bundesverband der Deutschen Industrie und das K\u00e4te Hamburger Kolleg\/ Centre for Global Cooperation Research laden zu einer Konferenz zum Thema : &#8222;\u201eWettbewerb der Narrative\u201c: Ist die offene Gesellschaft in Gefahr?&#8220; ein.<\/p>\n<p>Datum: Freitag, 24. M\u00e4rz, 18.00 Uhr und Samstag, 25. M\u00e4rz 2017, 10.00 Uhr bis 19.00 Uhr<br \/>\nOrt: Berlin-Brandenburgische Akademie der Wissenschaften, Markgrafenstra\u00dfe 38 (Gendarmenmarkt), 10117 Berlin<\/p>\n<div class=\"text_exposed_show\">\n<p>Der Eintritt ist frei.<br \/>\nEine Anmedlung kann \u00fcber den beigef\u00fcgten Link erfolgen.<br \/>\nDort findet ihr auch das genauer Programm f\u00fcr die beiden Tage.<\/p>\n<\/div>\n<p><a href=\"https:\/\/www.goethe.de\/de\/uun\/ver\/wdn.html?wt_sc=narrative\">Programm und Anmeldung<\/a><\/p>\n","protected":false},"excerpt":{"rendered":"<p>Das Goethe-Institut, die Heinrich-B\u00f6ll-Stiftung, der Bundesverband der Deutschen Industrie und das K\u00e4te Hamburger Kolleg\/ Centre for Global Cooperation Research laden zu einer Konferenz zum Thema : &#8222;\u201eWettbewerb der Narrative\u201c: Ist die offene Gesellschaft in Gefahr?&#8220; ein. Datum: Freitag, 24. M\u00e4rz, 18.00 Uhr und Samstag, 25. M\u00e4rz 2017, 10.00 Uhr bis 19.00 Uhr Ort: Berlin-Brandenburgische Akademie &hellip; <a href=\"https:\/\/kulturweit.blog\/kulturweit\/2017\/03\/16\/wettbewerb-der-narrative-zur-globalen-krise-liberaler-erzaehlungen\/\" class=\"more-link\"><span class=\"screen-reader-text\">Wettbewerb der Narrative: Zur globalen Krise liberaler Erz\u00e4hlungen<\/span> weiterlesen<\/a><\/p>\n","protected":false},"author":13,"featured_media":0,"comment_status":"open","ping_status":"open","sticky":false,"template":"","format":"standard","meta":{"footnotes":""},"categories":[21],"tags":[],"class_list":["post-5784","post","type-post","status-publish","format-standard","hentry","category-allgemein"],"amp_enabled":true,"_links":{"self":[{"href":"https:\/\/kulturweit.blog\/kulturweit\/wp-json\/wp\/v2\/posts\/5784"}],"collection":[{"href":"https:\/\/kulturweit.blog\/kulturweit\/wp-json\/wp\/v2\/posts"}],"about":[{"href":"https:\/\/kulturweit.blog\/kulturweit\/wp-json\/wp\/v2\/types\/post"}],"author":[{"embeddable":true,"href":"https:\/\/kulturweit.blog\/kulturweit\/wp-json\/wp\/v2\/users\/13"}],"replies":[{"embeddable":true,"href":"https:\/\/kulturweit.blog\/kulturweit\/wp-json\/wp\/v2\/comments?post=5784"}],"version-history":[{"count":1,"href":"https:\/\/kulturweit.blog\/kulturweit\/wp-json\/wp\/v2\/posts\/5784\/revisions"}],"predecessor-version":[{"id":5785,"href":"https:\/\/kulturweit.blog\/kulturweit\/wp-json\/wp\/v2\/posts\/5784\/revisions\/5785"}],"wp:attachment":[{"href":"https:\/\/kulturweit.blog\/kulturweit\/wp-json\/wp\/v2\/media?parent=5784"}],"wp:term":[{"taxonomy":"category","embeddable":true,"href":"https:\/\/kulturweit.blog\/kulturweit\/wp-json\/wp\/v2\/categories?post=5784"},{"taxonomy":"post_tag","embeddable":true,"href":"https:\/\/kulturweit.blog\/kulturweit\/wp-json\/wp\/v2\/tags?post=5784"}],"curies":[{"name":"wp","href":"https:\/\/api.w.org\/{rel}","templated":true}]}}