{"id":5757,"date":"2017-01-18T16:17:59","date_gmt":"2017-01-18T14:17:59","guid":{"rendered":"https:\/\/kulturweit.blog\/kulturweit\/?p=5757"},"modified":"2017-01-18T16:17:59","modified_gmt":"2017-01-18T14:17:59","slug":"ausschreibung-des-jugendprogramms-an-goethe-instituten-2017","status":"publish","type":"post","link":"https:\/\/kulturweit.blog\/kulturweit\/2017\/01\/18\/ausschreibung-des-jugendprogramms-an-goethe-instituten-2017\/","title":{"rendered":"Ausschreibung des Jugendprogramms an Goethe-Instituten 2017"},"content":{"rendered":"<p>Liebe Alumni,<\/p>\n<p><span>die Goethe-Institute in Deutschland suchen f\u00fcr ihr Jugendprogramm im Sommer 2017 Mitarbeiterinnen und Mitarbeiter. Ehemalige kulturweit-Freiwillige, die sich in diesem Rahmen als Betreuerin oder Betreuer bei Sprachkursen f\u00fcr Kinder und Jugendliche aus der ganzen Welt engagieren m\u00f6chten, sind herzlich eingeladen sich zu bewerben. Die Goethe-Institute w\u00fcrden sich freuen, m\u00f6glichst viele kulturweit-Alumni im Sommer begr\u00fc\u00dfen zu k\u00f6nnen.<\/span><\/p>\n<p><a href=\"https:\/\/kulturweit.blog\/kulturweit\/files\/2017\/01\/Jugendprogramm.pdf\">Jugendprogramm<\/a> Ausschreibung<\/p>\n<p>Wir w\u00fcnschen euch viel Erfolg,<\/p>\n<p>Euer kulturweit-Team<\/p>\n","protected":false},"excerpt":{"rendered":"<p>Liebe Alumni, die Goethe-Institute in Deutschland suchen f\u00fcr ihr Jugendprogramm im Sommer 2017 Mitarbeiterinnen und Mitarbeiter. Ehemalige kulturweit-Freiwillige, die sich in diesem Rahmen als Betreuerin oder Betreuer bei Sprachkursen f\u00fcr Kinder und Jugendliche aus der ganzen Welt engagieren m\u00f6chten, sind herzlich eingeladen sich zu bewerben. Die Goethe-Institute w\u00fcrden sich freuen, m\u00f6glichst viele kulturweit-Alumni im Sommer &hellip; <a href=\"https:\/\/kulturweit.blog\/kulturweit\/2017\/01\/18\/ausschreibung-des-jugendprogramms-an-goethe-instituten-2017\/\" class=\"more-link\"><span class=\"screen-reader-text\">Ausschreibung des Jugendprogramms an Goethe-Instituten 2017<\/span> weiterlesen<\/a><\/p>\n","protected":false},"author":13,"featured_media":0,"comment_status":"open","ping_status":"open","sticky":false,"template":"","format":"standard","meta":{"footnotes":""},"categories":[21],"tags":[],"class_list":["post-5757","post","type-post","status-publish","format-standard","hentry","category-allgemein"],"amp_enabled":true,"_links":{"self":[{"href":"https:\/\/kulturweit.blog\/kulturweit\/wp-json\/wp\/v2\/posts\/5757"}],"collection":[{"href":"https:\/\/kulturweit.blog\/kulturweit\/wp-json\/wp\/v2\/posts"}],"about":[{"href":"https:\/\/kulturweit.blog\/kulturweit\/wp-json\/wp\/v2\/types\/post"}],"author":[{"embeddable":true,"href":"https:\/\/kulturweit.blog\/kulturweit\/wp-json\/wp\/v2\/users\/13"}],"replies":[{"embeddable":true,"href":"https:\/\/kulturweit.blog\/kulturweit\/wp-json\/wp\/v2\/comments?post=5757"}],"version-history":[{"count":1,"href":"https:\/\/kulturweit.blog\/kulturweit\/wp-json\/wp\/v2\/posts\/5757\/revisions"}],"predecessor-version":[{"id":5759,"href":"https:\/\/kulturweit.blog\/kulturweit\/wp-json\/wp\/v2\/posts\/5757\/revisions\/5759"}],"wp:attachment":[{"href":"https:\/\/kulturweit.blog\/kulturweit\/wp-json\/wp\/v2\/media?parent=5757"}],"wp:term":[{"taxonomy":"category","embeddable":true,"href":"https:\/\/kulturweit.blog\/kulturweit\/wp-json\/wp\/v2\/categories?post=5757"},{"taxonomy":"post_tag","embeddable":true,"href":"https:\/\/kulturweit.blog\/kulturweit\/wp-json\/wp\/v2\/tags?post=5757"}],"curies":[{"name":"wp","href":"https:\/\/api.w.org\/{rel}","templated":true}]}}