{"id":5751,"date":"2016-12-22T12:08:48","date_gmt":"2016-12-22T10:08:48","guid":{"rendered":"https:\/\/kulturweit.blog\/kulturweit\/?p=5751"},"modified":"2016-12-22T12:08:48","modified_gmt":"2016-12-22T10:08:48","slug":"stellenausschreibungen-bei-der-robert-bosch-stiftung","status":"publish","type":"post","link":"https:\/\/kulturweit.blog\/kulturweit\/2016\/12\/22\/stellenausschreibungen-bei-der-robert-bosch-stiftung\/","title":{"rendered":"Stellenausschreibungen bei der Robert Bosch Stiftung"},"content":{"rendered":"<p>Liebe Alumni,<\/p>\n<p>die Robert Bosch Stiftung hat mit dem International Alumni Center ein Kompetenzzentrum f\u00fcr wirkungsorientierte Alumniarbeit gegr\u00fcndet.<\/p>\n<p>Das iac Berlin wird seine T\u00e4tigkeit zum 1. Januar 2017 aufnehmen. F\u00fcr den Aufbau und die Koordination des Bosch Alumni Networks sucht das iac Berlin zum n\u00e4chstm\u00f6glichen Zeitpunkt:<\/p>\n<p><strong>eine Referentin oder einen Referenten f\u00fcr Kommunikation &amp; Community Management<\/strong><\/p>\n<p><a href=\"http:\/\/thechanger.org\/jobs\/international-alumni-center-referent-kommunikation-community-management-berlin\">http:\/\/thechanger.org\/jobs\/international-alumni-center-referent-kommunikation-community-management-berlin<\/a><\/p>\n<p><strong>eine B\u00fcroleitung \/ Assistenz Gesch\u00e4ftsf\u00fchrung<\/strong><\/p>\n<p><a href=\"http:\/\/thechanger.org\/jobs\/International-Alumni-Center-bueroleitung-administrative-assistenz-geschaeftsfuehrer-berlin\">http:\/\/thechanger.org\/jobs\/International-Alumni-Center-bueroleitung-administrative-assistenz-geschaeftsfuehrer-berlin<\/a><\/p>\n<p><strong>eine studentische Hilfskraft<\/strong><\/p>\n<p><u><a href=\"http:\/\/thechanger.org\/jobs\/international-alumni-berlin-studentische-hilfskraft-wirkung\">http:\/\/thechanger.org\/jobs\/international-alumni-berlin-studentische-hilfskraft-wirkung<\/a><\/u><\/p>\n<p>Wir w\u00fcnschen euch viel Erfolg bei der Bewerbung.<\/p>\n<p>Euer kulturweit-Team<\/p>\n","protected":false},"excerpt":{"rendered":"<p>Liebe Alumni, die Robert Bosch Stiftung hat mit dem International Alumni Center ein Kompetenzzentrum f\u00fcr wirkungsorientierte Alumniarbeit gegr\u00fcndet. Das iac Berlin wird seine T\u00e4tigkeit zum 1. Januar 2017 aufnehmen. F\u00fcr den Aufbau und die Koordination des Bosch Alumni Networks sucht das iac Berlin zum n\u00e4chstm\u00f6glichen Zeitpunkt: eine Referentin oder einen Referenten f\u00fcr Kommunikation &amp; Community &hellip; <a href=\"https:\/\/kulturweit.blog\/kulturweit\/2016\/12\/22\/stellenausschreibungen-bei-der-robert-bosch-stiftung\/\" class=\"more-link\"><span class=\"screen-reader-text\">Stellenausschreibungen bei der Robert Bosch Stiftung<\/span> weiterlesen<\/a><\/p>\n","protected":false},"author":13,"featured_media":0,"comment_status":"open","ping_status":"open","sticky":false,"template":"","format":"standard","meta":{"footnotes":""},"categories":[21],"tags":[],"class_list":["post-5751","post","type-post","status-publish","format-standard","hentry","category-allgemein"],"amp_enabled":true,"_links":{"self":[{"href":"https:\/\/kulturweit.blog\/kulturweit\/wp-json\/wp\/v2\/posts\/5751"}],"collection":[{"href":"https:\/\/kulturweit.blog\/kulturweit\/wp-json\/wp\/v2\/posts"}],"about":[{"href":"https:\/\/kulturweit.blog\/kulturweit\/wp-json\/wp\/v2\/types\/post"}],"author":[{"embeddable":true,"href":"https:\/\/kulturweit.blog\/kulturweit\/wp-json\/wp\/v2\/users\/13"}],"replies":[{"embeddable":true,"href":"https:\/\/kulturweit.blog\/kulturweit\/wp-json\/wp\/v2\/comments?post=5751"}],"version-history":[{"count":1,"href":"https:\/\/kulturweit.blog\/kulturweit\/wp-json\/wp\/v2\/posts\/5751\/revisions"}],"predecessor-version":[{"id":5752,"href":"https:\/\/kulturweit.blog\/kulturweit\/wp-json\/wp\/v2\/posts\/5751\/revisions\/5752"}],"wp:attachment":[{"href":"https:\/\/kulturweit.blog\/kulturweit\/wp-json\/wp\/v2\/media?parent=5751"}],"wp:term":[{"taxonomy":"category","embeddable":true,"href":"https:\/\/kulturweit.blog\/kulturweit\/wp-json\/wp\/v2\/categories?post=5751"},{"taxonomy":"post_tag","embeddable":true,"href":"https:\/\/kulturweit.blog\/kulturweit\/wp-json\/wp\/v2\/tags?post=5751"}],"curies":[{"name":"wp","href":"https:\/\/api.w.org\/{rel}","templated":true}]}}