{"id":5695,"date":"2016-09-14T17:44:18","date_gmt":"2016-09-14T15:44:18","guid":{"rendered":"https:\/\/kulturweit.blog\/kulturweit\/?p=5695"},"modified":"2016-09-14T17:44:18","modified_gmt":"2016-09-14T15:44:18","slug":"exilland-deutschland","status":"publish","type":"post","link":"https:\/\/kulturweit.blog\/kulturweit\/2016\/09\/14\/exilland-deutschland\/","title":{"rendered":"Exilland Deutschland?!"},"content":{"rendered":"<div class=\"\">\n<div class=\"_1mf _1mj\">Liebe Alumni,<\/div>\n<div class=\"_1mf _1mj\"><span><span>Am 4.10. findet die vierte Veranstaltung der Diskussionsreihe &#8222;Exilland Deutschland?!&#8220; in der Berliner Landeszentrale f\u00fcr politische Bildung statt. Dieses Mal geht es um das Thema <\/span><\/span><\/div>\n<\/div>\n<div class=\"\">\n<div class=\"_1mf _1mj\"><span><span>&#8222;Arbeiten bedeutet Ankommen \u2013 Besch\u00e4ftigungsperspektiven f\u00fcr Fl\u00fcchtlinge&#8220;. Mehr Infos findet ihr auf der Webseite der <a href=\"http:\/\/www.bpb.de\/veranstaltungen\/format\/233620\/arbeiten-bedeutet-ankommen-beschaeftigungsperspektiven-fuer-fluechtlinge\">bpb<\/a>.<\/span><\/span><\/div>\n<\/div>\n<div class=\"\">\n<div class=\"_1mf _1mj\"><span><span>Euer kulturweit-Team<br \/>\n<\/span><\/span><\/div>\n<\/div>\n","protected":false},"excerpt":{"rendered":"<p>Liebe Alumni, Am 4.10. findet die vierte Veranstaltung der Diskussionsreihe &#8222;Exilland Deutschland?!&#8220; in der Berliner Landeszentrale f\u00fcr politische Bildung statt. Dieses Mal geht es um das Thema &#8222;Arbeiten bedeutet Ankommen \u2013 Besch\u00e4ftigungsperspektiven f\u00fcr Fl\u00fcchtlinge&#8220;. Mehr Infos findet ihr auf der Webseite der bpb. Euer kulturweit-Team<\/p>\n","protected":false},"author":13,"featured_media":0,"comment_status":"open","ping_status":"open","sticky":false,"template":"","format":"standard","meta":{"footnotes":""},"categories":[21],"tags":[],"class_list":["post-5695","post","type-post","status-publish","format-standard","hentry","category-allgemein"],"amp_enabled":true,"_links":{"self":[{"href":"https:\/\/kulturweit.blog\/kulturweit\/wp-json\/wp\/v2\/posts\/5695"}],"collection":[{"href":"https:\/\/kulturweit.blog\/kulturweit\/wp-json\/wp\/v2\/posts"}],"about":[{"href":"https:\/\/kulturweit.blog\/kulturweit\/wp-json\/wp\/v2\/types\/post"}],"author":[{"embeddable":true,"href":"https:\/\/kulturweit.blog\/kulturweit\/wp-json\/wp\/v2\/users\/13"}],"replies":[{"embeddable":true,"href":"https:\/\/kulturweit.blog\/kulturweit\/wp-json\/wp\/v2\/comments?post=5695"}],"version-history":[{"count":1,"href":"https:\/\/kulturweit.blog\/kulturweit\/wp-json\/wp\/v2\/posts\/5695\/revisions"}],"predecessor-version":[{"id":5696,"href":"https:\/\/kulturweit.blog\/kulturweit\/wp-json\/wp\/v2\/posts\/5695\/revisions\/5696"}],"wp:attachment":[{"href":"https:\/\/kulturweit.blog\/kulturweit\/wp-json\/wp\/v2\/media?parent=5695"}],"wp:term":[{"taxonomy":"category","embeddable":true,"href":"https:\/\/kulturweit.blog\/kulturweit\/wp-json\/wp\/v2\/categories?post=5695"},{"taxonomy":"post_tag","embeddable":true,"href":"https:\/\/kulturweit.blog\/kulturweit\/wp-json\/wp\/v2\/tags?post=5695"}],"curies":[{"name":"wp","href":"https:\/\/api.w.org\/{rel}","templated":true}]}}