{"id":5692,"date":"2016-09-09T16:28:30","date_gmt":"2016-09-09T14:28:30","guid":{"rendered":"https:\/\/kulturweit.blog\/kulturweit\/?p=5692"},"modified":"2016-09-09T16:28:30","modified_gmt":"2016-09-09T14:28:30","slug":"fotografie-und-postkolonialismus-seminar-30-9-2-10-in-berlin","status":"publish","type":"post","link":"https:\/\/kulturweit.blog\/kulturweit\/2016\/09\/09\/fotografie-und-postkolonialismus-seminar-30-9-2-10-in-berlin\/","title":{"rendered":"Fotografie und Postkolonialismus- Seminar 30.9.-2.10. in Berlin"},"content":{"rendered":"<div>\n<div class=\"\">\n<div class=\"_1mf _1mj\">Liebe Alumni,<\/div>\n<div class=\"_1mf _1mj\"><\/div>\n<div class=\"_1mf _1mj\"><span><span>vom 30.09. bis 02.10. k\u00f6nnt ihr an dem Workshop &#8222;<strong>Fotografie und Postkolonialismus<\/strong> &#8211; <strong>Eine Fortbildung zum machtkritischen Fotografieren<\/strong>&#8220; in Berlin teilnehmen. Durchgef\u00fchrt wird das Seminar von unserer Trainerin Maria Rojas und dem Fotografen <a href=\"https:\/\/isaumirnascimento.wordpress.com\/\">Isaumir Nascimento<\/a>.<\/span><\/span><\/div>\n<div class=\"_1mf _1mj\"><span><span>Ihr k\u00f6nnt euch \u00fcber eine E-Mail an alumni@kulturweit.de anmelden.<\/span><\/span><\/div>\n<\/div>\n<div class=\"\">\n<div class=\"_1mf _1mj\"><span><span>Mehr Infos gibts im Flyer.<\/span><\/span><\/div>\n<div class=\"_1mf _1mj\"><a href=\"https:\/\/kulturweit.blog\/kulturweit\/files\/2016\/09\/Ank\u00fcndigungstext_Fortbildung-Fotografie-und-Macht.pdf\">ankuendigungstext_fortbildung-fotografie-und-macht<\/a><\/div>\n<\/div>\n<div class=\"_1mf _1mj\">Wir freuen uns auf eure Anmeldungen.<\/div>\n<\/div>\n<div class=\"_1mf _1mj\">Euer kulturweit-Team<\/div>\n","protected":false},"excerpt":{"rendered":"<p>Liebe Alumni, vom 30.09. bis 02.10. k\u00f6nnt ihr an dem Workshop &#8222;Fotografie und Postkolonialismus &#8211; Eine Fortbildung zum machtkritischen Fotografieren&#8220; in Berlin teilnehmen. Durchgef\u00fchrt wird das Seminar von unserer Trainerin Maria Rojas und dem Fotografen Isaumir Nascimento. Ihr k\u00f6nnt euch \u00fcber eine E-Mail an alumni@kulturweit.de anmelden. Mehr Infos gibts im Flyer. ankuendigungstext_fortbildung-fotografie-und-macht Wir freuen uns &hellip; <a href=\"https:\/\/kulturweit.blog\/kulturweit\/2016\/09\/09\/fotografie-und-postkolonialismus-seminar-30-9-2-10-in-berlin\/\" class=\"more-link\"><span class=\"screen-reader-text\">Fotografie und Postkolonialismus- Seminar 30.9.-2.10. in Berlin<\/span> weiterlesen<\/a><\/p>\n","protected":false},"author":13,"featured_media":0,"comment_status":"open","ping_status":"open","sticky":false,"template":"","format":"standard","meta":{"footnotes":""},"categories":[21],"tags":[],"class_list":["post-5692","post","type-post","status-publish","format-standard","hentry","category-allgemein"],"amp_enabled":true,"_links":{"self":[{"href":"https:\/\/kulturweit.blog\/kulturweit\/wp-json\/wp\/v2\/posts\/5692"}],"collection":[{"href":"https:\/\/kulturweit.blog\/kulturweit\/wp-json\/wp\/v2\/posts"}],"about":[{"href":"https:\/\/kulturweit.blog\/kulturweit\/wp-json\/wp\/v2\/types\/post"}],"author":[{"embeddable":true,"href":"https:\/\/kulturweit.blog\/kulturweit\/wp-json\/wp\/v2\/users\/13"}],"replies":[{"embeddable":true,"href":"https:\/\/kulturweit.blog\/kulturweit\/wp-json\/wp\/v2\/comments?post=5692"}],"version-history":[{"count":1,"href":"https:\/\/kulturweit.blog\/kulturweit\/wp-json\/wp\/v2\/posts\/5692\/revisions"}],"predecessor-version":[{"id":5694,"href":"https:\/\/kulturweit.blog\/kulturweit\/wp-json\/wp\/v2\/posts\/5692\/revisions\/5694"}],"wp:attachment":[{"href":"https:\/\/kulturweit.blog\/kulturweit\/wp-json\/wp\/v2\/media?parent=5692"}],"wp:term":[{"taxonomy":"category","embeddable":true,"href":"https:\/\/kulturweit.blog\/kulturweit\/wp-json\/wp\/v2\/categories?post=5692"},{"taxonomy":"post_tag","embeddable":true,"href":"https:\/\/kulturweit.blog\/kulturweit\/wp-json\/wp\/v2\/tags?post=5692"}],"curies":[{"name":"wp","href":"https:\/\/api.w.org\/{rel}","templated":true}]}}