{"id":5673,"date":"2016-08-22T11:16:50","date_gmt":"2016-08-22T09:16:50","guid":{"rendered":"https:\/\/kulturweit.blog\/kulturweit\/?p=5673"},"modified":"2016-08-22T11:16:50","modified_gmt":"2016-08-22T09:16:50","slug":"alumni-fuer-kulturweit-kampagne-gesucht","status":"publish","type":"post","link":"https:\/\/kulturweit.blog\/kulturweit\/2016\/08\/22\/alumni-fuer-kulturweit-kampagne-gesucht\/","title":{"rendered":"Alumni f\u00fcr kulturweit-Kampagne gesucht"},"content":{"rendered":"<p>Liebe Leute,<\/p>\n<p>im n\u00e4chsten Jahr k\u00f6nnen wir noch mehr Leuten die M\u00f6glichkeit geben an kulturweit teilzunehmen. Daf\u00fcr wollen wir kulturweit bekannter machen und suchen unter euch 3 bis 5 Alumni, die Lust haben das Gesicht der kulturweit-Kampagne zu werden und ihre Geschichte zu erz\u00e4hlen.<\/p>\n<p>Ihr solltet am:<\/p>\n<p><strong>&#8211; Freitag, 26.08.<\/strong><\/p>\n<p><strong>&#8211; Montag, 29.08.<\/strong><\/p>\n<p><strong>oder<\/strong><\/p>\n<p><strong>&#8211; Dienstag. 30.08.<\/strong><\/p>\n<p><strong>1-3 Std. Zeit f\u00fcr ein Fotoshooting mit Norman Konrad <\/strong><a href=\"http:\/\/www.normankonrad.de\/\">http:\/\/www.normankonrad.de\/<\/a> \u00a0in Berlin haben (Organisation und Reisekosten von An- und Abreise wird \u00fcbernommen, Verpflegung vor Ort zum Shooting wird nat\u00fcrlich auch gestellt).<\/p>\n<p>Wenn ihr Interesse habt schickt uns bitte bis MORGEN\u00a0(23.08) ein aktuelles Foto (kann gerne auch ein Selfie sein) 1x Profil 1x Frontal, sowie einen kurzen Videoclip mit deiner Motivation, Einsatzort und -dauer,<\/p>\n<p>&#8211; Alter, Wohnort, aktuelle Mission<\/p>\n<p>&#8211; Warum bei kulturweit dabei gewesen,<\/p>\n<p>&#8211; Was wurde bis heute davon mitgenommen<\/p>\n<p>an <a href=\"mailto:ost@unesco.de\">ost[at]unesco.de<\/a><\/p>\n<p>Auf diese Weise bekommt der Fotograf\/Autor einen kleinen Eindruck von der Pers\u00f6nlichkeit und kann bestm\u00f6glich fotografieren.<\/p>\n<p>Wir sind ganz gespannt!<\/p>\n<p>Viele Gr\u00fc\u00dfe, Rea (kulturweit-Team)<\/p>\n","protected":false},"excerpt":{"rendered":"<p>Liebe Leute, im n\u00e4chsten Jahr k\u00f6nnen wir noch mehr Leuten die M\u00f6glichkeit geben an kulturweit teilzunehmen. Daf\u00fcr wollen wir kulturweit bekannter machen und suchen unter euch 3 bis 5 Alumni, die Lust haben das Gesicht der kulturweit-Kampagne zu werden und ihre Geschichte zu erz\u00e4hlen. Ihr solltet am: &#8211; Freitag, 26.08. &#8211; Montag, 29.08. oder &#8211; &hellip; <a href=\"https:\/\/kulturweit.blog\/kulturweit\/2016\/08\/22\/alumni-fuer-kulturweit-kampagne-gesucht\/\" class=\"more-link\"><span class=\"screen-reader-text\">Alumni f\u00fcr kulturweit-Kampagne gesucht<\/span> weiterlesen<\/a><\/p>\n","protected":false},"author":13,"featured_media":0,"comment_status":"open","ping_status":"open","sticky":false,"template":"","format":"standard","meta":{"footnotes":""},"categories":[21],"tags":[],"class_list":["post-5673","post","type-post","status-publish","format-standard","hentry","category-allgemein"],"amp_enabled":true,"_links":{"self":[{"href":"https:\/\/kulturweit.blog\/kulturweit\/wp-json\/wp\/v2\/posts\/5673"}],"collection":[{"href":"https:\/\/kulturweit.blog\/kulturweit\/wp-json\/wp\/v2\/posts"}],"about":[{"href":"https:\/\/kulturweit.blog\/kulturweit\/wp-json\/wp\/v2\/types\/post"}],"author":[{"embeddable":true,"href":"https:\/\/kulturweit.blog\/kulturweit\/wp-json\/wp\/v2\/users\/13"}],"replies":[{"embeddable":true,"href":"https:\/\/kulturweit.blog\/kulturweit\/wp-json\/wp\/v2\/comments?post=5673"}],"version-history":[{"count":1,"href":"https:\/\/kulturweit.blog\/kulturweit\/wp-json\/wp\/v2\/posts\/5673\/revisions"}],"predecessor-version":[{"id":5674,"href":"https:\/\/kulturweit.blog\/kulturweit\/wp-json\/wp\/v2\/posts\/5673\/revisions\/5674"}],"wp:attachment":[{"href":"https:\/\/kulturweit.blog\/kulturweit\/wp-json\/wp\/v2\/media?parent=5673"}],"wp:term":[{"taxonomy":"category","embeddable":true,"href":"https:\/\/kulturweit.blog\/kulturweit\/wp-json\/wp\/v2\/categories?post=5673"},{"taxonomy":"post_tag","embeddable":true,"href":"https:\/\/kulturweit.blog\/kulturweit\/wp-json\/wp\/v2\/tags?post=5673"}],"curies":[{"name":"wp","href":"https:\/\/api.w.org\/{rel}","templated":true}]}}