{"id":5662,"date":"2016-08-17T17:24:26","date_gmt":"2016-08-17T15:24:26","guid":{"rendered":"https:\/\/kulturweit.blog\/kulturweit\/?p=5662"},"modified":"2016-08-17T17:24:26","modified_gmt":"2016-08-17T15:24:26","slug":"deutsche-polnisches-jugendcamp-in-drei-eichen-20-26-8-2016","status":"publish","type":"post","link":"https:\/\/kulturweit.blog\/kulturweit\/2016\/08\/17\/deutsche-polnisches-jugendcamp-in-drei-eichen-20-26-8-2016\/","title":{"rendered":"Deutsche-polnisches Jugendcamp in Drei Eichen 20.-26.8.2016"},"content":{"rendered":"<div class=\"\">\n<div class=\"_1mf _1mj\">Liebe Alumni,<\/div>\n<div class=\"_1mf _1mj\"><\/div>\n<div class=\"_1mf _1mj\"><span><span>Vom 20.-26. August findet im Umweltbildungszentrum Drei Eichen in Buckow (M\u00e4rkische Schweiz, bei Berlin) ein deutsch-polnisches Jugendcamp f\u00fcr Jugendliche von 15-23 Jahren statt. Das Programm ist sehr offen: von Wald und Wildnis \u00fcber selber-machen bis \u00d6ko-Technik(en) (z.B. Solarkocher, mit Pflanzen F\u00e4rben, biologisch abbaubare Deos und Zahnpasta&#8230;). <\/span><\/span><\/div>\n<\/div>\n<div class=\"\">\n<div class=\"_1mf _1mj\"><span><span>Ihr m\u00fcsst nur eure Anfahrt zahlen und k\u00f6nnt euch sofort anmelden. <\/span><\/span><\/div>\n<\/div>\n<div class=\"\">\n<div class=\"_1mf _1mj\"><span><span>Wir w\u00fcnschene euch viel Spa\u00df an diesem wunderbaren Ort. Ihr k\u00f6nnt die Einladung auch gerne an andere Interessierte weiterleiten.<br \/>\n<\/span><\/span><\/div>\n<div class=\"_1mf _1mj\"><a href=\"https:\/\/kulturweit.blog\/kulturweit\/files\/2016\/08\/Einladung-Jugendcamp.pdf\">Einladung Jugendcamp<\/a><\/div>\n<\/div>\n<div class=\"\">\n<div class=\"_1mf _1mj\"><span><span>Euer kulturweit-Team<\/span><\/span><\/div>\n<\/div>\n","protected":false},"excerpt":{"rendered":"<p>Liebe Alumni, Vom 20.-26. August findet im Umweltbildungszentrum Drei Eichen in Buckow (M\u00e4rkische Schweiz, bei Berlin) ein deutsch-polnisches Jugendcamp f\u00fcr Jugendliche von 15-23 Jahren statt. Das Programm ist sehr offen: von Wald und Wildnis \u00fcber selber-machen bis \u00d6ko-Technik(en) (z.B. Solarkocher, mit Pflanzen F\u00e4rben, biologisch abbaubare Deos und Zahnpasta&#8230;). Ihr m\u00fcsst nur eure Anfahrt zahlen und &hellip; <a href=\"https:\/\/kulturweit.blog\/kulturweit\/2016\/08\/17\/deutsche-polnisches-jugendcamp-in-drei-eichen-20-26-8-2016\/\" class=\"more-link\"><span class=\"screen-reader-text\">Deutsche-polnisches Jugendcamp in Drei Eichen 20.-26.8.2016<\/span> weiterlesen<\/a><\/p>\n","protected":false},"author":13,"featured_media":0,"comment_status":"open","ping_status":"open","sticky":false,"template":"","format":"standard","meta":{"footnotes":""},"categories":[21],"tags":[],"class_list":["post-5662","post","type-post","status-publish","format-standard","hentry","category-allgemein"],"amp_enabled":true,"_links":{"self":[{"href":"https:\/\/kulturweit.blog\/kulturweit\/wp-json\/wp\/v2\/posts\/5662"}],"collection":[{"href":"https:\/\/kulturweit.blog\/kulturweit\/wp-json\/wp\/v2\/posts"}],"about":[{"href":"https:\/\/kulturweit.blog\/kulturweit\/wp-json\/wp\/v2\/types\/post"}],"author":[{"embeddable":true,"href":"https:\/\/kulturweit.blog\/kulturweit\/wp-json\/wp\/v2\/users\/13"}],"replies":[{"embeddable":true,"href":"https:\/\/kulturweit.blog\/kulturweit\/wp-json\/wp\/v2\/comments?post=5662"}],"version-history":[{"count":1,"href":"https:\/\/kulturweit.blog\/kulturweit\/wp-json\/wp\/v2\/posts\/5662\/revisions"}],"predecessor-version":[{"id":5664,"href":"https:\/\/kulturweit.blog\/kulturweit\/wp-json\/wp\/v2\/posts\/5662\/revisions\/5664"}],"wp:attachment":[{"href":"https:\/\/kulturweit.blog\/kulturweit\/wp-json\/wp\/v2\/media?parent=5662"}],"wp:term":[{"taxonomy":"category","embeddable":true,"href":"https:\/\/kulturweit.blog\/kulturweit\/wp-json\/wp\/v2\/categories?post=5662"},{"taxonomy":"post_tag","embeddable":true,"href":"https:\/\/kulturweit.blog\/kulturweit\/wp-json\/wp\/v2\/tags?post=5662"}],"curies":[{"name":"wp","href":"https:\/\/api.w.org\/{rel}","templated":true}]}}