{"id":5653,"date":"2016-07-26T13:55:09","date_gmt":"2016-07-26T11:55:09","guid":{"rendered":"https:\/\/kulturweit.blog\/kulturweit\/?p=5653"},"modified":"2016-07-26T13:55:09","modified_gmt":"2016-07-26T11:55:09","slug":"bne-praktikum-in-bonn-1-9-1-12-2016","status":"publish","type":"post","link":"https:\/\/kulturweit.blog\/kulturweit\/2016\/07\/26\/bne-praktikum-in-bonn-1-9-1-12-2016\/","title":{"rendered":"BNE Praktikum in Bonn 1.9.-1.12.2016"},"content":{"rendered":"<p>Liebe Alumni,<\/p>\n<p>ab dem 1.September k\u00f6nnt ihr ein dreimonatiges Praktikum im Fachbereich &#8222;Bildung f\u00fcr nachhaltige Entwicklung&#8220; bei der Deutschen UNESCO-Kommission in Bonn machen. Noch bis zum 15. August k\u00f6nnt ihr euch bewerben. Mehr Infos findet ihr in der Ausschreibung.<\/p>\n<p><a href=\"https:\/\/kulturweit.blog\/kulturweit\/files\/2016\/07\/16-07-26_Praktikum_FB-NEW_Ausschreibung.pdf\">16-07-26_Praktikum_FB NEW_Ausschreibung<\/a><br \/>\nWir w\u00fcnschen euch viel Erfolg.<br \/>\nEuer kulturweit-Team<\/p>\n","protected":false},"excerpt":{"rendered":"<p>Liebe Alumni, ab dem 1.September k\u00f6nnt ihr ein dreimonatiges Praktikum im Fachbereich &#8222;Bildung f\u00fcr nachhaltige Entwicklung&#8220; bei der Deutschen UNESCO-Kommission in Bonn machen. Noch bis zum 15. August k\u00f6nnt ihr euch bewerben. Mehr Infos findet ihr in der Ausschreibung. 16-07-26_Praktikum_FB NEW_Ausschreibung Wir w\u00fcnschen euch viel Erfolg. Euer kulturweit-Team<\/p>\n","protected":false},"author":13,"featured_media":0,"comment_status":"open","ping_status":"open","sticky":false,"template":"","format":"standard","meta":{"footnotes":""},"categories":[21],"tags":[],"class_list":["post-5653","post","type-post","status-publish","format-standard","hentry","category-allgemein"],"amp_enabled":true,"_links":{"self":[{"href":"https:\/\/kulturweit.blog\/kulturweit\/wp-json\/wp\/v2\/posts\/5653"}],"collection":[{"href":"https:\/\/kulturweit.blog\/kulturweit\/wp-json\/wp\/v2\/posts"}],"about":[{"href":"https:\/\/kulturweit.blog\/kulturweit\/wp-json\/wp\/v2\/types\/post"}],"author":[{"embeddable":true,"href":"https:\/\/kulturweit.blog\/kulturweit\/wp-json\/wp\/v2\/users\/13"}],"replies":[{"embeddable":true,"href":"https:\/\/kulturweit.blog\/kulturweit\/wp-json\/wp\/v2\/comments?post=5653"}],"version-history":[{"count":1,"href":"https:\/\/kulturweit.blog\/kulturweit\/wp-json\/wp\/v2\/posts\/5653\/revisions"}],"predecessor-version":[{"id":5655,"href":"https:\/\/kulturweit.blog\/kulturweit\/wp-json\/wp\/v2\/posts\/5653\/revisions\/5655"}],"wp:attachment":[{"href":"https:\/\/kulturweit.blog\/kulturweit\/wp-json\/wp\/v2\/media?parent=5653"}],"wp:term":[{"taxonomy":"category","embeddable":true,"href":"https:\/\/kulturweit.blog\/kulturweit\/wp-json\/wp\/v2\/categories?post=5653"},{"taxonomy":"post_tag","embeddable":true,"href":"https:\/\/kulturweit.blog\/kulturweit\/wp-json\/wp\/v2\/tags?post=5653"}],"curies":[{"name":"wp","href":"https:\/\/api.w.org\/{rel}","templated":true}]}}