{"id":5624,"date":"2016-06-21T16:58:02","date_gmt":"2016-06-21T14:58:02","guid":{"rendered":"https:\/\/kulturweit.blog\/kulturweit\/?p=5624"},"modified":"2016-06-22T12:00:30","modified_gmt":"2016-06-22T10:00:30","slug":"alumni-fuer-das-hoffest-der-maerkischen-kiste-am-25-juni-11-17h-in-hamburg-gesucht","status":"publish","type":"post","link":"https:\/\/kulturweit.blog\/kulturweit\/2016\/06\/21\/alumni-fuer-das-hoffest-der-maerkischen-kiste-am-25-juni-11-17h-in-hamburg-gesucht\/","title":{"rendered":"Alumni f\u00fcr das Hoffest der M\u00e4rkischen Kiste am 25.Juni 11-17h in Berlin gesucht"},"content":{"rendered":"<p>Liebe Alumna, lieber Alumnus,<\/p>\n<p>vielleicht bist du schon durch unsere h\u00fcbschen Posts im Social Media darauf aufmerksam geworden: kulturweit beteiligt sich am Internationalen Tag der H\u00fclsenfr\u00fcchte!<\/p>\n<p>Sie wachsen ganz wunderbar auf unserem B\u00fcrobalkon, im interkulturellen Garten in Hamburg (siehe facebook-Post von heute: <a href=\"https:\/\/www.facebook.com\/kulturweit\/\">https:\/\/www.facebook.com\/kulturweit\/<\/a>) und an vielen anderen Orten in Deutschland. Es sollen noch mehr werden! Aktuell werden sie mit der M\u00e4rkischen Kiste versendet und finden so ihren Weg in hundert G\u00e4rten in und um Berlin.<\/p>\n<p>Die M\u00e4rkische Kiste veranstaltet am Samstag, den 25. Juni von 11-17 Uhr ein Hoffest. Das kulinarische Aufgebot klingt sehr vielversprechend: <a href=\"https:\/\/www.maerkischekiste.de\/hoffeste.html\">https:\/\/www.maerkischekiste.de\/hoffeste.html<\/a><\/p>\n<p>Nun die Frage an dich: H\u00e4ttest du Zeit und Lust, einen Ausflug nach Marienfelde, Motzener Stra\u00dfe 30, 12777 Berlin, und dort auch etwas Werbung f\u00fcr kulturweit zu machen? Das w\u00fcrde uns riesig freuen!<\/p>\n<p>Die Materialien senden wir zum Ort, Fahrkosten werden von uns erstattet.<\/p>\n<p>Solltest du Fragen haben, melde dich gern unter messe@kulturweit.de! Wir freuen uns \u00fcber deine R\u00fcckmeldung.<\/p>\n<p>Mit vielen Gr\u00fc\u00dfen aus dem<\/p>\n<p>kulturweit-B\u00fcro,<\/p>\n<p>Rike<\/p>\n","protected":false},"excerpt":{"rendered":"<p>Liebe Alumna, lieber Alumnus, vielleicht bist du schon durch unsere h\u00fcbschen Posts im Social Media darauf aufmerksam geworden: kulturweit beteiligt sich am Internationalen Tag der H\u00fclsenfr\u00fcchte! Sie wachsen ganz wunderbar auf unserem B\u00fcrobalkon, im interkulturellen Garten in Hamburg (siehe facebook-Post von heute: https:\/\/www.facebook.com\/kulturweit\/) und an vielen anderen Orten in Deutschland. Es sollen noch mehr werden! &hellip; <a href=\"https:\/\/kulturweit.blog\/kulturweit\/2016\/06\/21\/alumni-fuer-das-hoffest-der-maerkischen-kiste-am-25-juni-11-17h-in-hamburg-gesucht\/\" class=\"more-link\"><span class=\"screen-reader-text\">Alumni f\u00fcr das Hoffest der M\u00e4rkischen Kiste am 25.Juni 11-17h in Berlin gesucht<\/span> weiterlesen<\/a><\/p>\n","protected":false},"author":13,"featured_media":5625,"comment_status":"open","ping_status":"open","sticky":false,"template":"","format":"standard","meta":{"footnotes":""},"categories":[21],"tags":[],"class_list":["post-5624","post","type-post","status-publish","format-standard","has-post-thumbnail","hentry","category-allgemein"],"amp_enabled":true,"_links":{"self":[{"href":"https:\/\/kulturweit.blog\/kulturweit\/wp-json\/wp\/v2\/posts\/5624"}],"collection":[{"href":"https:\/\/kulturweit.blog\/kulturweit\/wp-json\/wp\/v2\/posts"}],"about":[{"href":"https:\/\/kulturweit.blog\/kulturweit\/wp-json\/wp\/v2\/types\/post"}],"author":[{"embeddable":true,"href":"https:\/\/kulturweit.blog\/kulturweit\/wp-json\/wp\/v2\/users\/13"}],"replies":[{"embeddable":true,"href":"https:\/\/kulturweit.blog\/kulturweit\/wp-json\/wp\/v2\/comments?post=5624"}],"version-history":[{"count":2,"href":"https:\/\/kulturweit.blog\/kulturweit\/wp-json\/wp\/v2\/posts\/5624\/revisions"}],"predecessor-version":[{"id":5627,"href":"https:\/\/kulturweit.blog\/kulturweit\/wp-json\/wp\/v2\/posts\/5624\/revisions\/5627"}],"wp:featuredmedia":[{"embeddable":true,"href":"https:\/\/kulturweit.blog\/kulturweit\/wp-json\/wp\/v2\/media\/5625"}],"wp:attachment":[{"href":"https:\/\/kulturweit.blog\/kulturweit\/wp-json\/wp\/v2\/media?parent=5624"}],"wp:term":[{"taxonomy":"category","embeddable":true,"href":"https:\/\/kulturweit.blog\/kulturweit\/wp-json\/wp\/v2\/categories?post=5624"},{"taxonomy":"post_tag","embeddable":true,"href":"https:\/\/kulturweit.blog\/kulturweit\/wp-json\/wp\/v2\/tags?post=5624"}],"curies":[{"name":"wp","href":"https:\/\/api.w.org\/{rel}","templated":true}]}}