{"id":5514,"date":"2016-02-19T12:07:49","date_gmt":"2016-02-19T10:07:49","guid":{"rendered":"https:\/\/kulturweit.blog\/kulturweit\/?p=5514"},"modified":"2016-02-24T18:14:25","modified_gmt":"2016-02-24T16:14:25","slug":"freie-mitarbeiter_innen-fuer-auswahlteam-im-mai-2016-bei-kulturweit-gesucht","status":"publish","type":"post","link":"https:\/\/kulturweit.blog\/kulturweit\/2016\/02\/19\/freie-mitarbeiter_innen-fuer-auswahlteam-im-mai-2016-bei-kulturweit-gesucht\/","title":{"rendered":"Freie Mitarbeiter_innen f\u00fcr Auswahlteam im Mai 2016 bei kulturweit gesucht"},"content":{"rendered":"<p>Liebe Alumni,<\/p>\n<p>wir suchen f\u00fcr den Zeitraum 03.05.2016 &#8211; 03.06.2016 motivierte Alumni, die bei der Auswahl der zuk\u00fcnftigen Freiwilligen der Ausreise M\u00e4rz 2017 unterst\u00fctzen m\u00f6chten. Ihr w\u00fcrdet in der kulturweit-Koordinierungsstelle in Berlin gemeinsam mit drei weiteren Alumni in Vollzeit Bewerbungen sichten und die Vorauswahl f\u00fcr die Partnerorganisationen treffen. F\u00fcr eure Arbeit erhaltet ihr eine Verg\u00fctung auf Grundlage eines Werkvertrags. Mehr Informationen findet ihr in der Ausschreibung.<\/p>\n<p><a href=\"https:\/\/kulturweit.blog\/kulturweit\/files\/2016\/02\/Ausschreibung_Auswahlteam_03_2017.pdf\">Ausschreibung_Auswahlteam_03_2017<\/a><\/p>\n<p>Schickt uns eure Bewerbungen bis zum 26. Februar 2016 an alumni[at]kulturweit.de. Solltet ihr Fragen haben, k\u00f6nnt ihr uns gerne schreiben.<\/p>\n<p>Herzliche Gr\u00fc\u00dfe,<\/p>\n<p>Euer kulturweit-Team<\/p>\n<p>&nbsp;<\/p>\n","protected":false},"excerpt":{"rendered":"<p>Liebe Alumni, wir suchen f\u00fcr den Zeitraum 03.05.2016 &#8211; 03.06.2016 motivierte Alumni, die bei der Auswahl der zuk\u00fcnftigen Freiwilligen der Ausreise M\u00e4rz 2017 unterst\u00fctzen m\u00f6chten. Ihr w\u00fcrdet in der kulturweit-Koordinierungsstelle in Berlin gemeinsam mit drei weiteren Alumni in Vollzeit Bewerbungen sichten und die Vorauswahl f\u00fcr die Partnerorganisationen treffen. F\u00fcr eure Arbeit erhaltet ihr eine Verg\u00fctung &hellip; <a href=\"https:\/\/kulturweit.blog\/kulturweit\/2016\/02\/19\/freie-mitarbeiter_innen-fuer-auswahlteam-im-mai-2016-bei-kulturweit-gesucht\/\" class=\"more-link\"><span class=\"screen-reader-text\">Freie Mitarbeiter_innen f\u00fcr Auswahlteam im Mai 2016 bei kulturweit gesucht<\/span> weiterlesen<\/a><\/p>\n","protected":false},"author":13,"featured_media":0,"comment_status":"open","ping_status":"open","sticky":false,"template":"","format":"standard","meta":{"footnotes":""},"categories":[21],"tags":[],"class_list":["post-5514","post","type-post","status-publish","format-standard","hentry","category-allgemein"],"amp_enabled":true,"_links":{"self":[{"href":"https:\/\/kulturweit.blog\/kulturweit\/wp-json\/wp\/v2\/posts\/5514"}],"collection":[{"href":"https:\/\/kulturweit.blog\/kulturweit\/wp-json\/wp\/v2\/posts"}],"about":[{"href":"https:\/\/kulturweit.blog\/kulturweit\/wp-json\/wp\/v2\/types\/post"}],"author":[{"embeddable":true,"href":"https:\/\/kulturweit.blog\/kulturweit\/wp-json\/wp\/v2\/users\/13"}],"replies":[{"embeddable":true,"href":"https:\/\/kulturweit.blog\/kulturweit\/wp-json\/wp\/v2\/comments?post=5514"}],"version-history":[{"count":3,"href":"https:\/\/kulturweit.blog\/kulturweit\/wp-json\/wp\/v2\/posts\/5514\/revisions"}],"predecessor-version":[{"id":5518,"href":"https:\/\/kulturweit.blog\/kulturweit\/wp-json\/wp\/v2\/posts\/5514\/revisions\/5518"}],"wp:attachment":[{"href":"https:\/\/kulturweit.blog\/kulturweit\/wp-json\/wp\/v2\/media?parent=5514"}],"wp:term":[{"taxonomy":"category","embeddable":true,"href":"https:\/\/kulturweit.blog\/kulturweit\/wp-json\/wp\/v2\/categories?post=5514"},{"taxonomy":"post_tag","embeddable":true,"href":"https:\/\/kulturweit.blog\/kulturweit\/wp-json\/wp\/v2\/tags?post=5514"}],"curies":[{"name":"wp","href":"https:\/\/api.w.org\/{rel}","templated":true}]}}