{"id":5503,"date":"2016-02-15T15:34:22","date_gmt":"2016-02-15T13:34:22","guid":{"rendered":"https:\/\/kulturweit.blog\/kulturweit\/?p=5503"},"modified":"2016-02-15T15:34:22","modified_gmt":"2016-02-15T13:34:22","slug":"einladung-zwanzig52-fragen-die-welt-von-morgen-15-03-2016-essen","status":"publish","type":"post","link":"https:\/\/kulturweit.blog\/kulturweit\/2016\/02\/15\/einladung-zwanzig52-fragen-die-welt-von-morgen-15-03-2016-essen\/","title":{"rendered":"Einladung: zwanzig52 fragen an die welt von morgen\/\/ 15.03.2016 in Essen"},"content":{"rendered":"<p>Liebe Alumni,<\/p>\n<p>ihr habt Fragen an die Welt von morgen und wollt diese mit anderen besprechen? Dann kommt nach Essen und nehmt an dem Kongress mit Studierenden am 15. M\u00e4rz 2016 Teil.<\/p>\n<p><a href=\"https:\/\/kulturweit.blog\/kulturweit\/files\/2016\/02\/zwanzig52_Einladung.pdf\">zwanzig52_Einladung<\/a><\/p>\n<p>Herzliche Gr\u00fc\u00dfe,<\/p>\n<p>Euer kulturweit-Team<\/p>\n","protected":false},"excerpt":{"rendered":"<p>Liebe Alumni, ihr habt Fragen an die Welt von morgen und wollt diese mit anderen besprechen? Dann kommt nach Essen und nehmt an dem Kongress mit Studierenden am 15. M\u00e4rz 2016 Teil. zwanzig52_Einladung Herzliche Gr\u00fc\u00dfe, Euer kulturweit-Team<\/p>\n","protected":false},"author":13,"featured_media":0,"comment_status":"open","ping_status":"open","sticky":false,"template":"","format":"standard","meta":{"footnotes":""},"categories":[21],"tags":[],"class_list":["post-5503","post","type-post","status-publish","format-standard","hentry","category-allgemein"],"amp_enabled":true,"_links":{"self":[{"href":"https:\/\/kulturweit.blog\/kulturweit\/wp-json\/wp\/v2\/posts\/5503"}],"collection":[{"href":"https:\/\/kulturweit.blog\/kulturweit\/wp-json\/wp\/v2\/posts"}],"about":[{"href":"https:\/\/kulturweit.blog\/kulturweit\/wp-json\/wp\/v2\/types\/post"}],"author":[{"embeddable":true,"href":"https:\/\/kulturweit.blog\/kulturweit\/wp-json\/wp\/v2\/users\/13"}],"replies":[{"embeddable":true,"href":"https:\/\/kulturweit.blog\/kulturweit\/wp-json\/wp\/v2\/comments?post=5503"}],"version-history":[{"count":1,"href":"https:\/\/kulturweit.blog\/kulturweit\/wp-json\/wp\/v2\/posts\/5503\/revisions"}],"predecessor-version":[{"id":5505,"href":"https:\/\/kulturweit.blog\/kulturweit\/wp-json\/wp\/v2\/posts\/5503\/revisions\/5505"}],"wp:attachment":[{"href":"https:\/\/kulturweit.blog\/kulturweit\/wp-json\/wp\/v2\/media?parent=5503"}],"wp:term":[{"taxonomy":"category","embeddable":true,"href":"https:\/\/kulturweit.blog\/kulturweit\/wp-json\/wp\/v2\/categories?post=5503"},{"taxonomy":"post_tag","embeddable":true,"href":"https:\/\/kulturweit.blog\/kulturweit\/wp-json\/wp\/v2\/tags?post=5503"}],"curies":[{"name":"wp","href":"https:\/\/api.w.org\/{rel}","templated":true}]}}