{"id":5378,"date":"2015-05-28T12:58:23","date_gmt":"2015-05-28T10:58:23","guid":{"rendered":"https:\/\/kulturweit.blog\/kulturweit\/?p=5378"},"modified":"2015-05-28T12:58:23","modified_gmt":"2015-05-28T10:58:23","slug":"stellenausschreibung-vom-auswaertigen-amt","status":"publish","type":"post","link":"https:\/\/kulturweit.blog\/kulturweit\/2015\/05\/28\/stellenausschreibung-vom-auswaertigen-amt\/","title":{"rendered":"Stellenausschreibung vom Ausw\u00e4rtigen Amt"},"content":{"rendered":"<div id=\"js_4o\" class=\"_5pbx userContent\">\n<p>Liebe Alumni,<\/p>\n<p>im Ausw\u00e4rtige Amt wird zum 1. Oktober 2015 ein\/e Sachbearbeiter\/in in der Abteilung Krisenpr\u00e4vention, Stabilisierung und Konfliktnachsorge gesucht.<\/p>\n<p>Bewerben k\u00f6nnt ihr euch bis zum 22. Juni.<\/p>\n<p>Viele Gr\u00fc\u00dfe,<\/p>\n<p>euer kulturweit-Team<\/p>\n<p><a href=\"https:\/\/kulturweit.blog\/kulturweit\/files\/2015\/05\/AusschreibungAA.pdf\">AusschreibungAA<\/a><\/p>\n<\/div>\n","protected":false},"excerpt":{"rendered":"<p>Liebe Alumni, im Ausw\u00e4rtige Amt wird zum 1. Oktober 2015 ein\/e Sachbearbeiter\/in in der Abteilung Krisenpr\u00e4vention, Stabilisierung und Konfliktnachsorge gesucht. Bewerben k\u00f6nnt ihr euch bis zum 22. Juni. Viele Gr\u00fc\u00dfe, euer kulturweit-Team AusschreibungAA<\/p>\n","protected":false},"author":13,"featured_media":0,"comment_status":"open","ping_status":"open","sticky":false,"template":"","format":"standard","meta":{"footnotes":""},"categories":[21],"tags":[],"class_list":["post-5378","post","type-post","status-publish","format-standard","hentry","category-allgemein"],"amp_enabled":true,"_links":{"self":[{"href":"https:\/\/kulturweit.blog\/kulturweit\/wp-json\/wp\/v2\/posts\/5378"}],"collection":[{"href":"https:\/\/kulturweit.blog\/kulturweit\/wp-json\/wp\/v2\/posts"}],"about":[{"href":"https:\/\/kulturweit.blog\/kulturweit\/wp-json\/wp\/v2\/types\/post"}],"author":[{"embeddable":true,"href":"https:\/\/kulturweit.blog\/kulturweit\/wp-json\/wp\/v2\/users\/13"}],"replies":[{"embeddable":true,"href":"https:\/\/kulturweit.blog\/kulturweit\/wp-json\/wp\/v2\/comments?post=5378"}],"version-history":[{"count":0,"href":"https:\/\/kulturweit.blog\/kulturweit\/wp-json\/wp\/v2\/posts\/5378\/revisions"}],"wp:attachment":[{"href":"https:\/\/kulturweit.blog\/kulturweit\/wp-json\/wp\/v2\/media?parent=5378"}],"wp:term":[{"taxonomy":"category","embeddable":true,"href":"https:\/\/kulturweit.blog\/kulturweit\/wp-json\/wp\/v2\/categories?post=5378"},{"taxonomy":"post_tag","embeddable":true,"href":"https:\/\/kulturweit.blog\/kulturweit\/wp-json\/wp\/v2\/tags?post=5378"}],"curies":[{"name":"wp","href":"https:\/\/api.w.org\/{rel}","templated":true}]}}