{"id":5346,"date":"2015-04-14T15:28:40","date_gmt":"2015-04-14T13:28:40","guid":{"rendered":"https:\/\/kulturweit.blog\/kulturweit\/?p=5346"},"modified":"2015-04-14T15:28:40","modified_gmt":"2015-04-14T13:28:40","slug":"elternzeitvertretung-fuer-die-koordination-in-den-bereichen-freiwilligenbetreuung-bewerbungs-und-auswahlverfahren","status":"publish","type":"post","link":"https:\/\/kulturweit.blog\/kulturweit\/2015\/04\/14\/elternzeitvertretung-fuer-die-koordination-in-den-bereichen-freiwilligenbetreuung-bewerbungs-und-auswahlverfahren\/","title":{"rendered":"Elternzeitvertretung f\u00fcr die Koordination in den Bereichen Freiwilligenbetreuung \/\/ Bewerbungs- und Auswahlverfahren"},"content":{"rendered":"<p><strong>Die Deutsche UNESCO-Kommission sucht zum 01. Juni 2015 befristet als Elternzeitvertretung bis zum <\/strong><strong>30. Juni 2016 \u2013 eine\/n Koordinator\/in in den Bereichen Freiwilligenbetreuung \/\/ Bewerbungs- und Auswahlverfahren f\u00fcr den Freiwilligendienst kulturweit (EG 9b)<\/strong><\/p>\n<p>Wir sind eine innovationsstarke Mittlerorganisation der Ausw\u00e4rtigen Kultur- und Bildungspolitik mit anspruchsvollen Aufgabenstellungen im Bereich der multilateralen Kultur-, Bildungs-, Wissenschafts- und Medienpolitik. Der Freiwilligendienst kulturweit ist ein Projekt der DUK, gef\u00f6rdert vom Ausw\u00e4rtigen Amt.<\/p>\n<p>kulturweit, der internationale kulturelle Jugendfreiwilligendienst f\u00fcr Menschen im Alter von 18 bis 26 Jahren, soll bei jungen Menschen b\u00fcrgerschaftliches Engagement, transkulturelle Kompetenz und Weltoffenheit f\u00f6rdern. Er unterst\u00fctzt die Arbeit der deutschen Kulturmittler in L\u00e4ndern des globalen S\u00fcdens und in Staaten Mittel- und S\u00fcdosteuropas und GUS und tr\u00e4gt dazu bei, ihre Aktivit\u00e4ten noch besser ins Inland zu vermitteln.<\/p>\n<p><strong>Ihre Aufgabenschwerpunkte<\/strong><\/p>\n<ul>\n<li>Planung, Organisation und Durchf\u00fchrung des Bewerbungsverfahrens und telefonische und schriftliche Beratung von Interessierten,<\/li>\n<li>Durchf\u00fchrung des kulturweit-Auswahlverfahrens in enger Kooperation mit den kulturweit-Partnerorganisationen und Leitung des Auswahlteams,<\/li>\n<li>Vorbereitung der ausreisenden Freiwilligen, dazu z\u00e4hlen unter anderem die Erstellung von Informationsschreiben, Vereinbarungen und Dokumenten, die individuelle Beratung von zuk\u00fcnftigen Freiwilligen in Bezug auf versicherungs- und sozialversicherungsrechtliche Fragestellungen und soziale Leistungen, die Unterst\u00fctzung bei Schwierigkeiten in der Vorbereitung auf den Freiwilligendienst, etc.,<\/li>\n<li>Administrative und pers\u00f6nliche Betreuung der Freiwilligen w\u00e4hrend des Freiwilligendienstes, Unterst\u00fctzung bei etwaigen Schwierigkeiten und Erarbeitung von L\u00f6sungsm\u00f6glichkeiten,<\/li>\n<li>Betreuung der Freiwilligen nach dem Freiwilligendienst und Erstellung von Dienstbescheinigungen,<\/li>\n<li>Administration der kulturweit-Datenbanken zur Datenverwaltung.<\/li>\n<\/ul>\n<p><strong>Was erwarten wir?<\/strong><\/p>\n<ul>\n<li>Ein \u00fcberdurchschnittlich abgeschlossenes akkreditiertes Hochschulstudium einer einschl\u00e4gigen Fachrichtung (z.B. Kulturwissenschaften, Politikwissenschaften, Ethnologie, internationale Beziehungen, Nonprofit-Management, etc.),<\/li>\n<li>Nachweis sehr guter Kenntnisse der Landschaft der Internationalen Freiwilligendienste in Deutschland und der politischen und rechtlichen Rahmenbedingungen geregelter Freiwilligendienste in Deutschland,<\/li>\n<li>Idealerweise mehrj\u00e4hrige praktische Erfahrung in diesem Aufgabenbereich,<\/li>\n<li>Erfahrung aus der eigenen Teilnahme an einem &#8211; wenn m\u00f6glich internationalen \u2013 Freiwilligendienst,<\/li>\n<li>Exzellentes schriftliches und m\u00fcndliches Ausdrucksverm\u00f6gen und verhandlungssichere Englischkenntnisse,<\/li>\n<li>Freude an administrativen Verwaltungsaufgaben und Bereitschaft zur Einarbeitung in verschiedene Datenbanken,<\/li>\n<li>Hands-on-Mentalit\u00e4t und Bereitschaft, sich auch unter Termindruck zuverl\u00e4ssig und ergebnisorientiert zu engagieren sowie<\/li>\n<li>Teamorientierung und Eigeninitiative in der selbstst\u00e4ndigen Arbeit.<\/li>\n<\/ul>\n<p><strong>Was bieten wir?<\/strong><\/p>\n<ul>\n<li>Eine befristete Einstellung als Elternzeitvertretung in den Bereichen Freiwilligenbetreuung \/\/ Auswahl- und Bewerbungsverfahren (Entgeltgruppe 9b TV\u00f6D) am <strong>Arbeitsort Berlin,<\/strong><\/li>\n<li>Eine interessante, vielseitige und durch Ihr pers\u00f6nliches Engagement zu gestaltende Aufgabe,<\/li>\n<li>Eine Vollzeitt\u00e4tigkeit im Rahmen von 39 Wochenstunden,<\/li>\n<li>Gleitende Arbeitszeiten,<\/li>\n<li>Das Angebot eines verg\u00fcnstigten Jobtickets und<\/li>\n<li>Arbeitsvertrag in Anlehnung an die Vorschriften des TV\u00f6D zzgl. j\u00e4hrliches Leistungsentgelt und betrieblicher Altersvorsorge<\/li>\n<\/ul>\n<p>Schwerbehinderte und nachweislich gleichgestellte Menschen werden bei gleicher Eignung, Bef\u00e4higung und fachlicher Leistung bevorzugt.<\/p>\n<p>F\u00fcr R\u00fcckfragen zum Anforderungsprofil der Stelle und zum Ausschreibungsverfahren steht Ihnen Frau Anna Veigel unter der Rufnummer <strong>030 802020300<\/strong> gerne zur Verf\u00fcgung.<\/p>\n<p>Haben wir Ihr Interesse geweckt? Dann senden Sie uns Ihre aussagekr\u00e4ftigen und vollst\u00e4ndigen Bewerbungs-unterlagen (als <strong>eine<\/strong> pdf-Datei, max. 5 MB) bis zum <strong>30.04.2015 <\/strong>an folgende E-Mail-Adresse: <strong>veigel@kulturweit.de<br \/>\n<\/strong>Betreff: <strong>Bewerbung Freiwilligenbetreuung \/\/ Bewerbungs- und Auswahlverfahren<\/strong><\/p>\n<p><strong>Bewerbungsgespr\u00e4che finden voraussichtlich in der Zeit vom 12.-13. Mai 2015 in Berlin statt.<\/strong><\/p>\n<p><strong><a href=\"https:\/\/kulturweit.blog\/kulturweit\/files\/2015\/04\/Elternzeitvertretung_Koordinator_in_Bewerbungsmanagement_FW_Betreuung_2015.pdf\">Elternzeitvertretung_Koordinator_in_Bewerbungsmanagement_FW_Betreuung_2015<\/a><\/strong><\/p>\n<p><strong>\u00a0<\/strong><\/p>\n","protected":false},"excerpt":{"rendered":"<p>Die Deutsche UNESCO-Kommission sucht zum 01. Juni 2015 befristet als Elternzeitvertretung bis zum 30. Juni 2016 \u2013 eine\/n Koordinator\/in in den Bereichen Freiwilligenbetreuung \/\/ Bewerbungs- und Auswahlverfahren f\u00fcr den Freiwilligendienst kulturweit (EG 9b) Wir sind eine innovationsstarke Mittlerorganisation der Ausw\u00e4rtigen Kultur- und Bildungspolitik mit anspruchsvollen Aufgabenstellungen im Bereich der multilateralen Kultur-, Bildungs-, Wissenschafts- und Medienpolitik. &hellip; <a href=\"https:\/\/kulturweit.blog\/kulturweit\/2015\/04\/14\/elternzeitvertretung-fuer-die-koordination-in-den-bereichen-freiwilligenbetreuung-bewerbungs-und-auswahlverfahren\/\" class=\"more-link\"><span class=\"screen-reader-text\">Elternzeitvertretung f\u00fcr die Koordination in den Bereichen Freiwilligenbetreuung \/\/ Bewerbungs- und Auswahlverfahren<\/span> weiterlesen<\/a><\/p>\n","protected":false},"author":13,"featured_media":0,"comment_status":"open","ping_status":"open","sticky":false,"template":"","format":"standard","meta":{"footnotes":""},"categories":[21],"tags":[],"class_list":["post-5346","post","type-post","status-publish","format-standard","hentry","category-allgemein"],"amp_enabled":true,"_links":{"self":[{"href":"https:\/\/kulturweit.blog\/kulturweit\/wp-json\/wp\/v2\/posts\/5346"}],"collection":[{"href":"https:\/\/kulturweit.blog\/kulturweit\/wp-json\/wp\/v2\/posts"}],"about":[{"href":"https:\/\/kulturweit.blog\/kulturweit\/wp-json\/wp\/v2\/types\/post"}],"author":[{"embeddable":true,"href":"https:\/\/kulturweit.blog\/kulturweit\/wp-json\/wp\/v2\/users\/13"}],"replies":[{"embeddable":true,"href":"https:\/\/kulturweit.blog\/kulturweit\/wp-json\/wp\/v2\/comments?post=5346"}],"version-history":[{"count":0,"href":"https:\/\/kulturweit.blog\/kulturweit\/wp-json\/wp\/v2\/posts\/5346\/revisions"}],"wp:attachment":[{"href":"https:\/\/kulturweit.blog\/kulturweit\/wp-json\/wp\/v2\/media?parent=5346"}],"wp:term":[{"taxonomy":"category","embeddable":true,"href":"https:\/\/kulturweit.blog\/kulturweit\/wp-json\/wp\/v2\/categories?post=5346"},{"taxonomy":"post_tag","embeddable":true,"href":"https:\/\/kulturweit.blog\/kulturweit\/wp-json\/wp\/v2\/tags?post=5346"}],"curies":[{"name":"wp","href":"https:\/\/api.w.org\/{rel}","templated":true}]}}