{"id":5344,"date":"2015-04-10T12:11:07","date_gmt":"2015-04-10T10:11:07","guid":{"rendered":"https:\/\/kulturweit.blog\/kulturweit\/?p=5344"},"modified":"2015-04-10T12:11:07","modified_gmt":"2015-04-10T10:11:07","slug":"anmeldung-bis-01-mai-zum-alumnitreffen-12-14-juni-2015-in-der-ejb","status":"publish","type":"post","link":"https:\/\/kulturweit.blog\/kulturweit\/2015\/04\/10\/anmeldung-bis-01-mai-zum-alumnitreffen-12-14-juni-2015-in-der-ejb\/","title":{"rendered":"Anmeldung bis 01. Mai zum Alumnitreffen 12.-14. Juni 2015 in der EJB"},"content":{"rendered":"<p>Noch bis zum 01. Mai k\u00f6nnt ihr euch mit einer Mail an alumni@kulturweit.de f\u00fcr das diesj\u00e4hrige Alumni-Jahrestreffen anmelden. Es findet vom 12.-14. Juni 2015 in der EJB am Werbellinsee statt.<\/p>\n<p>Mehr Infos findet ihr auf unserer Webseite:<br \/>\n<a href=\"http:\/\/www.kulturweit.de\/de\/alumni\/alumni_jahrestreffen.html\">http:\/\/www.kulturweit.de\/de\/alumni\/alumni_jahrestreffen.html<\/a><\/p>\n<p>Euer kulturweit-Team<\/p>\n","protected":false},"excerpt":{"rendered":"<p>Noch bis zum 01. Mai k\u00f6nnt ihr euch mit einer Mail an alumni@kulturweit.de f\u00fcr das diesj\u00e4hrige Alumni-Jahrestreffen anmelden. Es findet vom 12.-14. Juni 2015 in der EJB am Werbellinsee statt. Mehr Infos findet ihr auf unserer Webseite: http:\/\/www.kulturweit.de\/de\/alumni\/alumni_jahrestreffen.html Euer kulturweit-Team<\/p>\n","protected":false},"author":13,"featured_media":0,"comment_status":"open","ping_status":"open","sticky":false,"template":"","format":"standard","meta":{"footnotes":""},"categories":[21],"tags":[],"class_list":["post-5344","post","type-post","status-publish","format-standard","hentry","category-allgemein"],"amp_enabled":true,"_links":{"self":[{"href":"https:\/\/kulturweit.blog\/kulturweit\/wp-json\/wp\/v2\/posts\/5344"}],"collection":[{"href":"https:\/\/kulturweit.blog\/kulturweit\/wp-json\/wp\/v2\/posts"}],"about":[{"href":"https:\/\/kulturweit.blog\/kulturweit\/wp-json\/wp\/v2\/types\/post"}],"author":[{"embeddable":true,"href":"https:\/\/kulturweit.blog\/kulturweit\/wp-json\/wp\/v2\/users\/13"}],"replies":[{"embeddable":true,"href":"https:\/\/kulturweit.blog\/kulturweit\/wp-json\/wp\/v2\/comments?post=5344"}],"version-history":[{"count":0,"href":"https:\/\/kulturweit.blog\/kulturweit\/wp-json\/wp\/v2\/posts\/5344\/revisions"}],"wp:attachment":[{"href":"https:\/\/kulturweit.blog\/kulturweit\/wp-json\/wp\/v2\/media?parent=5344"}],"wp:term":[{"taxonomy":"category","embeddable":true,"href":"https:\/\/kulturweit.blog\/kulturweit\/wp-json\/wp\/v2\/categories?post=5344"},{"taxonomy":"post_tag","embeddable":true,"href":"https:\/\/kulturweit.blog\/kulturweit\/wp-json\/wp\/v2\/tags?post=5344"}],"curies":[{"name":"wp","href":"https:\/\/api.w.org\/{rel}","templated":true}]}}