{"id":5254,"date":"2014-10-20T12:42:26","date_gmt":"2014-10-20T12:42:26","guid":{"rendered":"http:\/\/mazunga.de\/?p=5254"},"modified":"2014-10-20T12:42:26","modified_gmt":"2014-10-20T12:42:26","slug":"4-berliner-forum-aussenpolitik","status":"publish","type":"post","link":"https:\/\/kulturweit.blog\/kulturweit\/2014\/10\/20\/4-berliner-forum-aussenpolitik\/","title":{"rendered":"4. Berliner Forum Au\u00dfenpolitik"},"content":{"rendered":"<p>Liebe kulturweit-Alumni,<\/p>\n<p>wenn ihr gro\u00dfes Interesse an au\u00dfenpolitischen Themen und Diskussionen habt, dann empfehlen wir euch das 4. Berliner Forum Au\u00dfenpolitik mit Au\u00dfenminister Steinmeier.<\/p>\n<p><a href=\"http:\/\/www.review2014.de\/de\/veranstaltungen\/show\/article\/4-berliner-forum-aussenpolitik-mit-aussenminister-steinmeier.html\">http:\/\/www.review2014.de\/de\/veranstaltungen\/show\/article\/4-berliner-forum-aussenpolitik-mit-aussenminister-steinmeier.html<\/a><\/p>\n<p>Viel Spa\u00df w\u00fcnscht das \u00bbkulturweit\u00ab-Team<\/p>\n","protected":false},"excerpt":{"rendered":"<p>Liebe kulturweit-Alumni, wenn ihr gro\u00dfes Interesse an au\u00dfenpolitischen Themen und Diskussionen habt, dann empfehlen wir euch das 4. Berliner Forum Au\u00dfenpolitik mit Au\u00dfenminister Steinmeier. http:\/\/www.review2014.de\/de\/veranstaltungen\/show\/article\/4-berliner-forum-aussenpolitik-mit-aussenminister-steinmeier.html Viel Spa\u00df w\u00fcnscht das \u00bbkulturweit\u00ab-Team<\/p>\n","protected":false},"author":13,"featured_media":5255,"comment_status":"open","ping_status":"open","sticky":false,"template":"","format":"standard","meta":{"footnotes":""},"categories":[21],"tags":[],"class_list":["post-5254","post","type-post","status-publish","format-standard","has-post-thumbnail","hentry","category-allgemein"],"amp_enabled":true,"_links":{"self":[{"href":"https:\/\/kulturweit.blog\/kulturweit\/wp-json\/wp\/v2\/posts\/5254"}],"collection":[{"href":"https:\/\/kulturweit.blog\/kulturweit\/wp-json\/wp\/v2\/posts"}],"about":[{"href":"https:\/\/kulturweit.blog\/kulturweit\/wp-json\/wp\/v2\/types\/post"}],"author":[{"embeddable":true,"href":"https:\/\/kulturweit.blog\/kulturweit\/wp-json\/wp\/v2\/users\/13"}],"replies":[{"embeddable":true,"href":"https:\/\/kulturweit.blog\/kulturweit\/wp-json\/wp\/v2\/comments?post=5254"}],"version-history":[{"count":0,"href":"https:\/\/kulturweit.blog\/kulturweit\/wp-json\/wp\/v2\/posts\/5254\/revisions"}],"wp:featuredmedia":[{"embeddable":true,"href":"https:\/\/kulturweit.blog\/kulturweit\/wp-json\/"}],"wp:attachment":[{"href":"https:\/\/kulturweit.blog\/kulturweit\/wp-json\/wp\/v2\/media?parent=5254"}],"wp:term":[{"taxonomy":"category","embeddable":true,"href":"https:\/\/kulturweit.blog\/kulturweit\/wp-json\/wp\/v2\/categories?post=5254"},{"taxonomy":"post_tag","embeddable":true,"href":"https:\/\/kulturweit.blog\/kulturweit\/wp-json\/wp\/v2\/tags?post=5254"}],"curies":[{"name":"wp","href":"https:\/\/api.w.org\/{rel}","templated":true}]}}