{"id":5234,"date":"2014-09-18T13:30:37","date_gmt":"2014-09-18T13:30:37","guid":{"rendered":"http:\/\/mazunga.de\/?p=5234"},"modified":"2014-09-18T13:30:37","modified_gmt":"2014-09-18T13:30:37","slug":"stellenausschreibung-bei-schueler-helfen-leben","status":"publish","type":"post","link":"https:\/\/kulturweit.blog\/kulturweit\/2014\/09\/18\/stellenausschreibung-bei-schueler-helfen-leben\/","title":{"rendered":"Stellenausschreibung bei &#8222;Sch\u00fcler helfen Leben&#8220;"},"content":{"rendered":"<p>Liebe \u00bbkulturweit\u00ab-Alumni,<\/p>\n<p id=\"E96\">bei &#8222;Sch\u00fcler helfen Leben&#8220; wird derzeitig eine P\u00e4dagogische Begleitkraft, die\u00a0junge Menschen in ihrem Freiwilligen Sozialen Jahr betreut gesucht. Die Stelle ist zun\u00e4chst mit 40% (16 Wochenstunden) Kapazit\u00e4t angelegt. Arbeitsort ist das B\u00fcro in Neum\u00fcnster. Die Stelle ist vorerst auf 2 Jahre befristet.<\/p>\n<p>Mehr Informationen findet ihr <a title=\"Webseite Sch\u00fcler helfen Leben\" href=\"http:\/\/www.schueler-helfen-leben.de\/de\/home\/verein\/team\/stellenausschreibung\/ausschreibung_paedagogische_begleitkraft.html\" target=\"_blank\">hier<\/a>.<\/p>\n<p>Wir w\u00fcnschen euch viel Erfolg bei der Bewerbung.<\/p>\n<p>Euer \u00bbkulturweit\u00ab-Team<\/p>\n","protected":false},"excerpt":{"rendered":"<p>Liebe \u00bbkulturweit\u00ab-Alumni, bei &#8222;Sch\u00fcler helfen Leben&#8220; wird derzeitig eine P\u00e4dagogische Begleitkraft, die\u00a0junge Menschen in ihrem Freiwilligen Sozialen Jahr betreut gesucht. Die Stelle ist zun\u00e4chst mit 40% (16 Wochenstunden) Kapazit\u00e4t angelegt. Arbeitsort ist das B\u00fcro in Neum\u00fcnster. Die Stelle ist vorerst auf 2 Jahre befristet. Mehr Informationen findet ihr hier. Wir w\u00fcnschen euch viel Erfolg bei &hellip; <a href=\"https:\/\/kulturweit.blog\/kulturweit\/2014\/09\/18\/stellenausschreibung-bei-schueler-helfen-leben\/\" class=\"more-link\"><span class=\"screen-reader-text\">Stellenausschreibung bei &#8222;Sch\u00fcler helfen Leben&#8220;<\/span> weiterlesen<\/a><\/p>\n","protected":false},"author":13,"featured_media":5121,"comment_status":"open","ping_status":"open","sticky":false,"template":"","format":"standard","meta":{"footnotes":""},"categories":[21],"tags":[],"class_list":["post-5234","post","type-post","status-publish","format-standard","has-post-thumbnail","hentry","category-allgemein"],"amp_enabled":true,"_links":{"self":[{"href":"https:\/\/kulturweit.blog\/kulturweit\/wp-json\/wp\/v2\/posts\/5234"}],"collection":[{"href":"https:\/\/kulturweit.blog\/kulturweit\/wp-json\/wp\/v2\/posts"}],"about":[{"href":"https:\/\/kulturweit.blog\/kulturweit\/wp-json\/wp\/v2\/types\/post"}],"author":[{"embeddable":true,"href":"https:\/\/kulturweit.blog\/kulturweit\/wp-json\/wp\/v2\/users\/13"}],"replies":[{"embeddable":true,"href":"https:\/\/kulturweit.blog\/kulturweit\/wp-json\/wp\/v2\/comments?post=5234"}],"version-history":[{"count":0,"href":"https:\/\/kulturweit.blog\/kulturweit\/wp-json\/wp\/v2\/posts\/5234\/revisions"}],"wp:featuredmedia":[{"embeddable":true,"href":"https:\/\/kulturweit.blog\/kulturweit\/wp-json\/"}],"wp:attachment":[{"href":"https:\/\/kulturweit.blog\/kulturweit\/wp-json\/wp\/v2\/media?parent=5234"}],"wp:term":[{"taxonomy":"category","embeddable":true,"href":"https:\/\/kulturweit.blog\/kulturweit\/wp-json\/wp\/v2\/categories?post=5234"},{"taxonomy":"post_tag","embeddable":true,"href":"https:\/\/kulturweit.blog\/kulturweit\/wp-json\/wp\/v2\/tags?post=5234"}],"curies":[{"name":"wp","href":"https:\/\/api.w.org\/{rel}","templated":true}]}}