{"id":5216,"date":"2014-09-04T08:52:38","date_gmt":"2014-09-04T08:52:38","guid":{"rendered":"http:\/\/mazunga.de\/?p=5216"},"modified":"2014-09-04T08:52:38","modified_gmt":"2014-09-04T08:52:38","slug":"praktikum-bei-der-duk-in-bonn-wissenschaft-und-menschenrechte","status":"publish","type":"post","link":"https:\/\/kulturweit.blog\/kulturweit\/2014\/09\/04\/praktikum-bei-der-duk-in-bonn-wissenschaft-und-menschenrechte\/","title":{"rendered":"Praktikum bei der DUK in Bonn \/\/ Wissenschaft und Menschenrechte"},"content":{"rendered":"<p>Liebe \u00bbkulturweit\u00ab-Alumni,<\/p>\n<p>heute m\u00f6chten wir euch auf eine Ausschreibung f\u00fcr ein Praktikum bei der Deutschen UNESCO Kommission in Bonn, im Fachbereich Wissenschaft\/Menschenrechte aufmerksam machen. Von Mitte November 2014\u00a0 bis Ende Januar 2015 k\u00f6nnt ihr bei den Vorbereitungen zur langen Nacht des Menschenrechtsfilmpreises mitwirken und die \u00d6ffentlichkeitsarbeit des Fachbereiches unterst\u00fctzen.<\/p>\n<p><a href=\"http:\/\/mazunga.de\/wp-content\/uploads\/2014\/09\/Ausschreibung-Praktikum-2014.pdf\">Ausschreibung Praktikum 2014<\/a><\/p>\n<p>Noch bis zum 30.09.2014 k\u00f6nnt ihr euch bewerben. Wir w\u00fcnschen euch dabei viel Erfolg.<\/p>\n<p>Euer \u00bbkulturweit\u00ab-Team<\/p>\n","protected":false},"excerpt":{"rendered":"<p>Liebe \u00bbkulturweit\u00ab-Alumni, heute m\u00f6chten wir euch auf eine Ausschreibung f\u00fcr ein Praktikum bei der Deutschen UNESCO Kommission in Bonn, im Fachbereich Wissenschaft\/Menschenrechte aufmerksam machen. Von Mitte November 2014\u00a0 bis Ende Januar 2015 k\u00f6nnt ihr bei den Vorbereitungen zur langen Nacht des Menschenrechtsfilmpreises mitwirken und die \u00d6ffentlichkeitsarbeit des Fachbereiches unterst\u00fctzen. Ausschreibung Praktikum 2014 Noch bis zum &hellip; <a href=\"https:\/\/kulturweit.blog\/kulturweit\/2014\/09\/04\/praktikum-bei-der-duk-in-bonn-wissenschaft-und-menschenrechte\/\" class=\"more-link\"><span class=\"screen-reader-text\">Praktikum bei der DUK in Bonn \/\/ Wissenschaft und Menschenrechte<\/span> weiterlesen<\/a><\/p>\n","protected":false},"author":13,"featured_media":4347,"comment_status":"open","ping_status":"open","sticky":false,"template":"","format":"standard","meta":{"footnotes":""},"categories":[21],"tags":[],"class_list":["post-5216","post","type-post","status-publish","format-standard","has-post-thumbnail","hentry","category-allgemein"],"amp_enabled":true,"_links":{"self":[{"href":"https:\/\/kulturweit.blog\/kulturweit\/wp-json\/wp\/v2\/posts\/5216"}],"collection":[{"href":"https:\/\/kulturweit.blog\/kulturweit\/wp-json\/wp\/v2\/posts"}],"about":[{"href":"https:\/\/kulturweit.blog\/kulturweit\/wp-json\/wp\/v2\/types\/post"}],"author":[{"embeddable":true,"href":"https:\/\/kulturweit.blog\/kulturweit\/wp-json\/wp\/v2\/users\/13"}],"replies":[{"embeddable":true,"href":"https:\/\/kulturweit.blog\/kulturweit\/wp-json\/wp\/v2\/comments?post=5216"}],"version-history":[{"count":0,"href":"https:\/\/kulturweit.blog\/kulturweit\/wp-json\/wp\/v2\/posts\/5216\/revisions"}],"wp:featuredmedia":[{"embeddable":true,"href":"https:\/\/kulturweit.blog\/kulturweit\/wp-json\/"}],"wp:attachment":[{"href":"https:\/\/kulturweit.blog\/kulturweit\/wp-json\/wp\/v2\/media?parent=5216"}],"wp:term":[{"taxonomy":"category","embeddable":true,"href":"https:\/\/kulturweit.blog\/kulturweit\/wp-json\/wp\/v2\/categories?post=5216"},{"taxonomy":"post_tag","embeddable":true,"href":"https:\/\/kulturweit.blog\/kulturweit\/wp-json\/wp\/v2\/tags?post=5216"}],"curies":[{"name":"wp","href":"https:\/\/api.w.org\/{rel}","templated":true}]}}