{"id":5213,"date":"2014-09-02T15:05:12","date_gmt":"2014-09-02T15:05:12","guid":{"rendered":"http:\/\/mazunga.de\/?p=5213"},"modified":"2014-09-02T15:05:12","modified_gmt":"2014-09-02T15:05:12","slug":"verlaengerung-der-bewerbungsfrist-fuer-welterbe-ag-bis-zum-07-september","status":"publish","type":"post","link":"https:\/\/kulturweit.blog\/kulturweit\/2014\/09\/02\/verlaengerung-der-bewerbungsfrist-fuer-welterbe-ag-bis-zum-07-september\/","title":{"rendered":"Verl\u00e4ngerung der Bewerbungsfrist f\u00fcr Welterbe AG bis zum 07. September"},"content":{"rendered":"<p>Liebe \u00bbkulturweit\u00ab-Alumni,<\/p>\n<p>aus R\u00fccksicht auf die frisch zur\u00fcckgekehrten Freiwilligen verl\u00e4ngern wir die Bewerbungsfrist f\u00fcr die Teilnahme an der Welterbe AG bis zum 07. September 2014.<\/p>\n<p><a href=\"http:\/\/mazunga.de\/wp-content\/uploads\/2014\/09\/Ausschreibung_Welterbe_Verl\u00e4ngerung.pdf\">Ausschreibung_Welterbe_Verl\u00e4ngerung<\/a><\/p>\n<p>Wir freuen uns auf eure Bewerbungen.<\/p>\n<p>Euer \u00bbkulturweit\u00ab-Team<\/p>\n","protected":false},"excerpt":{"rendered":"<p>Liebe \u00bbkulturweit\u00ab-Alumni, aus R\u00fccksicht auf die frisch zur\u00fcckgekehrten Freiwilligen verl\u00e4ngern wir die Bewerbungsfrist f\u00fcr die Teilnahme an der Welterbe AG bis zum 07. September 2014. Ausschreibung_Welterbe_Verl\u00e4ngerung Wir freuen uns auf eure Bewerbungen. Euer \u00bbkulturweit\u00ab-Team<\/p>\n","protected":false},"author":13,"featured_media":4083,"comment_status":"open","ping_status":"open","sticky":false,"template":"","format":"standard","meta":{"footnotes":""},"categories":[21],"tags":[],"class_list":["post-5213","post","type-post","status-publish","format-standard","has-post-thumbnail","hentry","category-allgemein"],"amp_enabled":true,"_links":{"self":[{"href":"https:\/\/kulturweit.blog\/kulturweit\/wp-json\/wp\/v2\/posts\/5213"}],"collection":[{"href":"https:\/\/kulturweit.blog\/kulturweit\/wp-json\/wp\/v2\/posts"}],"about":[{"href":"https:\/\/kulturweit.blog\/kulturweit\/wp-json\/wp\/v2\/types\/post"}],"author":[{"embeddable":true,"href":"https:\/\/kulturweit.blog\/kulturweit\/wp-json\/wp\/v2\/users\/13"}],"replies":[{"embeddable":true,"href":"https:\/\/kulturweit.blog\/kulturweit\/wp-json\/wp\/v2\/comments?post=5213"}],"version-history":[{"count":0,"href":"https:\/\/kulturweit.blog\/kulturweit\/wp-json\/wp\/v2\/posts\/5213\/revisions"}],"wp:featuredmedia":[{"embeddable":true,"href":"https:\/\/kulturweit.blog\/kulturweit\/wp-json\/"}],"wp:attachment":[{"href":"https:\/\/kulturweit.blog\/kulturweit\/wp-json\/wp\/v2\/media?parent=5213"}],"wp:term":[{"taxonomy":"category","embeddable":true,"href":"https:\/\/kulturweit.blog\/kulturweit\/wp-json\/wp\/v2\/categories?post=5213"},{"taxonomy":"post_tag","embeddable":true,"href":"https:\/\/kulturweit.blog\/kulturweit\/wp-json\/wp\/v2\/tags?post=5213"}],"curies":[{"name":"wp","href":"https:\/\/api.w.org\/{rel}","templated":true}]}}