{"id":5211,"date":"2014-08-28T13:02:24","date_gmt":"2014-08-28T13:02:24","guid":{"rendered":"http:\/\/mazunga.de\/?p=5211"},"modified":"2014-08-28T13:02:24","modified_gmt":"2014-08-28T13:02:24","slug":"unterstuetzer_innen-fuer-bne-abschlusskonferenz-gesucht","status":"publish","type":"post","link":"https:\/\/kulturweit.blog\/kulturweit\/2014\/08\/28\/unterstuetzer_innen-fuer-bne-abschlusskonferenz-gesucht\/","title":{"rendered":"Unterst\u00fctzer_innen f\u00fcr BNE Abschlusskonferenz gesucht"},"content":{"rendered":"<p>Liebe \u00bbkulturweit\u00ab-Alumni im Raum Bonn\/K\u00f6ln,<\/p>\n<p>vom 29.-30. September findet in Bonn die Nationale Konferenz zum Abschluss der UN-Dekade Bildung f\u00fcr nachhaltige Entwicklung statt. F\u00fcr die Unterst\u00fctzung auf der Konferenz suchen wir noch interessierte Alumni, die w\u00e4hrend der Konferenz als Ansprechpersonen in und vor dem Geb\u00e4ude, sowie als Springer beim Einlass oder Infopoint mitwirken k\u00f6nnen. Ihr erhaltet von uns exklusive Einblicke in die Konferenz und Verpflegung vor Ort. Euer Einsatz w\u00fcrde sich von 08:00-18:00 erstrecken, Pausen sind nat\u00fcrlich eingeplant.<\/p>\n<p>Weitere Informationen zur Konferenz findet ihr auf folgender Webseite: <a href=\"http:\/\/www.bnekonferenz2014.de\/\">www.bnekonferenz2014.de\/<\/a><\/p>\n<p>Bitte schreibt uns doch bis zum 10. September, ob ihr uns unterst\u00fctzen k\u00f6nnt. Bitte schreibt dazu, an welchen der beiden Tage ihr dabei seid.<\/p>\n<p>Wir freuen uns auf eure R\u00fcckmeldungen.<\/p>\n<p>Beste Gr\u00fc\u00dfe aus Berlin<\/p>\n<p>Euer \u00bbkulturweit\u00ab&#8211;Team<\/p>\n","protected":false},"excerpt":{"rendered":"<p>Liebe \u00bbkulturweit\u00ab-Alumni im Raum Bonn\/K\u00f6ln, vom 29.-30. September findet in Bonn die Nationale Konferenz zum Abschluss der UN-Dekade Bildung f\u00fcr nachhaltige Entwicklung statt. F\u00fcr die Unterst\u00fctzung auf der Konferenz suchen wir noch interessierte Alumni, die w\u00e4hrend der Konferenz als Ansprechpersonen in und vor dem Geb\u00e4ude, sowie als Springer beim Einlass oder Infopoint mitwirken k\u00f6nnen. Ihr &hellip; <a href=\"https:\/\/kulturweit.blog\/kulturweit\/2014\/08\/28\/unterstuetzer_innen-fuer-bne-abschlusskonferenz-gesucht\/\" class=\"more-link\"><span class=\"screen-reader-text\">Unterst\u00fctzer_innen f\u00fcr BNE Abschlusskonferenz gesucht<\/span> weiterlesen<\/a><\/p>\n","protected":false},"author":13,"featured_media":4347,"comment_status":"open","ping_status":"open","sticky":false,"template":"","format":"standard","meta":{"footnotes":""},"categories":[21],"tags":[],"class_list":["post-5211","post","type-post","status-publish","format-standard","has-post-thumbnail","hentry","category-allgemein"],"amp_enabled":true,"_links":{"self":[{"href":"https:\/\/kulturweit.blog\/kulturweit\/wp-json\/wp\/v2\/posts\/5211"}],"collection":[{"href":"https:\/\/kulturweit.blog\/kulturweit\/wp-json\/wp\/v2\/posts"}],"about":[{"href":"https:\/\/kulturweit.blog\/kulturweit\/wp-json\/wp\/v2\/types\/post"}],"author":[{"embeddable":true,"href":"https:\/\/kulturweit.blog\/kulturweit\/wp-json\/wp\/v2\/users\/13"}],"replies":[{"embeddable":true,"href":"https:\/\/kulturweit.blog\/kulturweit\/wp-json\/wp\/v2\/comments?post=5211"}],"version-history":[{"count":0,"href":"https:\/\/kulturweit.blog\/kulturweit\/wp-json\/wp\/v2\/posts\/5211\/revisions"}],"wp:featuredmedia":[{"embeddable":true,"href":"https:\/\/kulturweit.blog\/kulturweit\/wp-json\/"}],"wp:attachment":[{"href":"https:\/\/kulturweit.blog\/kulturweit\/wp-json\/wp\/v2\/media?parent=5211"}],"wp:term":[{"taxonomy":"category","embeddable":true,"href":"https:\/\/kulturweit.blog\/kulturweit\/wp-json\/wp\/v2\/categories?post=5211"},{"taxonomy":"post_tag","embeddable":true,"href":"https:\/\/kulturweit.blog\/kulturweit\/wp-json\/wp\/v2\/tags?post=5211"}],"curies":[{"name":"wp","href":"https:\/\/api.w.org\/{rel}","templated":true}]}}