{"id":5183,"date":"2014-07-30T13:22:38","date_gmt":"2014-07-30T13:22:38","guid":{"rendered":"http:\/\/mazunga.de\/?p=5183"},"modified":"2014-07-30T13:22:38","modified_gmt":"2014-07-30T13:22:38","slug":"einladung-zum-empfang-beim-pad-in-bonn-am-14-08-2014","status":"publish","type":"post","link":"https:\/\/kulturweit.blog\/kulturweit\/2014\/07\/30\/einladung-zum-empfang-beim-pad-in-bonn-am-14-08-2014\/","title":{"rendered":"Einladung zum Empfang beim PAD in Bonn am 14.08.2014"},"content":{"rendered":"<p>Liebe \u00bbkulturweit\u00ab-Alumni im Raum K\u00f6ln\/Bonn,<\/p>\n<p>am 14.08.2014 wird die Alumni-Fahrradkarawane 14:00 in Bonn einfahren und ihr k\u00f6nnt dabei sein. Der PAD l\u00e4dt herzlich alle interessierten Alumni zu einem kleinen Sommerfest zu sich in die Wagenhalle ein. F\u00fcllt einfach den Anmeldebogen bis zum 06. August aus und seid dabei. F\u00fcr Speisen und Getr\u00e4nke ist gesorgt.<\/p>\n<p><a href=\"http:\/\/mazunga.de\/wp-content\/uploads\/2014\/07\/Anmeldebogen_Empfang_PAD_Aug2014.pdf\">Anmeldebogen_Empfang_PAD_Aug2014<\/a><\/p>\n<p>Wir w\u00fcnschen euch viel Spa\u00df beim Feiern.<\/p>\n<p>Euer \u00bbkulturweit\u00ab-Team<\/p>\n","protected":false},"excerpt":{"rendered":"<p>Liebe \u00bbkulturweit\u00ab-Alumni im Raum K\u00f6ln\/Bonn, am 14.08.2014 wird die Alumni-Fahrradkarawane 14:00 in Bonn einfahren und ihr k\u00f6nnt dabei sein. Der PAD l\u00e4dt herzlich alle interessierten Alumni zu einem kleinen Sommerfest zu sich in die Wagenhalle ein. F\u00fcllt einfach den Anmeldebogen bis zum 06. August aus und seid dabei. F\u00fcr Speisen und Getr\u00e4nke ist gesorgt. Anmeldebogen_Empfang_PAD_Aug2014 &hellip; <a href=\"https:\/\/kulturweit.blog\/kulturweit\/2014\/07\/30\/einladung-zum-empfang-beim-pad-in-bonn-am-14-08-2014\/\" class=\"more-link\"><span class=\"screen-reader-text\">Einladung zum Empfang beim PAD in Bonn am 14.08.2014<\/span> weiterlesen<\/a><\/p>\n","protected":false},"author":13,"featured_media":5185,"comment_status":"open","ping_status":"open","sticky":false,"template":"","format":"standard","meta":{"footnotes":""},"categories":[21],"tags":[],"class_list":["post-5183","post","type-post","status-publish","format-standard","has-post-thumbnail","hentry","category-allgemein"],"amp_enabled":true,"_links":{"self":[{"href":"https:\/\/kulturweit.blog\/kulturweit\/wp-json\/wp\/v2\/posts\/5183"}],"collection":[{"href":"https:\/\/kulturweit.blog\/kulturweit\/wp-json\/wp\/v2\/posts"}],"about":[{"href":"https:\/\/kulturweit.blog\/kulturweit\/wp-json\/wp\/v2\/types\/post"}],"author":[{"embeddable":true,"href":"https:\/\/kulturweit.blog\/kulturweit\/wp-json\/wp\/v2\/users\/13"}],"replies":[{"embeddable":true,"href":"https:\/\/kulturweit.blog\/kulturweit\/wp-json\/wp\/v2\/comments?post=5183"}],"version-history":[{"count":0,"href":"https:\/\/kulturweit.blog\/kulturweit\/wp-json\/wp\/v2\/posts\/5183\/revisions"}],"wp:featuredmedia":[{"embeddable":true,"href":"https:\/\/kulturweit.blog\/kulturweit\/wp-json\/"}],"wp:attachment":[{"href":"https:\/\/kulturweit.blog\/kulturweit\/wp-json\/wp\/v2\/media?parent=5183"}],"wp:term":[{"taxonomy":"category","embeddable":true,"href":"https:\/\/kulturweit.blog\/kulturweit\/wp-json\/wp\/v2\/categories?post=5183"},{"taxonomy":"post_tag","embeddable":true,"href":"https:\/\/kulturweit.blog\/kulturweit\/wp-json\/wp\/v2\/tags?post=5183"}],"curies":[{"name":"wp","href":"https:\/\/api.w.org\/{rel}","templated":true}]}}