{"id":5181,"date":"2014-07-16T12:31:26","date_gmt":"2014-07-16T12:31:26","guid":{"rendered":"http:\/\/mazunga.de\/?p=5181"},"modified":"2014-07-16T12:31:26","modified_gmt":"2014-07-16T12:31:26","slug":"europeans-for-peace","status":"publish","type":"post","link":"https:\/\/kulturweit.blog\/kulturweit\/2014\/07\/16\/europeans-for-peace\/","title":{"rendered":"Europeans for Peace"},"content":{"rendered":"<p>Liebe ehemalige Freiwillige,<\/p>\n<p>das Austauschprogramm \u201eEuropeans for Peace\u201c k\u00f6nnte f\u00fcr Euch interessant sein. Zum Thema \u201eDiskriminierung: Augen auf! Projekte \u00fcber Ausgrenzung damals \u2013 und heute\u201c k\u00f6nnen Schulen und Bildungstr\u00e4ger internationale, gemeinsame Projekte beantragen. Infos unter: <a href=\"http:\/\/www.europeans-for-peace.de\/\" target=\"_blank\" rel=\"nofollow\">www.europeans-for-peace.de<\/a><\/p>\n<p>Viele Gr\u00fc\u00dfe<br \/>\neuer \u00bbkulturweit\u00ab-Team<\/p>\n","protected":false},"excerpt":{"rendered":"<p>Liebe ehemalige Freiwillige, das Austauschprogramm \u201eEuropeans for Peace\u201c k\u00f6nnte f\u00fcr Euch interessant sein. Zum Thema \u201eDiskriminierung: Augen auf! Projekte \u00fcber Ausgrenzung damals \u2013 und heute\u201c k\u00f6nnen Schulen und Bildungstr\u00e4ger internationale, gemeinsame Projekte beantragen. Infos unter: www.europeans-for-peace.de Viele Gr\u00fc\u00dfe euer \u00bbkulturweit\u00ab-Team<\/p>\n","protected":false},"author":13,"featured_media":0,"comment_status":"open","ping_status":"open","sticky":false,"template":"","format":"standard","meta":{"footnotes":""},"categories":[92203],"tags":[],"class_list":["post-5181","post","type-post","status-publish","format-standard","hentry","category-ausschreibung"],"amp_enabled":true,"_links":{"self":[{"href":"https:\/\/kulturweit.blog\/kulturweit\/wp-json\/wp\/v2\/posts\/5181"}],"collection":[{"href":"https:\/\/kulturweit.blog\/kulturweit\/wp-json\/wp\/v2\/posts"}],"about":[{"href":"https:\/\/kulturweit.blog\/kulturweit\/wp-json\/wp\/v2\/types\/post"}],"author":[{"embeddable":true,"href":"https:\/\/kulturweit.blog\/kulturweit\/wp-json\/wp\/v2\/users\/13"}],"replies":[{"embeddable":true,"href":"https:\/\/kulturweit.blog\/kulturweit\/wp-json\/wp\/v2\/comments?post=5181"}],"version-history":[{"count":0,"href":"https:\/\/kulturweit.blog\/kulturweit\/wp-json\/wp\/v2\/posts\/5181\/revisions"}],"wp:attachment":[{"href":"https:\/\/kulturweit.blog\/kulturweit\/wp-json\/wp\/v2\/media?parent=5181"}],"wp:term":[{"taxonomy":"category","embeddable":true,"href":"https:\/\/kulturweit.blog\/kulturweit\/wp-json\/wp\/v2\/categories?post=5181"},{"taxonomy":"post_tag","embeddable":true,"href":"https:\/\/kulturweit.blog\/kulturweit\/wp-json\/wp\/v2\/tags?post=5181"}],"curies":[{"name":"wp","href":"https:\/\/api.w.org\/{rel}","templated":true}]}}