{"id":5170,"date":"2014-06-30T07:11:40","date_gmt":"2014-06-30T07:11:40","guid":{"rendered":"http:\/\/mazunga.de\/?p=5170"},"modified":"2014-06-30T07:11:40","modified_gmt":"2014-06-30T07:11:40","slug":"multiplikatorenaustausch-deutschland-tuerkei","status":"publish","type":"post","link":"https:\/\/kulturweit.blog\/kulturweit\/2014\/06\/30\/multiplikatorenaustausch-deutschland-tuerkei\/","title":{"rendered":"Multiplikatorenaustausch Deutschland T\u00fcrkei"},"content":{"rendered":"<p>Liebe \u00bbkulturweit\u00ab-Alumni,<\/p>\n<p>heute m\u00f6chten wir euch auf eine Aussschreibung des YFU aufmerksam machen. Es handelt sich hierbei um einen &#8222;Multiplikatorenaustausch Deutschland-T\u00fcrkei&#8220;, der f\u00fcr euch interessant sein k\u00f6nnte. Ihr k\u00f6nnt euch noch bis zum 07. Juli daf\u00fcr bewerben.<\/p>\n<p>Mehr Infos auf der Homepage:<br \/>\nhttp:\/\/www.yfu.de\/spezialprogramme\/lehr-und-fachkraefteaustausch-tuerkei\/das-programm<\/p>\n<p>Wir w\u00fcnsche euch viel Erfolg bei der Bewerbung.<br \/>\nEuer \u00bbkulturweit\u00ab-Team<\/p>\n","protected":false},"excerpt":{"rendered":"<p>Liebe \u00bbkulturweit\u00ab-Alumni, heute m\u00f6chten wir euch auf eine Aussschreibung des YFU aufmerksam machen. Es handelt sich hierbei um einen &#8222;Multiplikatorenaustausch Deutschland-T\u00fcrkei&#8220;, der f\u00fcr euch interessant sein k\u00f6nnte. Ihr k\u00f6nnt euch noch bis zum 07. Juli daf\u00fcr bewerben. Mehr Infos auf der Homepage: http:\/\/www.yfu.de\/spezialprogramme\/lehr-und-fachkraefteaustausch-tuerkei\/das-programm Wir w\u00fcnsche euch viel Erfolg bei der Bewerbung. Euer \u00bbkulturweit\u00ab-Team<\/p>\n","protected":false},"author":13,"featured_media":5171,"comment_status":"open","ping_status":"open","sticky":false,"template":"","format":"standard","meta":{"footnotes":""},"categories":[21],"tags":[],"class_list":["post-5170","post","type-post","status-publish","format-standard","has-post-thumbnail","hentry","category-allgemein"],"amp_enabled":true,"_links":{"self":[{"href":"https:\/\/kulturweit.blog\/kulturweit\/wp-json\/wp\/v2\/posts\/5170"}],"collection":[{"href":"https:\/\/kulturweit.blog\/kulturweit\/wp-json\/wp\/v2\/posts"}],"about":[{"href":"https:\/\/kulturweit.blog\/kulturweit\/wp-json\/wp\/v2\/types\/post"}],"author":[{"embeddable":true,"href":"https:\/\/kulturweit.blog\/kulturweit\/wp-json\/wp\/v2\/users\/13"}],"replies":[{"embeddable":true,"href":"https:\/\/kulturweit.blog\/kulturweit\/wp-json\/wp\/v2\/comments?post=5170"}],"version-history":[{"count":0,"href":"https:\/\/kulturweit.blog\/kulturweit\/wp-json\/wp\/v2\/posts\/5170\/revisions"}],"wp:featuredmedia":[{"embeddable":true,"href":"https:\/\/kulturweit.blog\/kulturweit\/wp-json\/"}],"wp:attachment":[{"href":"https:\/\/kulturweit.blog\/kulturweit\/wp-json\/wp\/v2\/media?parent=5170"}],"wp:term":[{"taxonomy":"category","embeddable":true,"href":"https:\/\/kulturweit.blog\/kulturweit\/wp-json\/wp\/v2\/categories?post=5170"},{"taxonomy":"post_tag","embeddable":true,"href":"https:\/\/kulturweit.blog\/kulturweit\/wp-json\/wp\/v2\/tags?post=5170"}],"curies":[{"name":"wp","href":"https:\/\/api.w.org\/{rel}","templated":true}]}}