{"id":5168,"date":"2014-06-25T08:21:25","date_gmt":"2014-06-25T08:21:25","guid":{"rendered":"http:\/\/mazunga.de\/?p=5168"},"modified":"2014-06-25T08:21:25","modified_gmt":"2014-06-25T08:21:25","slug":"treffen-mit-internat-diplomaten-in-saarbruecken-am-02-juli","status":"publish","type":"post","link":"https:\/\/kulturweit.blog\/kulturweit\/2014\/06\/25\/treffen-mit-internat-diplomaten-in-saarbruecken-am-02-juli\/","title":{"rendered":"Treffen mit internat. Diplomaten in Saarbr\u00fccken am 02.Juli"},"content":{"rendered":"<p>Liebe Alumni im Raum Saarbr\u00fccken,<\/p>\n<p>das Ausw\u00e4rtige Amt l\u00e4dt Alumni im Raum Saarbr\u00fccken zu einem Treffen mit jungen internationalen Diplomaten am 02. Juli 2014 ein. Ihr k\u00f6nnt w\u00e4hrend eines organisierten Abendessens in Kontakt mit internationalen Diplomaten kommen und ihnen Einblicke von in Deutschland lebenden jungen Menschen geben. Sie freuen sich sicherlich, mit euch nach dem Abendessen auf ein Erfrischungsgetr\u00e4nk in eure Lieblingskneipe zu gehen oder von euch Saarbr\u00fccken gezeigt zu bekommen.<\/p>\n<p>Wenn ihr also am 02. Juli ab 19:30 Zeit und Interesse habt, dann schreibt bis morgen (Donnerstag) eine Mail an alumni@kulturweit.de und seid dabei.<\/p>\n<p>Wir freuen uns von euch zu h\u00f6ren.<\/p>\n<p>Euer \u00bbkulturweit\u00ab-Team<\/p>\n","protected":false},"excerpt":{"rendered":"<p>Liebe Alumni im Raum Saarbr\u00fccken, das Ausw\u00e4rtige Amt l\u00e4dt Alumni im Raum Saarbr\u00fccken zu einem Treffen mit jungen internationalen Diplomaten am 02. Juli 2014 ein. Ihr k\u00f6nnt w\u00e4hrend eines organisierten Abendessens in Kontakt mit internationalen Diplomaten kommen und ihnen Einblicke von in Deutschland lebenden jungen Menschen geben. Sie freuen sich sicherlich, mit euch nach dem &hellip; <a href=\"https:\/\/kulturweit.blog\/kulturweit\/2014\/06\/25\/treffen-mit-internat-diplomaten-in-saarbruecken-am-02-juli\/\" class=\"more-link\"><span class=\"screen-reader-text\">Treffen mit internat. Diplomaten in Saarbr\u00fccken am 02.Juli<\/span> weiterlesen<\/a><\/p>\n","protected":false},"author":13,"featured_media":5138,"comment_status":"open","ping_status":"open","sticky":false,"template":"","format":"standard","meta":{"footnotes":""},"categories":[21],"tags":[],"class_list":["post-5168","post","type-post","status-publish","format-standard","has-post-thumbnail","hentry","category-allgemein"],"amp_enabled":true,"_links":{"self":[{"href":"https:\/\/kulturweit.blog\/kulturweit\/wp-json\/wp\/v2\/posts\/5168"}],"collection":[{"href":"https:\/\/kulturweit.blog\/kulturweit\/wp-json\/wp\/v2\/posts"}],"about":[{"href":"https:\/\/kulturweit.blog\/kulturweit\/wp-json\/wp\/v2\/types\/post"}],"author":[{"embeddable":true,"href":"https:\/\/kulturweit.blog\/kulturweit\/wp-json\/wp\/v2\/users\/13"}],"replies":[{"embeddable":true,"href":"https:\/\/kulturweit.blog\/kulturweit\/wp-json\/wp\/v2\/comments?post=5168"}],"version-history":[{"count":0,"href":"https:\/\/kulturweit.blog\/kulturweit\/wp-json\/wp\/v2\/posts\/5168\/revisions"}],"wp:featuredmedia":[{"embeddable":true,"href":"https:\/\/kulturweit.blog\/kulturweit\/wp-json\/"}],"wp:attachment":[{"href":"https:\/\/kulturweit.blog\/kulturweit\/wp-json\/wp\/v2\/media?parent=5168"}],"wp:term":[{"taxonomy":"category","embeddable":true,"href":"https:\/\/kulturweit.blog\/kulturweit\/wp-json\/wp\/v2\/categories?post=5168"},{"taxonomy":"post_tag","embeddable":true,"href":"https:\/\/kulturweit.blog\/kulturweit\/wp-json\/wp\/v2\/tags?post=5168"}],"curies":[{"name":"wp","href":"https:\/\/api.w.org\/{rel}","templated":true}]}}