{"id":5137,"date":"2014-04-17T10:28:40","date_gmt":"2014-04-17T10:28:40","guid":{"rendered":"http:\/\/mazunga.de\/?p=5137"},"modified":"2014-04-17T10:28:40","modified_gmt":"2014-04-17T10:28:40","slug":"praktikamoeglichkeiten-beim-auswaertigen-amt","status":"publish","type":"post","link":"https:\/\/kulturweit.blog\/kulturweit\/2014\/04\/17\/praktikamoeglichkeiten-beim-auswaertigen-amt\/","title":{"rendered":"Praktikam\u00f6glichkeiten beim Ausw\u00e4rtigen Amt"},"content":{"rendered":"<p>Liebe \u00bbkulturweit\u00ab-Alumni,<br \/>\nheute m\u00f6chten wir euch auf Praktikam\u00f6glichkeiten beim Ausw\u00e4rtigen Amt aufmerksam machen. Auf folgender Seite erhaltet ihr einen \u00dcberblick:<\/p>\n<p>http:\/\/www.entwicklungsdienst.de\/news.html?&#038;tx_ttnews[tt_news]=1241&#038;cHash=ca30b90c898c9e672f3aabc553d3f2b0<\/p>\n<p>Wir w\u00fcnschen euch viel Erfolg bei den Bewerbungen.<\/p>\n<p>Euer \u00bbkulturweit\u00ab-Team<\/p>\n","protected":false},"excerpt":{"rendered":"<p>Liebe \u00bbkulturweit\u00ab-Alumni, heute m\u00f6chten wir euch auf Praktikam\u00f6glichkeiten beim Ausw\u00e4rtigen Amt aufmerksam machen. Auf folgender Seite erhaltet ihr einen \u00dcberblick: http:\/\/www.entwicklungsdienst.de\/news.html?&#038;tx_ttnews[tt_news]=1241&#038;cHash=ca30b90c898c9e672f3aabc553d3f2b0 Wir w\u00fcnschen euch viel Erfolg bei den Bewerbungen. Euer \u00bbkulturweit\u00ab-Team<\/p>\n","protected":false},"author":13,"featured_media":5138,"comment_status":"open","ping_status":"open","sticky":false,"template":"","format":"standard","meta":{"footnotes":""},"categories":[21],"tags":[],"class_list":["post-5137","post","type-post","status-publish","format-standard","has-post-thumbnail","hentry","category-allgemein"],"amp_enabled":true,"_links":{"self":[{"href":"https:\/\/kulturweit.blog\/kulturweit\/wp-json\/wp\/v2\/posts\/5137"}],"collection":[{"href":"https:\/\/kulturweit.blog\/kulturweit\/wp-json\/wp\/v2\/posts"}],"about":[{"href":"https:\/\/kulturweit.blog\/kulturweit\/wp-json\/wp\/v2\/types\/post"}],"author":[{"embeddable":true,"href":"https:\/\/kulturweit.blog\/kulturweit\/wp-json\/wp\/v2\/users\/13"}],"replies":[{"embeddable":true,"href":"https:\/\/kulturweit.blog\/kulturweit\/wp-json\/wp\/v2\/comments?post=5137"}],"version-history":[{"count":0,"href":"https:\/\/kulturweit.blog\/kulturweit\/wp-json\/wp\/v2\/posts\/5137\/revisions"}],"wp:featuredmedia":[{"embeddable":true,"href":"https:\/\/kulturweit.blog\/kulturweit\/wp-json\/"}],"wp:attachment":[{"href":"https:\/\/kulturweit.blog\/kulturweit\/wp-json\/wp\/v2\/media?parent=5137"}],"wp:term":[{"taxonomy":"category","embeddable":true,"href":"https:\/\/kulturweit.blog\/kulturweit\/wp-json\/wp\/v2\/categories?post=5137"},{"taxonomy":"post_tag","embeddable":true,"href":"https:\/\/kulturweit.blog\/kulturweit\/wp-json\/wp\/v2\/tags?post=5137"}],"curies":[{"name":"wp","href":"https:\/\/api.w.org\/{rel}","templated":true}]}}